{"id":3892,"date":"2009-09-01T18:11:28","date_gmt":"2009-09-01T21:11:28","guid":{"rendered":"http:\/\/www.revistacriterio.com.ar\/bloginst_new\/?p=3892"},"modified":"2009-09-01T18:11:28","modified_gmt":"2009-09-01T21:11:28","slug":"los-70-no-pueden-ser-nuestro-futuro","status":"publish","type":"post","link":"https:\/\/www.revistacriterio.com.ar\/bloginst_new\/?p=3892","title":{"rendered":"Los \u201970 no pueden ser nuestro futuro"},"content":{"rendered":"<p class=\"MsoNormal\" style=\"margin: 0cm 0cm 0pt; line-height: normal;\"><span style=\"font-size: 12pt; font-family: &quot;Times New Roman&quot;; mso-fareast-font-family: 'Times New Roman'; mso-fareast-language: ES-AR;\" lang=\"ES-AR\">Al escribir <em style=\"mso-bidi-font-style: normal;\">Operaci\u00f3n Traviata<\/em>, no me preocup\u00e9 tanto por los nombres de los autores del asesinato de Jos\u00e9 I. Rucci como por las ideas que los inspiraron: \u00bfc\u00f3mo pudo ser que un grupo de muchachos bien educados, de buenas familias, en su mayor\u00eda formados en el catolicismo y deslumbrados por la opci\u00f3n por los pobres y el compromiso social, que arriesgaban sus vidas por un mundo mejor, decidieron matar a una persona, peronista como ellos, en democracia y a dos d\u00edas del tercer triunfo electoral de Juan Per\u00f3n?<!--more-->\u00a0<a href=\"https:\/\/www.revistacriterio.com.ar\/bloginst_new\/wp-content\/uploads\/2009\/09\/rucci3.jpg\"><img loading=\"lazy\" decoding=\"async\" class=\"alignleft size-thumbnail wp-image-3893\" title=\"rucci3\" src=\"https:\/\/www.revistacriterio.com.ar\/bloginst_new\/wp-content\/uploads\/2009\/09\/rucci3-120x120.jpg\" alt=\"rucci3\" width=\"120\" height=\"120\" \/><\/a>Y m\u00e1s en general: \u00bfc\u00f3mo pudieron tantos j\u00f3venes no s\u00f3lo morir sino tambi\u00e9n matar por ideas pol\u00edticas? <\/span><\/p>\n<p class=\"MsoNormal\" style=\"margin: 0cm 0cm 0pt; line-height: normal;\"><span style=\"font-size: 12pt; font-family: &quot;Times New Roman&quot;; mso-fareast-font-family: 'Times New Roman'; mso-fareast-language: ES-AR;\" lang=\"ES-AR\">Dediqu\u00e9 todo un cap\u00edtulo a analizar qu\u00e9 ten\u00edan en la cabeza. No me bastaba con el giro al marxismo leninismo de muchos de ellos; en ese desprecio por la vida influy\u00f3 un cocktail violento formado por nuestro pasado de odio y nuestra vocaci\u00f3n por convertir en enemigos a compatriotas que s\u00f3lo piensan distinto; la acci\u00f3n directa del anarquismo; la dial\u00e9ctica amor-odio del Che Guevara, y los deslices de la Teolog\u00eda de la Liberaci\u00f3n o de algunos de sus exponentes, con esa pr\u00e9dica por el presunto poder redentor de la sangre derramada. <\/span><\/p>\n<p class=\"MsoNormal\" style=\"margin: 0cm 0cm 0pt; line-height: normal;\"><span style=\"font-size: 12pt; font-family: &quot;Times New Roman&quot;; mso-fareast-font-family: 'Times New Roman'; mso-fareast-language: ES-AR;\" lang=\"ES-AR\">Puse el acento no en el terrorismo de Estado de la \u00faltima dictadura militar, algo que no debe ser olvidado pero que ha sido objeto de valiosos trabajos, sino en un asesinato de Montoneros, que fue uno de los grandes errores pol\u00edticos de ese grupo guerrillero. Esto no los equipara a los demonios de uniforme pero los aleja de esa imagen angelical que los Kirchner y sus intelectuales org\u00e1nicos han querido construir, no tanto (me parece) para reivindicar a los j\u00f3venes muertos y desaparecidos, sino para provecho propio. La historia es met\u00e1fora del presente: los Kirchner se han propuesto como la reencarnaci\u00f3n de aquella voluntad virtuosa de los j\u00f3venes de los \u00b470. <\/span><\/p>\n<p class=\"MsoNormal\" style=\"margin: 0cm 0cm 0pt; line-height: normal;\"><span style=\"font-size: 12pt; font-family: &quot;Times New Roman&quot;; mso-fareast-font-family: 'Times New Roman'; mso-fareast-language: ES-AR;\" lang=\"ES-AR\">Todo gobierno necesita de un discurso pol\u00edtico, que le cuente a la gente c\u00f3mo se enhebran sus actos con el pasado y c\u00f3mo se proyectan en el futuro. El discurso de los Kirchner se arraiga claramente en los \u00b470 y nos promete que aquellos ideales de una Argentina mejor, con redistribuci\u00f3n del ingreso, por ejemplo, ser\u00e1n esta vez cumplidos. <\/span><\/p>\n<p class=\"MsoNormal\" style=\"margin: 0cm 0cm 0pt; line-height: normal;\"><span style=\"font-size: 12pt; font-family: &quot;Times New Roman&quot;; mso-fareast-font-family: 'Times New Roman'; mso-fareast-language: ES-AR;\" lang=\"ES-AR\">De all\u00ed la necesidad del oficialismo de reconstruir a los j\u00f3venes guerrilleros de los \u00b470. S\u00f3lo que esta imagen tiene puntos d\u00e9biles. Por un lado, es falsa. Pero, adem\u00e1s, deja fuera de la arena pol\u00edtica a un mont\u00f3n de argentinos, a todos los que no se ven ni son vistos como la continuidad de aquellos j\u00f3venes. Divide a los argentinos entre buenos y malos, y restringe la pol\u00edtica a los herederos de los j\u00f3venes radicalizados, es decir a los kirchneristas. El resto s\u00f3lo puede aspirar a purgar en silencio los pecados cometidos en un pasado que no se borra nunca. <\/span><\/p>\n<p class=\"MsoNormal\" style=\"margin: 0cm 0cm 0pt; line-height: normal;\"><span style=\"font-size: 12pt; font-family: &quot;Times New Roman&quot;; mso-fareast-font-family: 'Times New Roman'; mso-fareast-language: ES-AR;\" lang=\"ES-AR\">Sin embargo, como se est\u00e1 viendo ahora, el pasado, al menos ese pasado, no puede ser nuestro futuro. Adem\u00e1s, hay lugar para el optimismo. Luego de tantas muertes, entre todos hemos mejorado bastante: no hay ya violencia pol\u00edtica, no nos matamos ya por ideas pol\u00edticas. Y eso es algo para celebrar. <\/span><\/p>\n","protected":false},"excerpt":{"rendered":"<p>Al escribir Operaci\u00f3n Traviata, no me preocup\u00e9 tanto por los nombres de los autores del asesinato de Jos\u00e9 I. Rucci como por las ideas que&#8230;<\/p>\n","protected":false},"author":7,"featured_media":0,"comment_status":"open","ping_status":"open","sticky":false,"template":"","format":"standard","meta":{"_acf_changed":false,"_jetpack_newsletter_access":"","_jetpack_dont_email_post_to_subs":false,"_jetpack_newsletter_tier_id":0,"_jetpack_memberships_contains_paywalled_content":false,"_jetpack_memberships_contains_paid_content":false,"footnotes":""},"categories":[6,3],"tags":[13,36,14,31],"class_list":["post-3892","post","type-post","status-publish","format-standard","hentry","category-nota-tapa","category-politica-economia","tag-conflictos","tag-critica-historica","tag-iglesia","tag-libros"],"acf":[],"jetpack_featured_media_url":"","jetpack_sharing_enabled":true,"jetpack_shortlink":"https:\/\/wp.me\/p6FC4i-10M","_links":{"self":[{"href":"https:\/\/www.revistacriterio.com.ar\/bloginst_new\/index.php?rest_route=\/wp\/v2\/posts\/3892","targetHints":{"allow":["GET"]}}],"collection":[{"href":"https:\/\/www.revistacriterio.com.ar\/bloginst_new\/index.php?rest_route=\/wp\/v2\/posts"}],"about":[{"href":"https:\/\/www.revistacriterio.com.ar\/bloginst_new\/index.php?rest_route=\/wp\/v2\/types\/post"}],"author":[{"embeddable":true,"href":"https:\/\/www.revistacriterio.com.ar\/bloginst_new\/index.php?rest_route=\/wp\/v2\/users\/7"}],"replies":[{"embeddable":true,"href":"https:\/\/www.revistacriterio.com.ar\/bloginst_new\/index.php?rest_route=%2Fwp%2Fv2%2Fcomments&post=3892"}],"version-history":[{"count":0,"href":"https:\/\/www.revistacriterio.com.ar\/bloginst_new\/index.php?rest_route=\/wp\/v2\/posts\/3892\/revisions"}],"wp:attachment":[{"href":"https:\/\/www.revistacriterio.com.ar\/bloginst_new\/index.php?rest_route=%2Fwp%2Fv2%2Fmedia&parent=3892"}],"wp:term":[{"taxonomy":"category","embeddable":true,"href":"https:\/\/www.revistacriterio.com.ar\/bloginst_new\/index.php?rest_route=%2Fwp%2Fv2%2Fcategories&post=3892"},{"taxonomy":"post_tag","embeddable":true,"href":"https:\/\/www.revistacriterio.com.ar\/bloginst_new\/index.php?rest_route=%2Fwp%2Fv2%2Ftags&post=3892"}],"curies":[{"name":"wp","href":"https:\/\/api.w.org\/{rel}","templated":true}]}}