{"id":3916,"date":"2009-09-08T17:12:58","date_gmt":"2009-09-08T20:12:58","guid":{"rendered":"http:\/\/www.revistacriterio.com.ar\/bloginst_new\/?p=3916"},"modified":"2009-09-08T17:12:58","modified_gmt":"2009-09-08T20:12:58","slug":"el-amor-a-la-vida-y-al-hermano-es-el-amor-a-dios","status":"publish","type":"post","link":"https:\/\/www.revistacriterio.com.ar\/bloginst_new\/?p=3916","title":{"rendered":"El amor a la vida y al hermano es el amor a Dios"},"content":{"rendered":"<p class=\"MsoNormal\" style=\"margin: 0cm 0cm 0pt;\"><span style=\"font-size: small;\"><span style=\"font-family: Times New Roman;\"><span style=\"mso-ansi-language: ES-TRAD;\" lang=\"ES-TRAD\">El uso del preservativo no es ni ser\u00e1 \u201cla soluci\u00f3n\u201d contra el flagelo del Sida, como sostiene el papa Benedicto XVI. Pero tambi\u00e9n es cierto que el uso racional y correcto del preservativo ayuda enormemente a evitar muchos casos de contagio de HIV. Un debate que permanece abierto. <!--more-->A mediados de marzo pasado, el papa Benedicto XVI visit\u00f3 \u00c1frica. A bordo del avi\u00f3n que lo conduc\u00eda a Camer\u00fan hizo algunas declaraciones que encendieron una fuerte pol\u00e9mica: \u201cEl uso del preservativo no solucionar\u00e1 el problema del Sida (\u2026), por el contrario, su uso agrava m\u00e1s a\u00fan el problema\u201d.<em style=\"mso-bidi-font-style: normal;\"> <\/em>Luego agreg\u00f3: \u201c<\/span><span style=\"mso-bidi-font-family: Arial;\" lang=\"ES-AR\">La \u00fanica v\u00eda eficaz para luchar contra la epidemia es una renovaci\u00f3n espiritual y humana de la sexualidad\u201d, unida a un \u201ccomportamiento humano moral y correcto, destinada a \u2018sufrir con los sufrientes\u2019\u201d.<\/span><span style=\"mso-ansi-language: ES-TRAD;\" lang=\"ES-TRAD\"><\/span><\/span><\/span><\/p>\n<p class=\"MsoNormal\" style=\"margin: 0cm 0cm 0pt;\"><span style=\"mso-ansi-language: ES-TRAD;\" lang=\"ES-TRAD\"><span style=\"font-size: small;\"><span style=\"font-family: Times New Roman;\">No hay dudas de que el uso del preservativo no es ni ser\u00e1 \u201cla soluci\u00f3n\u201d contra el flagelo del Sida y sobre el particular estamos totalmente de acuerdo con Su Santidad. Pero es tan cierto \u2013y puede afirmarse categ\u00f3ricamente a partir de estudios cient\u00edficos seriamente realizados\u2013 como que el uso racional y correcto del preservativo ayuda enormemente a evitar muchos, much\u00edsimos casos de contagio con el HIV (virus de la inmunodeficiencia humana, causante del Sida).<\/span><\/span><\/span><\/p>\n<p class=\"MsoNormal\" style=\"margin: 0cm 0cm 0pt;\"><span style=\"mso-ansi-language: ES-TRAD;\" lang=\"ES-TRAD\"><span style=\"font-size: small;\"><span style=\"font-family: Times New Roman;\">Hacia 290 aC Aristarco de Samos, en Grecia, a partir de mediciones relativamente simples de la distancia entre la Tierra y el Sol y de la diferencia de tama\u00f1o entre ambos, propuso la teor\u00eda helioc\u00e9ntrica, que sosten\u00eda que la Tierra y los dem\u00e1s planetas giran alrededor del Sol, en contraposici\u00f3n con la teor\u00eda geoc\u00e9ntrica de Ptolomeo e Hiparco, difundida y aceptada en su \u00e9poca, seg\u00fan la cual el Sol, los planetas y las estrellas giraban alrededor de la Tierra. Podemos decir que entonces el movimiento de los astros era <em style=\"mso-bidi-font-style: normal;\">materia opinable<\/em>. <\/span><\/span><\/span><\/p>\n<p class=\"MsoNormal\" style=\"margin: 0cm 0cm 0pt;\"><span style=\"mso-ansi-language: ES-TRAD;\" lang=\"ES-TRAD\"><span style=\"font-size: small;\"><span style=\"font-family: Times New Roman;\">Mil a\u00f1os despu\u00e9s, ya en el siglo XVI, la teor\u00eda fue retomada y reformulada por Nicol\u00e1s Cop\u00e9rnico; y hacia 1610, Galileo Galilei, despu\u00e9s de haber construido un telescopio, pudo defender p\u00fablicamente la teor\u00eda helioc\u00e9ntrica copernicana respaldado por sus observaciones. El resto de la historia es por todos conocida y la absurda confrontaci\u00f3n entre ciencia y religi\u00f3n, tantas veces planteada a lo largo de la historia, abri\u00f3 una de sus heridas m\u00e1s cruentas, que todav\u00eda hoy no ha borrado por completo su amargo sabor.<\/span><\/span><\/span><\/p>\n<p class=\"MsoNormal\" style=\"margin: 0cm 0cm 0pt;\"><span style=\"mso-ansi-language: ES-TRAD;\" lang=\"ES-TRAD\"><span style=\"font-size: small;\"><span style=\"font-family: Times New Roman;\">Lo cierto es que aquello que era <em style=\"mso-bidi-font-style: normal;\">materia opinable<\/em>, desde el momento en que pudo demostrarse cient\u00edficamente cu\u00e1l de las teor\u00edas se ajustaba a la realidad, dej\u00f3 de serlo. Y hoy podremos discutir y polemizar acerca de si hay o no vida en otros planetas; y eventualmente, si esos seres se parecer\u00e1n o no a los humanos, pero a nadie con m\u00ednima formaci\u00f3n, criterio y sentido de la realidad se le ocurrir\u00eda traer a la palestra nuevamente la discusi\u00f3n entre el heliocentrismo y el geocentrismo. Sencillamente porque un hecho demostrado cient\u00edficamente de manera fehaciente no es m\u00e1s \u201copinable\u201d en s\u00ed mismo. Se podr\u00e1 argumentar a favor o en contra de c\u00f3mo utilizar o aprovechar cierto fen\u00f3meno, pero ya no si se trata de algo real o inexistente, pues su existencia u ocurrencia fue cient\u00edficamente probada.<\/span><\/span><\/span><\/p>\n<p class=\"MsoFootnoteText\" style=\"margin: 0cm 0cm 0pt;\"><span style=\"font-family: Times New Roman;\"><span style=\"font-size: 12pt; mso-ansi-language: ES-TRAD;\" lang=\"ES-TRAD\">Est\u00e1 demostrado desde hace un par de lustros, mediante estudios seriamente controlados y evaluados (<\/span><em style=\"mso-bidi-font-style: normal;\"><span style=\"font-size: 12pt; color: black; mso-ansi-language: ES; mso-bidi-font-weight: bold;\">Effectiveness of condoms in preventing HIV transmission<\/span><\/em><span style=\"font-size: 12pt; color: black; mso-ansi-language: ES; mso-bidi-font-weight: bold;\">, de Steven D. Pinkerton y Paul R. Abramson)<\/span><span style=\"font-size: 12pt; mso-ansi-language: ES-TRAD;\" lang=\"ES-TRAD\">, que el uso del preservativo tiene una efectividad que alcanza el 95 a 96% en cuanto a impedir la transmisi\u00f3n del HIV a trav\u00e9s de una relaci\u00f3n sexual. Esto es algo confirmado y fehacientemente demostrado con trabajos cient\u00edficos: dej\u00f3 entonces de ser una cuesti\u00f3n opinable.<\/span><\/span><\/p>\n<p class=\"MsoNormal\" style=\"margin: 0cm 0cm 0pt;\"><span style=\"mso-ansi-language: ES-TRAD;\" lang=\"ES-TRAD\"><span style=\"font-size: small;\"><span style=\"font-family: Times New Roman;\">Por supuesto, el tema no es sencillo de abordar. Si bien el porcentaje de efectividad es por cierto muy alto, no es total. Adem\u00e1s, esos valores fueron medidos y se alcanzaron verdaderamente pero no en cualquier caso ni circunstancia. Tienen que cumplirse varias premisas: el preservativo debe utilizarse correctamente y en el total de las relaciones sexuales que mantenga el mismo individuo; la protecci\u00f3n s\u00f3lo se restringe exclusiva y espec\u00edficamente a aquellas relaciones que se ajusten a esos requisitos. <\/span><\/span><\/span><\/p>\n<p class=\"MsoNormal\" style=\"margin: 0cm 0cm 0pt;\"><span style=\"mso-ansi-language: ES-TRAD;\" lang=\"ES-TRAD\"><span style=\"font-size: small;\"><span style=\"font-family: Times New Roman;\">No reconocer el efecto del uso del preservativo en la lucha contra el Sida, ser\u00eda como negar que el cintur\u00f3n de seguridad evita muchas muertes en accidentes automovil\u00edsticos. Sin embargo, resultar\u00eda necio decir que el uso del cintur\u00f3n de seguridad evita \u201ctodas las muertes\u201d en los accidentes y por lo tanto es \u201cla soluci\u00f3n\u201d para contrarrestar la imprudencia, el exceso de velocidad, el beber alcohol antes de conducir, etc\u00e9tera.<\/span><\/span><\/span><\/p>\n<p class=\"MsoNormal\" style=\"margin: 0cm 0cm 0pt;\"><span style=\"font-size: small;\"><span style=\"font-family: Times New Roman;\"><span style=\"mso-ansi-language: ES-TRAD;\" lang=\"ES-TRAD\">En la actualidad tambi\u00e9n est\u00e1 demostrado fehacientemente \u2013mediante estudios cient\u00edficos controlados y evaluados, como los de <\/span><span lang=\"ES-AR\">Kirby, 1997; y Schuster <em style=\"mso-bidi-font-style: normal;\">et al.<\/em>, 1998<\/span><span style=\"mso-ansi-language: ES-TRAD;\" lang=\"ES-TRAD\">\u2013 que la ense\u00f1anza y la difusi\u00f3n del uso de preservativos en j\u00f3venes y en adultos correctamente encaradas <em style=\"mso-bidi-font-style: normal;\">no favorecen<\/em> en absoluto la promiscuidad ni acortan la edad de la primera relaci\u00f3n sexual. Del mismo modo que promover el uso del cintur\u00f3n de seguridad no incentiva a conducir a altas velocidades ni despierta la tentaci\u00f3n de pasar sem\u00e1foros en rojo o cruzar barreras bajas transgrediendo las m\u00e1s elementales normas y leyes de tr\u00e1nsito.<\/span><\/span><\/span><\/p>\n<p class=\"MsoNormal\" style=\"margin: 0cm 0cm 0pt;\"><span style=\"font-size: small;\"><span style=\"font-family: Times New Roman;\"><span style=\"mso-ansi-language: ES-TRAD;\" lang=\"ES-TRAD\">En cuanto a que \u201c<\/span><span style=\"mso-bidi-font-family: Arial;\" lang=\"ES-AR\">la \u00fanica v\u00eda eficaz para luchar contra la epidemia es una renovaci\u00f3n espiritual y humana de la sexualidad\u201d, unida a un<em style=\"mso-bidi-font-style: normal;\"> <\/em>\u201ccomportamiento humano moral y correcto, destinada a \u201csufrir con los sufrientes\u201d, s\u00f3lo tendr\u00eda como extraordinaria objeci\u00f3n la inserci\u00f3n de la palabra \u201c\u00fanica\u201d.<\/span><span lang=\"ES-AR\"> A decir verdad, aparece en las traducciones al espa\u00f1ol pero la versi\u00f3n original en franc\u00e9s alterna frases entrecomilladas con otras de la redacci\u00f3n de diferentes publicaciones; el vocablo \u201c\u00fanica\u201d no estaba incluido. <\/span><\/span><\/span><\/p>\n<p class=\"MsoNormal\" style=\"margin: 0cm 0cm 0pt;\"><span style=\"font-size: small;\"><span style=\"font-family: Times New Roman;\"><span lang=\"ES-AR\">Es innegable que hace falta una profunda renovaci\u00f3n espiritual y humana de<\/span><span style=\"mso-bidi-font-family: Arial;\" lang=\"ES-AR\"> la sexualidad en todo nivel, comenzando por ni\u00f1os, preadolescentes y adolescentes. Es una tarea ardua, larga, nada sencilla. Una tarea que nos compete a muchos: padres y madres de familia, educadores, docentes, catequistas. Esta renovaci\u00f3n espiritual es asignatura pendiente y debemos abocarnos a ella. No es s\u00f3lo una decisi\u00f3n, ni una acci\u00f3n espec\u00edfica. Es una sumatoria de acciones encadenadas y entrelazadas cuya consecuci\u00f3n y puesta en marcha demandan, entre otras cosas, tiempo.<\/span><\/span><\/span><\/p>\n<p class=\"MsoNormal\" style=\"margin: 0cm 0cm 0pt;\"><span style=\"mso-bidi-font-family: Arial;\" lang=\"ES-AR\"><span style=\"font-size: small;\"><span style=\"font-family: Times New Roman;\">En fen\u00f3menos biol\u00f3gicos como las epidemias el tiempo debe ser aprovechado al m\u00e1ximo; por eso, a la hora de luchar contra flagelos como el Sida, hay cuestiones que no deben postergarse. Y en esos casos es imperioso sumar. Sumar en acciones y procedimientos, en formaci\u00f3n y capacitaci\u00f3n, en prevenci\u00f3n y, cuando ya no queda otra posibilidad, en tratamiento.<\/span><\/span><\/span><\/p>\n<p class=\"MsoNormal\" style=\"margin: 0cm 0cm 0pt;\"><span style=\"mso-bidi-font-family: Arial;\" lang=\"ES-AR\"><span style=\"font-size: small;\"><span style=\"font-family: Times New Roman;\">\u00bfPor qu\u00e9 entrar a jugar con la letra \u201co\u201d si podemos unir con una \u201cy\u201d? Traducido al tema que nos ocupa: \u00bfno ser\u00eda mejor que adem\u00e1s (\u201cy\u201d) de poner todas nuestras energ\u00edas en la formaci\u00f3n personal y espiritual, en trazar y delinear con el ejemplo el comportamiento humano moral y correcto, enlaz\u00e1ramos todo eso con la difusi\u00f3n de claras normas b\u00e1sicas de prevenci\u00f3n, por ejemplo, el uso del preservativo en las relaciones de riesgo?<\/span><\/span><\/span><\/p>\n<p class=\"MsoNormal\" style=\"margin: 0cm 0cm 0pt;\"><span style=\"mso-bidi-font-family: Arial;\" lang=\"ES-AR\"><span style=\"font-size: small;\"><span style=\"font-family: Times New Roman;\">La necesidad y la importancia de una renovaci\u00f3n espiritual y humana de la sexualidad es una tarea que demanda tiempo, mucho tiempo. Hay datos aterradores que aseguran que en \u00c1frica se producen diariamente unos 6 mil casos de contagio con el virus humano de la inmunodeficiencia adquirida (SIDA). Por eso, no se trata de una cosa \u201co\u201d de la otra: encarar seriamente la formaci\u00f3n y educaci\u00f3n en el amor de los ni\u00f1os y j\u00f3venes, alentando la castidad, la fidelidad, la importancia de mantener parejas estables, de no consumir drogas, del peligro de compartir jeringas, \u201co\u201d de ense\u00f1ar c\u00f3mo disminuir la probabilidad de contagio de una enfermedad mediante normas b\u00e1sicas como el uso correcto de preservativos, la utilizaci\u00f3n de material descartable y la importancia de no compartir agujas ni jeringas. Es preciso y hasta imperioso insistir en estas normas \u201cy\u201d (no, \u201cen lugar de\u201d), profundizar de todas las maneras posibles (catequesis familiar, en los colegios, en publicaciones y programas en los medios de comunicaci\u00f3n, incluyendo Internet) la difusi\u00f3n y la formaci\u00f3n tendientes a lograr una verdadera renovaci\u00f3n espiritual y humana de la sexualidad. Es imprescindible sumar herramientas, no alternativamente, sino a la vez. Frenar la difusi\u00f3n del HIV en la proporci\u00f3n que sea (en cifras que superan el 90%) es evitar el contagio de muchos hermanos. <\/span><\/span><\/span><\/p>\n<p class=\"MsoNormal\" style=\"margin: 0cm 0cm 0pt;\"><span style=\"mso-ansi-language: ES-TRAD;\" lang=\"ES-TRAD\"><span style=\"font-size: small;\"><span style=\"font-family: Times New Roman;\">Con todo el respeto y el amor de un hijo, debo decir que quien hoy es el Papa, al igual que quienes lo precedieron, es un ser humano y en lo que al <em style=\"mso-bidi-font-style: normal;\">magisterio ordinario<\/em> se refiere puede, como ya lo ha demostrado la historia no pocas veces, equivocarse, tener enfoques desacertados e inclusive cambiarlos cuando circunstancias nuevas as\u00ed lo requieren. El magisterio ordinario, que es serio, importante y vinculante, no es infalible. <\/span><\/span><\/span><\/p>\n<p class=\"MsoNormal\" style=\"margin: 0cm 0cm 0pt;\"><span style=\"font-size: small;\"><span style=\"font-family: Times New Roman;\"><span style=\"mso-bidi-font-family: Arial;\" lang=\"ES-AR\">Hoy puede <\/span><span style=\"mso-ansi-language: ES-TRAD;\" lang=\"ES-TRAD\">afirmarse con total seguridad: mediante el uso racional del preservativo se evita el contagio del Sida en much\u00edsimos casos. No todos, por supuesto, pero s\u00ed muchos. Sea cual fuere el n\u00famero real, no importa en t\u00e9rminos absolutos ni exactos porque permite salvaguardar gran n\u00famero de vidas, elev\u00e1ndolas \u201ca un nivel de humanidad del que nosotros, hombres de Iglesia, deber\u00edamos ser expertos anunciadores y maestros\u201d, como escribi\u00f3 <\/span><span lang=\"ES-AR\">monse\u00f1or <\/span><span style=\"mso-ansi-language: ES-TRAD;\" lang=\"ES-TRAD\">Rino Fisichella (ver <span style=\"font-variant: small-caps;\">Criterio <\/span>de abril). M\u00e1s a\u00fan, como componente adicional se evitan numerosos embarazos no deseados que terminar\u00edan irremediablemente en abortos provocados: otro dram\u00e1tico eslab\u00f3n, tambi\u00e9n ligado a la moral sexual, camino que nos falta transitar en gran parte a trav\u00e9s de la educaci\u00f3n para el amor.<\/span><\/span><\/span><\/p>\n<p class=\"MsoNormal\" style=\"margin: 0cm 0cm 0pt;\"><span style=\"mso-ansi-language: ES-TRAD;\" lang=\"ES-TRAD\"><span style=\"font-size: small;\"><span style=\"font-family: Times New Roman;\">Cuando se trata de salvaguardar vidas humanas, siempre que sumemos factores, el producto final ser\u00e1 positivo.<\/span><\/span><\/span><\/p>\n","protected":false},"excerpt":{"rendered":"<p>El uso del preservativo no es ni ser\u00e1 \u201cla soluci\u00f3n\u201d contra el flagelo del Sida, como sostiene el papa Benedicto XVI. Pero tambi\u00e9n es cierto&#8230;<\/p>\n","protected":false},"author":7,"featured_media":0,"comment_status":"open","ping_status":"open","sticky":false,"template":"","format":"standard","meta":{"_acf_changed":false,"_jetpack_newsletter_access":"","_jetpack_dont_email_post_to_subs":false,"_jetpack_newsletter_tier_id":0,"_jetpack_memberships_contains_paywalled_content":false,"_jetpack_memberships_contains_paid_content":false,"footnotes":""},"categories":[5],"tags":[29,16,13,14],"class_list":["post-3916","post","type-post","status-publish","format-standard","hentry","category-sociedad","tag-anticoncepcion","tag-ciencia","tag-conflictos","tag-iglesia"],"acf":[],"jetpack_featured_media_url":"","jetpack_sharing_enabled":true,"jetpack_shortlink":"https:\/\/wp.me\/p6FC4i-11a","_links":{"self":[{"href":"https:\/\/www.revistacriterio.com.ar\/bloginst_new\/index.php?rest_route=\/wp\/v2\/posts\/3916","targetHints":{"allow":["GET"]}}],"collection":[{"href":"https:\/\/www.revistacriterio.com.ar\/bloginst_new\/index.php?rest_route=\/wp\/v2\/posts"}],"about":[{"href":"https:\/\/www.revistacriterio.com.ar\/bloginst_new\/index.php?rest_route=\/wp\/v2\/types\/post"}],"author":[{"embeddable":true,"href":"https:\/\/www.revistacriterio.com.ar\/bloginst_new\/index.php?rest_route=\/wp\/v2\/users\/7"}],"replies":[{"embeddable":true,"href":"https:\/\/www.revistacriterio.com.ar\/bloginst_new\/index.php?rest_route=%2Fwp%2Fv2%2Fcomments&post=3916"}],"version-history":[{"count":0,"href":"https:\/\/www.revistacriterio.com.ar\/bloginst_new\/index.php?rest_route=\/wp\/v2\/posts\/3916\/revisions"}],"wp:attachment":[{"href":"https:\/\/www.revistacriterio.com.ar\/bloginst_new\/index.php?rest_route=%2Fwp%2Fv2%2Fmedia&parent=3916"}],"wp:term":[{"taxonomy":"category","embeddable":true,"href":"https:\/\/www.revistacriterio.com.ar\/bloginst_new\/index.php?rest_route=%2Fwp%2Fv2%2Fcategories&post=3916"},{"taxonomy":"post_tag","embeddable":true,"href":"https:\/\/www.revistacriterio.com.ar\/bloginst_new\/index.php?rest_route=%2Fwp%2Fv2%2Ftags&post=3916"}],"curies":[{"name":"wp","href":"https:\/\/api.w.org\/{rel}","templated":true}]}}