{"id":3921,"date":"2009-09-08T17:20:27","date_gmt":"2009-09-08T20:20:27","guid":{"rendered":"http:\/\/www.revistacriterio.com.ar\/bloginst_new\/?p=3921"},"modified":"2009-09-08T17:20:27","modified_gmt":"2009-09-08T20:20:27","slug":"mayo-la-sublevacion-de-la-paz","status":"publish","type":"post","link":"https:\/\/www.revistacriterio.com.ar\/bloginst_new\/?p=3921","title":{"rendered":"Mayo: La sublevaci\u00f3n de La Paz"},"content":{"rendered":"<p><span style=\"font-size: small; font-family: Times New Roman;\">En 1809 Fernando VII y Carlos IV son prisioneros de Napole\u00f3n, que ha entregado la corona de Espa\u00f1a a su hermano Jos\u00e9. En la pen\u00ednsula se lucha contra los invasores franceses y en Am\u00e9rica las ideas fermentan. <!--more-->El 25 de mayo de 1809 se subleva Chuquisaca y se depone al presidente de la Audiencia, Ram\u00f3n Garc\u00eda de Le\u00f3n y Pizarro, al que se acusa de defender los derechos de la infanta Carlota Joaquina (hermana de Fernando VII y reina regente de Portugal en R\u00edo de Janeiro) al gobierno de las posesiones americanas. El siguiente episodio ocurre en La Paz. El 16 de julio, aprovechando que en honor de la Virgen del Carmen se ha licenciado a buena parte de la guarnici\u00f3n, un grupo rebelde liderado por Pedro Domingo Murillo toma la ciudad con el apoyo del cuerpo de milicias. Ocupan el cuartel y arrestan a los oficiales. Convocan a cabildo abierto y exigen la renuncia del obispo Remigio de la Santa y Ortega y del gobernador intendente interino Tadeo D\u00e1vila, al que arrestan por oponer resistencia. Sigue la deposici\u00f3n de los alcaldes ordinarios y de los subdelegados de los partidos. El cabildo dispone que Murillo asuma el mando militar de la provincia y crea un cuerpo de car\u00e1cter consultivo: la Junta Tuitiva de los Derechos del Pueblo. Pero entre septiembre y noviembre la rebeli\u00f3n es duramente reprimida por parte de tropas provenientes del virreinato del Per\u00fa, de distintos puntos del Alto Per\u00fa y de un contingente que el virrey Cisneros env\u00eda desde Buenos Aires (uno de los oficiales que lo dirige es Cornelio Saavedra). Tras dominar la insurrecci\u00f3n, el brigadier Jos\u00e9 Manuel Goyeneche, representante plenipotenciario de la Junta Central de Sevilla, ordena juzgar a los revolucionarios. Cisneros pide que se castigue a los responsables con \u201c<span style=\"mso-bidi-font-style: italic;\">todo el rigor de la ley<\/span>\u00ab. Algunos l\u00edderes del movimiento son ahorcados o degollados y sus cabezas colocadas en picas en plaza. Otros son desterrados a las Malvinas o a las Filipinas.<\/span><\/p>\n<p><span style=\"font-size: small; font-family: Times New Roman;\">Las \u201cMemorias hist\u00f3ricas de la revoluci\u00f3n pol\u00edtica del d\u00eda 16 de julio de 1809 en la ciudad de La Paz por la independencia de Am\u00e9rica; y de los sucesos posteriores hasta el 29 de febrero de 1810\u201d las debemos a la pluma de un enemigo an\u00f3nimo de los insurrectos. Reproducimos aqu\u00ed algunos p\u00e1rrafos, que nos dan una idea del clima convulsionado de ese a\u00f1o 1809, dominado por la incertidumbre.<\/span><\/p>\n<p><span style=\"font-size: small; font-family: Times New Roman;\">\u00a0<\/span><\/p>\n<p><span style=\"font-size: small; font-family: Times New Roman;\">*****<\/span><\/p>\n<p><span style=\"font-size: small; font-family: Times New Roman;\">D\u00eda 25 [de julio de 1809]. Desde que aclar\u00f3 el d\u00eda hasta las 11, no se puede transitar por la plaza, entre tambores y soldados adiestr\u00e1ndose con el mayor empe\u00f1o en el manejo de las armas, si el Todopoderoso no amenaza por alguna parte con alg\u00fan aguacero para apagar estas llamas, se incendiar\u00e1 toda la provincia. <\/span><\/p>\n<p><span style=\"font-size: small; font-family: Times New Roman;\">[\u2026]<\/span><\/p>\n<p class=\"MsoNormal\" style=\"margin: 0cm 0cm 0pt;\"><span style=\"font-size: small; font-family: Times New Roman;\">D\u00eda 26. [\u2026] Todos los d\u00edas hay Cabildo por la ma\u00f1ana y tarde, y muchas veces aun de noche, en el que hay grandes debates, pues las solicitudes de la Junta Tuitiva, en donde se fraguaban todas las infamias, dan a la Junta de gobierno mucho que hacer. Se ha determinado mandar a todos los partidos, adem\u00e1s de los subdelegados nuevos, otros comisionados para persuadir a los indios y dem\u00e1s, a que hagan causa com\u00fan para sostener este alzamiento [\u2026].<\/span><\/p>\n<p class=\"MsoNormal\" style=\"margin: 0cm 0cm 0pt;\"><span style=\"font-size: small; font-family: Times New Roman;\">Desde la noche del 16 de julio en que se sac\u00f3 a la plaza el real busto, ha permanecido bajo el dosel arrimado a uno de los pilares del Cabildo noche y d\u00eda sin quitarlo. La guardia que le ponen es la m\u00e1s despreciable, pues parece escogida de entre los m\u00e1s rotos de la chusma. De intento ha ido varias veces el observador [el autor de este diario], y nunca ha encontrado en aquella guardia ning\u00fan soldado uniformado.<\/span><\/p>\n<p class=\"MsoNormal\" style=\"margin: 0cm 0cm 0pt;\"><span style=\"font-size: small; font-family: Times New Roman;\">D\u00eda 27. Contin\u00faan tarde y ma\u00f1ana los ejercicios del manejo de armas, y tratan ya de uniformar las tropas: \u00e9stas estar\u00edan ya, seg\u00fan su contracci\u00f3n, muy diestras; pero tenemos la felicidad que no hay aqu\u00ed un militar de profesi\u00f3n que las pueda ense\u00f1ar.<\/span><\/p>\n<p class=\"MsoNormal\" style=\"margin: 0cm 0cm 0pt;\"><span style=\"font-size: small; font-family: Times New Roman;\">Aun no ha salido a luz el nuevo plan de gobierno que ofrecieron el d\u00eda 20; pero s\u00ed anda con libertad la siguiente proclama, que no deja duda de las ideas de estos rebeldes, por m\u00e1s que las disfracen con aquella incesante voz de viva Fernando VII.<\/span><\/p>\n<p class=\"MsoNormal\" style=\"margin: 0cm 0cm 0pt;\"><span style=\"font-size: small; font-family: Times New Roman;\">\u00a0<\/span><\/p>\n<p class=\"MsoNormal\" style=\"margin: 0cm 0cm 0pt;\"><span style=\"font-size: small; font-family: Times New Roman;\">Proclama<\/span><\/p>\n<p class=\"MsoNormal\" style=\"margin: 0cm 0cm 0pt;\"><span style=\"font-size: small; font-family: Times New Roman;\">\u00a0<\/span><\/p>\n<p class=\"MsoNormal\" style=\"margin: 0cm 0cm 0pt;\"><span style=\"font-size: small; font-family: Times New Roman;\">Hasta aqu\u00ed hemos tolerado una especie de destierro en el seno mismo de nuestra patria: hemos visto con indiferencia por m\u00e1s de tres siglos, sometida nuestra primitiva libertad, al despotismo y tiran\u00eda de un usurpador injusto, que degrad\u00e1ndonos de la especie humana, nos ha reputado por salvajes y mirado como esclavos: hemos guardado un silencio bastante parecido a la estupidez que se nos atribuye por el inculto espa\u00f1ol, sufriendo con tranquilidad que el m\u00e9rito de los americanos haya sido siempre un presagio cierto de su humillaci\u00f3n y ruina. Ya es tiempo, pues, de sacudir yugo tan funesto a nuestra felicidad, como favorable al orgullo nacional del espa\u00f1ol. Ya es tiempo de organizar un sistema nuevo de gobierno, fundado en los intereses de nuestra patria, altamente deprimida por la bastarda pol\u00edtica de Madrid. Ya es tiempo, en fin, de levantar el estandarte de la libertad en estas desgraciadas colonias, adquiridas sin el menor t\u00edtulo, y conservadas con la mayor injusticia y tiran\u00eda.<\/span><\/p>\n<p class=\"MsoNormal\" style=\"margin: 0cm 0cm 0pt;\"><span style=\"font-size: small; font-family: Times New Roman;\">Valerosos habitantes de La Paz y de todo el imperio del Per\u00fa, revelad vuestros proyectos para la ejecuci\u00f3n, aprovechaos de las circunstancias en que estamos, no mir\u00e9is con desd\u00e9n la felicidad de nuestro suelo, ni perd\u00e1is jam\u00e1s de vista la uni\u00f3n que debe reinar en todos, para ser en adelante tan felices como desgraciados hasta el presente.<\/span><\/p>\n<p class=\"MsoNormal\" style=\"margin: 0cm 0cm 0pt;\"><span style=\"font-size: small; font-family: Times New Roman;\">El observador ha procurado con sagacidad averiguar el autor, pero no lo ha podido conseguir.<\/span><\/p>\n<p class=\"MsoNormal\" style=\"margin: 0cm 0cm 0pt;\"><span style=\"font-size: small; font-family: Times New Roman;\">[\u2026]<\/span><\/p>\n<p class=\"MsoNormal\" style=\"margin: 0cm 0cm 0pt;\"><span style=\"font-size: small; font-family: Times New Roman;\">D\u00eda 31. No se ha notado cosa nueva en estos d\u00edas: hoy con la llegada del correo de Buenos Aires, han echado la voz que en aquella ciudad hab\u00eda desembarcado mucha gente inglesa, y que en el r\u00edo de la Plata se avistaba una expedici\u00f3n francesa. Tambi\u00e9n divulgaron que en Buenos Aires hab\u00edan hecho un convite, al que s\u00f3lo concurrieron americanos e ingleses: que en \u00e9l se hab\u00eda brindado por la uni\u00f3n de ambas naciones: que la Espa\u00f1a estaba dominada por los franceses, y que la Junta Central se hab\u00eda pasado a C\u00e1diz. Esto todo es inventiva de los tuitivos para alucinar a estas gentes.<\/span><\/p>\n<p class=\"MsoNormal\" style=\"margin: 0cm 0cm 0pt;\"><span style=\"font-size: small; font-family: Times New Roman;\">\u00a0<\/span><\/p>\n<p class=\"MsoNormal\" style=\"margin: 0cm 0cm 0pt;\"><span style=\"font-size: small; font-family: Times New Roman;\">\u00a0<\/span><\/p>\n<p class=\"MsoNormal\" style=\"margin: 0cm 0cm 0pt;\"><span style=\"font-size: small; font-family: Times New Roman;\">Selecci\u00f3n de Roberto Di Stefano.<\/span><\/p>\n","protected":false},"excerpt":{"rendered":"<p>En 1809 Fernando VII y Carlos IV son prisioneros de Napole\u00f3n, que ha entregado la corona de Espa\u00f1a a su hermano Jos\u00e9. En la pen\u00ednsula&#8230;<\/p>\n","protected":false},"author":7,"featured_media":0,"comment_status":"open","ping_status":"open","sticky":false,"template":"","format":"standard","meta":{"_acf_changed":false,"_jetpack_newsletter_access":"","_jetpack_dont_email_post_to_subs":false,"_jetpack_newsletter_tier_id":0,"_jetpack_memberships_contains_paywalled_content":false,"_jetpack_memberships_contains_paid_content":false,"footnotes":""},"categories":[4],"tags":[22,25,26,15],"class_list":["post-3921","post","type-post","status-publish","format-standard","hentry","category-cultura","tag-bicentenario","tag-colonia","tag-independencia","tag-sublevaciones"],"acf":[],"jetpack_featured_media_url":"","jetpack_sharing_enabled":true,"jetpack_shortlink":"https:\/\/wp.me\/p6FC4i-11f","_links":{"self":[{"href":"https:\/\/www.revistacriterio.com.ar\/bloginst_new\/index.php?rest_route=\/wp\/v2\/posts\/3921","targetHints":{"allow":["GET"]}}],"collection":[{"href":"https:\/\/www.revistacriterio.com.ar\/bloginst_new\/index.php?rest_route=\/wp\/v2\/posts"}],"about":[{"href":"https:\/\/www.revistacriterio.com.ar\/bloginst_new\/index.php?rest_route=\/wp\/v2\/types\/post"}],"author":[{"embeddable":true,"href":"https:\/\/www.revistacriterio.com.ar\/bloginst_new\/index.php?rest_route=\/wp\/v2\/users\/7"}],"replies":[{"embeddable":true,"href":"https:\/\/www.revistacriterio.com.ar\/bloginst_new\/index.php?rest_route=%2Fwp%2Fv2%2Fcomments&post=3921"}],"version-history":[{"count":0,"href":"https:\/\/www.revistacriterio.com.ar\/bloginst_new\/index.php?rest_route=\/wp\/v2\/posts\/3921\/revisions"}],"wp:attachment":[{"href":"https:\/\/www.revistacriterio.com.ar\/bloginst_new\/index.php?rest_route=%2Fwp%2Fv2%2Fmedia&parent=3921"}],"wp:term":[{"taxonomy":"category","embeddable":true,"href":"https:\/\/www.revistacriterio.com.ar\/bloginst_new\/index.php?rest_route=%2Fwp%2Fv2%2Fcategories&post=3921"},{"taxonomy":"post_tag","embeddable":true,"href":"https:\/\/www.revistacriterio.com.ar\/bloginst_new\/index.php?rest_route=%2Fwp%2Fv2%2Ftags&post=3921"}],"curies":[{"name":"wp","href":"https:\/\/api.w.org\/{rel}","templated":true}]}}