{"id":3931,"date":"2009-09-08T17:32:08","date_gmt":"2009-09-08T20:32:08","guid":{"rendered":"http:\/\/www.revistacriterio.com.ar\/bloginst_new\/?p=3931"},"modified":"2009-09-08T17:32:08","modified_gmt":"2009-09-08T20:32:08","slug":"federico-peltzer-el-doloroso-oficio-de-escribir","status":"publish","type":"post","link":"https:\/\/www.revistacriterio.com.ar\/bloginst_new\/?p=3931","title":{"rendered":"Federico Peltzer: El doloroso oficio de escribir"},"content":{"rendered":"<p class=\"MsoNormal\" style=\"margin: 0cm 0cm 0pt;\"><span style=\"font-size: 14pt;\"><span style=\"font-family: Times New Roman;\"><a href=\"https:\/\/www.revistacriterio.com.ar\/bloginst_new\/wp-content\/uploads\/2009\/09\/peltzer.jpg\"><img loading=\"lazy\" decoding=\"async\" class=\"alignleft size-thumbnail wp-image-3932\" title=\"peltzer\" src=\"https:\/\/www.revistacriterio.com.ar\/bloginst_new\/wp-content\/uploads\/2009\/09\/peltzer-120x120.jpg\" alt=\"peltzer\" width=\"120\" height=\"120\" \/><\/a>Despedida a Federico Peltzer, poeta, ensayista y novelista que supo armonizar su vocaci\u00f3n por el derecho con su perfil de artista.<!--more--><\/span><\/span><\/p>\n<p class=\"MsoNormal\" style=\"margin: 0cm 0cm 0pt;\"><span style=\"font-size: 14pt; mso-ansi-language: ES-AR;\" lang=\"ES-AR\"><span style=\"font-family: Times New Roman;\">Federico Peltzer naci\u00f3 en Buenos Aires el 13 de abril de 1924 y muri\u00f3 el pasado 3 de agosto, a los 85 a\u00f1os. Abogado en 1948, fue profesor de Derecho Civil en la Universidad Cat\u00f3lica Argentina y de materias vinculadas a la literatura en las universidades de La Plata, Lomas de Zamora y del Salvador.<\/span><\/span><\/p>\n<p class=\"MsoNormal\" style=\"margin: 0cm 0cm 0pt;\"><span style=\"font-family: Times New Roman;\"><span style=\"font-size: 14pt; mso-ansi-language: ES-AR;\" lang=\"ES-AR\">Fue jurado en la Argentina y en el exterior, dict\u00f3 cursos en casi todas las universidades del pa\u00eds y en Espa\u00f1a, colabor\u00f3 con revistas y diarios y fue miembro de la Academia Argentina de Letras y<\/span><span style=\"font-size: 14pt;\" lang=\"ES-AR\"> <\/span><span style=\"font-size: 14pt;\">miembro correspondiente de la Real Academia Espa\u00f1ola. <\/span><span style=\"font-size: 14pt; mso-ansi-language: ES-AR;\" lang=\"ES-AR\">Recibi\u00f3 m\u00faltiples premios por su narrativa \u2013novelas y cuentos\u2013, poemas y ensayos, los tres g\u00e9neros a los que se dedic\u00f3.<\/span><\/span><\/p>\n<p class=\"MsoNormal\" style=\"margin: 0cm 0cm 0pt;\"><span style=\"font-size: 14pt; mso-ansi-language: ES-AR;\" lang=\"ES-AR\"><span style=\"font-family: Times New Roman;\">Escribi\u00f3 treinta libros entre 1955 y el 2004. Gladys Mar\u00edn, su mujer y lectora primordial, quien en los \u00faltimos a\u00f1os ordenaba cuentos y poemas para la publicaci\u00f3n (\u201cLo hace mucho mejor que yo\u201d, afirmaba \u00e9l) tiene en imprenta un poemario que quedara corregido e in\u00e9dito,<em style=\"mso-bidi-font-style: normal;\"> Mareas<\/em>.<\/span><\/span><\/p>\n<p class=\"MsoNormal\" style=\"margin: 0cm 0cm 0pt;\"><span style=\"font-family: Times New Roman;\"><span style=\"font-size: 14pt; mso-ansi-language: ES-AR;\" lang=\"ES-AR\">Peltzer trabajaba de escritor. Escrib\u00eda en su <em style=\"mso-bidi-font-style: normal;\">Remington <\/em>o en letra manuscrita e ilegible muchas horas por d\u00eda. Correg\u00eda incansablemente, al punto de reescribir varias veces una novela. Es el caso de <em style=\"mso-bidi-font-style: normal;\">Carrera de postas<\/em>, que dej\u00f3 in\u00e9dita<em style=\"mso-bidi-font-style: normal;\">. <\/em>Me pregunto si quedan escritores de este temple, si no muere un poco con \u00e9l el oficio de escribir, artesanal y sencillo, como \u00e9l lo viv\u00eda. Nada de grandilocuencias, puro trabajo, pura dedicaci\u00f3n. <\/span><span style=\"font-size: 14pt;\">Dijo: \u201cEl escritor ha de servir a su vocaci\u00f3n, este doloroso oficio de decir, como una necesidad, la palabra o el silencio de cada uno\u201d.<\/span><\/span><\/p>\n<p class=\"MsoBodyText2\" style=\"margin: 0cm 0cm 0pt; line-height: normal; text-align: left;\" align=\"left\"><span style=\"font-size: 14pt;\" lang=\"ES-MX\"><span style=\"font-family: Times New Roman;\">Su mesa de trabajo en el despacho de la Academia vivi\u00f3 atiborrada de libros pendientes. Su biblioteca, de aproximadamente 15 mil vol\u00famenes, dice elocuentemente su pasi\u00f3n y explica aquel asombro de nuestra adolescencia ante el Juez que sab\u00eda tanto de literatura. Recordaremos al profesor de las clases magistrales, preparadas hasta el detalle, \u00edntegramente escritas, repletas de citas de autores que no hab\u00edamos o\u00eddo nombrar siquiera, donde los rusos conviv\u00edan con los franceses, los ingleses, los espa\u00f1oles e italianos, y sobreabundaba el amor por el sueco desconocido, P\u00e4r Lagerkvist.<\/span><\/span><\/p>\n<p class=\"MsoBodyText\" style=\"margin: 0cm 0cm 0pt;\"><span style=\"font-size: 14pt;\" lang=\"ES-MX\"><span style=\"font-family: Times New Roman;\">Era paciente para ense\u00f1ar, pausado para exponer, c\u00e1lido y a la vez algo distante detr\u00e1s del humo de su pipa, siempre puntual, generoso con su tiempo, sol\u00edcito para las preguntas fuera de hora.<\/span><\/span><\/p>\n<p class=\"MsoNormal\" style=\"margin: 0cm 0cm 0pt;\"><span style=\"font-size: 14pt; mso-ansi-language: ES-AR;\" lang=\"ES-AR\"><span style=\"font-family: Times New Roman;\">Perteneci\u00f3 al grupo de escritores argentinos que tuvo el privilegio de conocer y tratar a los grandes maestros de nuestra literatura \u2013Borges y Mallea, por nombrar s\u00f3lo a dos\u2013 pero tambi\u00e9n padeci\u00f3 ese cono de sombra que produce ser contempor\u00e1neo de titanes.<\/span><\/span><\/p>\n<p class=\"MsoNormal\" style=\"margin: 0cm 0cm 0pt;\"><span style=\"font-size: 14pt; mso-ansi-language: ES-AR;\" lang=\"ES-AR\"><span style=\"font-family: Times New Roman;\">Su territorio es el de los grandes temas: la muerte, el amor, el misterio del coraz\u00f3n humano, la justicia. No claudic\u00f3 en las tem\u00e1ticas: este es su m\u00e9rito.<\/span><\/span><\/p>\n<p class=\"MsoNormal\" style=\"margin: 0cm 0cm 0pt;\"><span style=\"font-family: Times New Roman;\"><span style=\"font-size: 14pt; mso-ansi-language: ES-AR;\" lang=\"ES-AR\">De la estirpe de los que honran la palabra, estudi\u00f3 y ense\u00f1\u00f3, infatigable, sobre los cl\u00e1sicos: San Juan de la Cruz, Cervantes, Quevedo, Dante; y los contempor\u00e1neos, los de sus <\/span><span style=\"font-size: 14pt;\">libros oraculares: <\/span><span style=\"font-size: 14pt; mso-ansi-language: ES-AR;\" lang=\"ES-AR\">Unamuno, Mauriac, Lagerkvist, Greene, Kafka, Bernanos<\/span><span style=\"font-size: 14pt;\">, Kazantzakis, Dostoievsky, Gide, Durrell, Bassani, Salinas, Camus, Juarroz.<\/span><strong style=\"mso-bidi-font-weight: normal;\"><span style=\"font-size: 14pt; mso-ansi-language: ES-AR;\" lang=\"ES-AR\"><\/span><\/strong><\/span><\/p>\n<p class=\"MsoNormal\" style=\"margin: 0cm 0cm 0pt;\"><span style=\"font-family: Times New Roman;\"><span style=\"font-size: 14pt; mso-ansi-language: ES-AR;\" lang=\"ES-AR\">Sus estudios ense\u00f1an que comentar la obra de un escritor no puede tener m\u00e1s prop\u00f3sito que generar el deseo de leerlo. C<\/span><span style=\"font-size: 14pt;\">ultiva el arte de quedar por debajo y por detr\u00e1s de la palabra que analiza. Hay un admirable pudor en su palabra cr\u00edtica.<\/span><\/span><\/p>\n<div style=\"border-right: medium none; padding-right: 0cm; border-top: medium none; padding-left: 0cm; padding-bottom: 4pt; border-left: medium none; padding-top: 0cm; border-bottom: windowtext 1pt solid; mso-element: para-border-div; mso-border-bottom-alt: solid windowtext .75pt;\">\n<p class=\"MsoNormal\" style=\"margin: 0cm 0cm 0pt; mso-border-bottom-alt: solid windowtext .75pt; mso-padding-alt: 0cm 0cm 4.0pt 0cm; padding: 0cm;\"><span style=\"font-size: 14pt; mso-ansi-language: ES-AR;\" lang=\"ES-AR\"><span style=\"font-family: Times New Roman;\">Si un tema ocup\u00f3 sus p\u00e1ginas y sus desvelos fue el tema de Dios. Me animo a decir que pocos nombres en nuestra literatura han hecho, como \u00e9l, de Dios, su tema. Y si algo supo decir de \u00c9l, fue su silencio. <em style=\"mso-bidi-font-style: normal;\">El silencio <\/em>se titula su mejor libro de cuentos; tambi\u00e9n el cuento que relata la historia tr\u00e1gica de Abel y Ca\u00edn. De silencio est\u00e1n repletos los cuentos \u201cLas Arcas\u201d y \u201cEl Filisteo\u201d (<em style=\"mso-bidi-font-style: normal;\">Fronteras<\/em>).<\/span><\/span><\/p>\n<p class=\"MsoNormal\" style=\"margin: 0cm 0cm 0pt; mso-border-bottom-alt: solid windowtext .75pt; mso-padding-alt: 0cm 0cm 4.0pt 0cm; padding: 0cm;\"><span style=\"font-family: Times New Roman;\"><span style=\"font-size: 14pt; mso-ansi-language: ES-AR;\" lang=\"ES-AR\">Este hombre austero y entra\u00f1able, reservado para los sentimientos, vivi\u00f3 peleando con Dios y contra Dios. Con el Dios de las prohibiciones y supercher\u00edas: \u201cPara hacer a Dios hay que matar primero a mil dioses plurales heredados\u201d. <\/span><span style=\"font-size: 14pt;\">Y contra un silencio y una ausencia de Dios que no pod\u00eda aceptar ni olvidar. Creo que algunas veces \u00e9l mismo ignoraba qu\u00e9 batalla peleaba. Los reproches al Dios silencioso (\u201cInquisidor de m\u00ed, no me responde\u201d)<strong style=\"mso-bidi-font-weight: normal;\"> <\/strong>y los versos de amor se alternan ag\u00f3nicamente (\u201cYo no supe a Dios sino a su rayo \/ e imagin\u00e9 un infierno donde estaba \/ la gloria de su amor trazando soles \/ y su blandura cincelando p\u00e9talos\u201d).<\/span><\/span><\/p>\n<p class=\"MsoNormal\" style=\"margin: 0cm 0cm 0pt; mso-border-bottom-alt: solid windowtext .75pt; mso-padding-alt: 0cm 0cm 4.0pt 0cm; padding: 0cm;\"><span style=\"font-family: Times New Roman;\"><span style=\"font-size: 14pt; mso-ansi-language: ES-AR;\" lang=\"ES-AR\">L<\/span><span style=\"font-size: 14pt;\">o medular, a mi juicio, de su personalidad literaria, es su experiencia religiosa. En primer lugar, la sinceridad de sus dudas y sus rechazos, la libertad y franqueza con que se dice y dice lo que cree y lo que no puede creer. Muy pocas veces he le\u00eddo sobre las dudas con tanta hondura y coherencia y con el deseo de creer con tan desesperado af\u00e1n, vivir esta congoja y poder expresarla con tanta modestia y honestidad en primera persona. No he conocido a nadie que en este clima religioso atormentado pueda escribir versos como: \u201cTan silencioso T\u00fa, mi bienhablante, \/ tanto decir desde tu voz callada\u201d.<\/span><\/span><\/p>\n<\/div>\n<div style=\"border-right: medium none; padding-right: 0cm; border-top: medium none; padding-left: 0cm; padding-bottom: 14pt; border-left: medium none; padding-top: 0cm; border-bottom: windowtext 1pt solid; mso-element: para-border-div; mso-border-bottom-alt: solid windowtext .75pt;\">\n<p class=\"MsoNormal\" style=\"margin: 0cm 0cm 0pt; mso-border-bottom-alt: solid windowtext .75pt; mso-padding-alt: 0cm 0cm 14.0pt 0cm; padding: 0cm;\"><span style=\"font-size: 14pt;\"><span style=\"font-family: Times New Roman;\">En segundo lugar, su tribulaci\u00f3n tiene dos sagrarios: el del silencio de Dios y el de su ausencia. A veces son pregunta: \u201c\u00bfEs verdad que en la ausencia est\u00e1s conmigo?\u201d; otras, queja cargada de espanto: \u201cCon el amor pregunto y no hay respuesta. \/ La voz tanto call\u00f3 que est\u00e1 olvidada: \/ Es un recuerdo apenas y me muerde\u201d. Esta poes\u00eda, que de pronto toca lo m\u00edstico y recupera la marca de San Juan de la Cruz \u2013a quien Peltzer ense\u00f1aba con intuici\u00f3n incomparable\u2013 pasa a aullar lo incomprensible: \u201cMaldecir a Dios es una forma de reconocerlo, de seguir encadenado a \u00c9l, como dec\u00eda la Sibila\u201d; o estalla en deseo de amor: \u201c\u00a1Ay, poderte querer, cu\u00e1nto quisiera! [&#8230;] A la fuente se llega de rodillas\u201d.<\/span><\/span><\/p>\n<p class=\"MsoNormal\" style=\"margin: 0cm 0cm 0pt; mso-border-bottom-alt: solid windowtext .75pt; mso-padding-alt: 0cm 0cm 14.0pt 0cm; padding: 0cm;\"><span style=\"font-size: 14pt; mso-ansi-language: ES-AR;\" lang=\"ES-AR\"><span style=\"font-family: Times New Roman;\">Este homenaje desea rezar con sus versos: \u201cPara acercarse a Dios hay que afinarse,\/ tajar la copa, ser apenas flecha,\/ rozar el aire hasta que asome el rostro\/ y mecerse no m\u00e1s, eternamente\u201d.<\/span><\/span><\/p>\n<p><span style=\"font-size: 14pt; mso-ansi-language: ES-AR;\" lang=\"ES-AR\"><\/span><\/div>\n<p class=\"MsoNormal\" style=\"margin: 0cm 0cm 0pt 90pt;\"><span style=\"font-size: 14pt; mso-ansi-language: ES-AR;\" lang=\"ES-AR\"><\/span><\/p>\n<p class=\"MsoNormal\" style=\"margin: 0cm 0cm 0pt 90pt;\"><span style=\"font-size: 14pt; mso-ansi-language: ES-AR;\" lang=\"ES-AR\"><span style=\"font-family: Times New Roman;\">XXII<\/span><\/span><\/p>\n<p class=\"MsoNormal\" style=\"margin: 0cm 0cm 0pt 90pt;\"><span style=\"font-size: 14pt; mso-ansi-language: ES-AR;\" lang=\"ES-AR\"><span style=\"font-family: Times New Roman;\">\u00a0<\/span><\/span><\/p>\n<p class=\"MsoNormal\" style=\"margin: 0cm 0cm 0pt;\"><span style=\"font-size: 14pt; mso-ansi-language: ES-AR;\" lang=\"ES-AR\"><span style=\"font-family: Times New Roman;\">\u00a0<\/span><\/span><\/p>\n<p class=\"MsoNormal\" style=\"margin: 0cm 0cm 0pt;\"><span style=\"font-size: 14pt; mso-ansi-language: ES-AR;\" lang=\"ES-AR\"><span style=\"font-family: Times New Roman;\">Como el desnudo Ad\u00e1n de la Sixtina,<\/span><\/span><\/p>\n<p class=\"MsoNormal\" style=\"margin: 0cm 0cm 0pt;\"><span style=\"font-size: 14pt; mso-ansi-language: ES-AR;\" lang=\"ES-AR\"><span style=\"font-family: Times New Roman;\">me siento ya flotante y desprendido;<\/span><\/span><\/p>\n<p class=\"MsoNormal\" style=\"margin: 0cm 0cm 0pt;\"><span style=\"font-size: 14pt; mso-ansi-language: ES-AR;\" lang=\"ES-AR\"><span style=\"font-family: Times New Roman;\">miro en antiguas nubes confundido<\/span><\/span><\/p>\n<p class=\"MsoNormal\" style=\"margin: 0cm 0cm 0pt;\"><span style=\"font-size: 14pt; mso-ansi-language: ES-AR;\" lang=\"ES-AR\"><span style=\"font-family: Times New Roman;\">al hombre que ayer fue, mientras declina<\/span><\/span><\/p>\n<p class=\"MsoNormal\" style=\"margin: 0cm 0cm 0pt;\"><span style=\"font-size: 14pt; mso-ansi-language: ES-AR;\" lang=\"ES-AR\"><span style=\"font-family: Times New Roman;\">\u00a0<\/span><\/span><\/p>\n<p class=\"MsoNormal\" style=\"margin: 0cm 0cm 0pt;\"><span style=\"font-size: 14pt; mso-ansi-language: ES-AR;\" lang=\"ES-AR\"><span style=\"font-family: Times New Roman;\">el sol, por sombra oblicua ensombrecido.<\/span><\/span><\/p>\n<p class=\"MsoNormal\" style=\"margin: 0cm 0cm 0pt;\"><span style=\"font-size: 14pt; mso-ansi-language: ES-AR;\" lang=\"ES-AR\"><span style=\"font-family: Times New Roman;\">La tarde cae. En el ocaso erguida<\/span><\/span><\/p>\n<p class=\"MsoNormal\" style=\"margin: 0cm 0cm 0pt;\"><span style=\"font-size: 14pt; mso-ansi-language: ES-AR;\" lang=\"ES-AR\"><span style=\"font-family: Times New Roman;\">se apaga la otra luz que llam\u00e9 vida,<\/span><\/span><\/p>\n<p class=\"MsoNormal\" style=\"margin: 0cm 0cm 0pt;\"><span style=\"font-size: 14pt; mso-ansi-language: ES-AR;\" lang=\"ES-AR\"><span style=\"font-family: Times New Roman;\">el fuego que se amansa en el olvido.<\/span><\/span><\/p>\n<p class=\"MsoNormal\" style=\"margin: 0cm 0cm 0pt;\"><span style=\"font-size: 14pt; mso-ansi-language: ES-AR;\" lang=\"ES-AR\"><span style=\"font-family: Times New Roman;\">\u00a0<\/span><\/span><\/p>\n<p class=\"MsoNormal\" style=\"margin: 0cm 0cm 0pt;\"><span style=\"font-size: 14pt; mso-ansi-language: ES-AR;\" lang=\"ES-AR\"><span style=\"font-family: Times New Roman;\">Como el Ad\u00e1n desnudo miro el rayo<\/span><\/span><\/p>\n<p class=\"MsoNormal\" style=\"margin: 0cm 0cm 0pt;\"><span style=\"font-size: 14pt; mso-ansi-language: ES-AR;\" lang=\"ES-AR\"><span style=\"font-family: Times New Roman;\">de aquel Rostro de luz que en mi desmayo<\/span><\/span><\/p>\n<p class=\"MsoNormal\" style=\"margin: 0cm 0cm 0pt;\"><span style=\"font-size: 14pt; mso-ansi-language: ES-AR;\" lang=\"ES-AR\"><span style=\"font-family: Times New Roman;\">imagino llegar, aunque no viene.<\/span><\/span><\/p>\n<p class=\"MsoNormal\" style=\"margin: 0cm 0cm 0pt;\"><span style=\"font-size: 14pt; mso-ansi-language: ES-AR;\" lang=\"ES-AR\"><span style=\"font-family: Times New Roman;\">\u00a0<\/span><\/span><\/p>\n<p class=\"MsoNormal\" style=\"margin: 0cm 0cm 0pt;\"><span style=\"font-size: 14pt; mso-ansi-language: ES-AR;\" lang=\"ES-AR\"><span style=\"font-family: Times New Roman;\">Y ya en la noche del temblor oscura,<\/span><\/span><\/p>\n<p class=\"MsoNormal\" style=\"margin: 0cm 0cm 0pt;\"><span style=\"font-size: 14pt; mso-ansi-language: ES-AR;\" lang=\"ES-AR\"><span style=\"font-family: Times New Roman;\">creo escuchar al \u00e1ngel que murmura: <\/span><\/span><\/p>\n<p class=\"MsoNormal\" style=\"margin: 0cm 0cm 0pt;\"><span style=\"font-size: 14pt; mso-ansi-language: ES-AR;\" lang=\"ES-AR\"><span style=\"font-family: Times New Roman;\">\u201cEl dedo que te suelta te sostiene\u201d<\/span><\/span><\/p>\n<p class=\"MsoNormal\" style=\"margin: 0cm 0cm 0pt;\"><span style=\"font-size: 14pt; mso-ansi-language: ES-AR;\" lang=\"ES-AR\"><span style=\"font-family: Times New Roman;\">\u00a0<\/span><\/span><\/p>\n<p class=\"MsoNormal\" style=\"margin: 0cm 0cm 0pt;\"><span style=\"font-size: 14pt; mso-ansi-language: ES-AR;\" lang=\"ES-AR\"><span style=\"font-family: Times New Roman;\">\u00a0<\/span><\/span><\/p>\n<p class=\"MsoNormal\" style=\"margin: 0cm 0cm 0pt;\"><span style=\"font-size: 14pt; mso-ansi-language: ES-AR;\" lang=\"ES-AR\"><span style=\"font-family: Times New Roman;\">\u00a0<\/span><\/span><\/p>\n<p class=\"MsoNormal\" style=\"margin: 0cm 0cm 0pt 72pt;\"><span style=\"font-size: 14pt; mso-ansi-language: ES-AR;\" lang=\"ES-AR\"><span style=\"font-family: Times New Roman;\">Federico Peltzer<\/span><\/span><\/p>\n<p class=\"MsoNormal\" style=\"margin: 0cm 0cm 0pt 72pt;\"><span style=\"font-size: 14pt; mso-ansi-language: ES-AR;\" lang=\"ES-AR\"><span style=\"font-family: Times New Roman;\">(de <em style=\"mso-bidi-font-style: normal;\">El silencio y la sed<\/em>)<\/span><\/span><\/p>\n","protected":false},"excerpt":{"rendered":"<p>Despedida a Federico Peltzer, poeta, ensayista y novelista que supo armonizar su vocaci\u00f3n por el derecho con su perfil de artista.<\/p>\n","protected":false},"author":7,"featured_media":0,"comment_status":"open","ping_status":"open","sticky":false,"template":"","format":"standard","meta":{"_acf_changed":false,"_jetpack_newsletter_access":"","_jetpack_dont_email_post_to_subs":false,"_jetpack_newsletter_tier_id":0,"_jetpack_memberships_contains_paywalled_content":false,"_jetpack_memberships_contains_paid_content":false,"footnotes":""},"categories":[4],"tags":[31],"class_list":["post-3931","post","type-post","status-publish","format-standard","hentry","category-cultura","tag-libros"],"acf":[],"jetpack_featured_media_url":"","jetpack_sharing_enabled":true,"jetpack_shortlink":"https:\/\/wp.me\/p6FC4i-11p","_links":{"self":[{"href":"https:\/\/www.revistacriterio.com.ar\/bloginst_new\/index.php?rest_route=\/wp\/v2\/posts\/3931","targetHints":{"allow":["GET"]}}],"collection":[{"href":"https:\/\/www.revistacriterio.com.ar\/bloginst_new\/index.php?rest_route=\/wp\/v2\/posts"}],"about":[{"href":"https:\/\/www.revistacriterio.com.ar\/bloginst_new\/index.php?rest_route=\/wp\/v2\/types\/post"}],"author":[{"embeddable":true,"href":"https:\/\/www.revistacriterio.com.ar\/bloginst_new\/index.php?rest_route=\/wp\/v2\/users\/7"}],"replies":[{"embeddable":true,"href":"https:\/\/www.revistacriterio.com.ar\/bloginst_new\/index.php?rest_route=%2Fwp%2Fv2%2Fcomments&post=3931"}],"version-history":[{"count":0,"href":"https:\/\/www.revistacriterio.com.ar\/bloginst_new\/index.php?rest_route=\/wp\/v2\/posts\/3931\/revisions"}],"wp:attachment":[{"href":"https:\/\/www.revistacriterio.com.ar\/bloginst_new\/index.php?rest_route=%2Fwp%2Fv2%2Fmedia&parent=3931"}],"wp:term":[{"taxonomy":"category","embeddable":true,"href":"https:\/\/www.revistacriterio.com.ar\/bloginst_new\/index.php?rest_route=%2Fwp%2Fv2%2Fcategories&post=3931"},{"taxonomy":"post_tag","embeddable":true,"href":"https:\/\/www.revistacriterio.com.ar\/bloginst_new\/index.php?rest_route=%2Fwp%2Fv2%2Ftags&post=3931"}],"curies":[{"name":"wp","href":"https:\/\/api.w.org\/{rel}","templated":true}]}}