{"id":3940,"date":"2009-09-08T17:42:07","date_gmt":"2009-09-08T20:42:07","guid":{"rendered":"http:\/\/www.revistacriterio.com.ar\/bloginst_new\/?p=3940"},"modified":"2009-09-08T17:42:07","modified_gmt":"2009-09-08T20:42:07","slug":"libro-barometro-de-la-deuda-social-argentina","status":"publish","type":"post","link":"https:\/\/www.revistacriterio.com.ar\/bloginst_new\/?p=3940","title":{"rendered":"Libro: Bar\u00f3metro de la Deuda Social Argentina"},"content":{"rendered":"<p class=\"MsoNormal\" style=\"margin: 0cm 0cm 0pt; line-height: normal;\"><span style=\"font-size: 12pt; font-family: &quot;Times New Roman&quot;; mso-ansi-language: ES-AR; mso-fareast-language: ES-AR;\" lang=\"ES-AR\">N\u00famero 5. A\u00f1o 2009. \u00cdndices de Desarrollo Humano y Social: 2004-2008<br \/>\n<\/span><\/p>\n<p class=\"MsoNormal\" style=\"margin: 0cm 0cm 0pt; line-height: normal;\"><span style=\"font-size: 12pt; font-family: &quot;Times New Roman&quot;;\" lang=\"EN-US\">El <em style=\"mso-bidi-font-style: normal;\">Bar\u00f3metro<\/em> se aleja de las formas tradicionales de conceptualizar y tambi\u00e9n de medir la pobreza y propone, en el marco m\u00e1s amplio del concepto de deuda social la idea de las privaciones o los impedimentos para desarrollar una \u201cvida plena, activa y digna en un contexto de libertad, igualdad de oportunidades y progreso social\u201d. <!--more-->En definitiva, las capacidades que a cualquier persona le posibilitan desarrollar al m\u00e1ximo su potencial en la sociedad en la que vive. Para abordar estas cuestiones se ha trabajado en lo conceptual y en lo f\u00e1ctico en dos ejes o espacios: el de las <em style=\"mso-bidi-font-style: normal;\">condiciones materiales de vida<\/em> y el de las <em style=\"mso-bidi-font-style: normal;\">condiciones de integraci\u00f3n social<\/em>. En el primero se incluyen tres \u00e1mbitos: h\u00e1bitat, salud y subsistencia, acceso a recursos p\u00fablicos y trabajo y autonom\u00eda econ\u00f3mica. En el segundo, se toman en cuenta las capacidades psicol\u00f3gicas, el tiempo libre y la vida social y la confianza pol\u00edtica.<\/span><\/p>\n<p class=\"MsoNormal\" style=\"margin: 0cm 0cm 0pt; line-height: normal;\"><span style=\"font-size: 12pt; font-family: &quot;Times New Roman&quot;;\" lang=\"EN-US\">El informe presentado ofrece un an\u00e1lisis comparativo de los datos y los \u00edndices construidos en el per\u00edodo que va del 2004 al 2008 y presenta un \u00edndice integrado de desarrollo humano y social al que compara con a\u00f1os anteriores. El valor m\u00e1ximo que se puede obtener en \u00e9ste es de 10 puntos, que significan que se alcanza el umbral m\u00ednimo de los par\u00e1metros establecidos de derechos, normas y valores morales definidos en este programa. A valores de 2008, la poblaci\u00f3n de grandes ciudades en la Argentina alcanza un valor de 6,2 en esa escala, lo que significa un estancamiento respecto a 2007 y \u201cuna inflexi\u00f3n en 2006 de la tendencia ascendente que comenz\u00f3 en 2004. No obstante el puntaje de 2008 (6,2) es mayor que el obtenido para 2004, que fue de 5,8 puntos\u201d.<\/span><\/p>\n<p class=\"MsoNormal\" style=\"margin: 0cm 0cm 0pt; line-height: normal;\"><span style=\"font-size: 12pt; font-family: &quot;Times New Roman&quot;;\" lang=\"EN-US\">En este momento poselectoral merece un comentario aparte el \u00edndice de confianza pol\u00edtica (uno de los que conforman el espacio de las condiciones de integraci\u00f3n social). Este \u00edndice se construye con los valores de los siguientes indicadores: valoraci\u00f3n del acto de votar como factor de cambio, confianza en los tres Poderes del gobierno y confianza en los partidos pol\u00edticos. Tomando el \u00edndice en su conjunto se observa una tendencia iniciada en 2007 de descenso de la confianza. Sin embargo, al analizar los indicadores de manera individual \u201cla credibilidad en los partidos pol\u00edticos se ha mantenido estable con una leve tendencia a la baja para el per\u00edodo 2004-2008, la valoraci\u00f3n del acto de votar como factor de cambio y la confianza en los tres Poderes de gobierno han hecho lo propio en el mismo per\u00edodo, aunque con una disminuci\u00f3n del d\u00e9ficit m\u00e1s marcada, sobre todo en el \u00faltimo indicador, donde esta disminuci\u00f3n fue de notable importancia\u201d.<\/span><\/p>\n<p class=\"MsoNormal\" style=\"margin: 0cm 0cm 0pt; line-height: normal;\"><span style=\"font-size: 12pt; font-family: &quot;Times New Roman&quot;;\" lang=\"EN-US\">Este programa se ha convertido en un referente para analizar la realidad social de la desigual distribuci\u00f3n de la riqueza en nuestro pa\u00eds, potenciado no s\u00f3lo por la situaci\u00f3n de deterioro y descreimiento acerca de la verdadera magnitud de \u201clos n\u00fameros sociales\u201d sino tambi\u00e9n por la metodolog\u00eda utilizada y, sobre todo, por la continuidad y permanencia demostradas. <\/span><\/p>\n","protected":false},"excerpt":{"rendered":"<p>N\u00famero 5. A\u00f1o 2009. \u00cdndices de Desarrollo Humano y Social: 2004-2008 El Bar\u00f3metro se aleja de las formas tradicionales de conceptualizar y tambi\u00e9n de medir&#8230;<\/p>\n","protected":false},"author":7,"featured_media":0,"comment_status":"open","ping_status":"open","sticky":false,"template":"","format":"standard","meta":{"_acf_changed":false,"_jetpack_newsletter_access":"","_jetpack_dont_email_post_to_subs":false,"_jetpack_newsletter_tier_id":0,"_jetpack_memberships_contains_paywalled_content":false,"_jetpack_memberships_contains_paid_content":false,"footnotes":""},"categories":[4],"tags":[31],"class_list":["post-3940","post","type-post","status-publish","format-standard","hentry","category-cultura","tag-libros"],"acf":[],"jetpack_featured_media_url":"","jetpack_sharing_enabled":true,"jetpack_shortlink":"https:\/\/wp.me\/p6FC4i-11y","_links":{"self":[{"href":"https:\/\/www.revistacriterio.com.ar\/bloginst_new\/index.php?rest_route=\/wp\/v2\/posts\/3940","targetHints":{"allow":["GET"]}}],"collection":[{"href":"https:\/\/www.revistacriterio.com.ar\/bloginst_new\/index.php?rest_route=\/wp\/v2\/posts"}],"about":[{"href":"https:\/\/www.revistacriterio.com.ar\/bloginst_new\/index.php?rest_route=\/wp\/v2\/types\/post"}],"author":[{"embeddable":true,"href":"https:\/\/www.revistacriterio.com.ar\/bloginst_new\/index.php?rest_route=\/wp\/v2\/users\/7"}],"replies":[{"embeddable":true,"href":"https:\/\/www.revistacriterio.com.ar\/bloginst_new\/index.php?rest_route=%2Fwp%2Fv2%2Fcomments&post=3940"}],"version-history":[{"count":0,"href":"https:\/\/www.revistacriterio.com.ar\/bloginst_new\/index.php?rest_route=\/wp\/v2\/posts\/3940\/revisions"}],"wp:attachment":[{"href":"https:\/\/www.revistacriterio.com.ar\/bloginst_new\/index.php?rest_route=%2Fwp%2Fv2%2Fmedia&parent=3940"}],"wp:term":[{"taxonomy":"category","embeddable":true,"href":"https:\/\/www.revistacriterio.com.ar\/bloginst_new\/index.php?rest_route=%2Fwp%2Fv2%2Fcategories&post=3940"},{"taxonomy":"post_tag","embeddable":true,"href":"https:\/\/www.revistacriterio.com.ar\/bloginst_new\/index.php?rest_route=%2Fwp%2Fv2%2Ftags&post=3940"}],"curies":[{"name":"wp","href":"https:\/\/api.w.org\/{rel}","templated":true}]}}