{"id":3942,"date":"2009-09-08T18:57:41","date_gmt":"2009-09-08T21:57:41","guid":{"rendered":"http:\/\/www.revistacriterio.com.ar\/bloginst_new\/?p=3942"},"modified":"2009-09-08T18:57:41","modified_gmt":"2009-09-08T21:57:41","slug":"libro-horacio-pando-amancio-williams-alfredo-casares-hablan-de-diseno","status":"publish","type":"post","link":"https:\/\/www.revistacriterio.com.ar\/bloginst_new\/?p=3942","title":{"rendered":"Libro: Horacio Pando, Amancio Williams, Alfredo Casares: Hablan de dise\u00f1o."},"content":{"rendered":"<p class=\"MsoNormal\" style=\"margin: 0cm 0cm 0pt; mso-outline-level: 1;\"><span style=\"font-size: small;\"><span style=\"font-family: Times New Roman;\"><span lang=\"FR\"><a href=\"https:\/\/www.revistacriterio.com.ar\/bloginst_new\/wp-content\/uploads\/2009\/09\/boggio.jpg\"><img loading=\"lazy\" decoding=\"async\" class=\"alignleft size-thumbnail wp-image-3944\" title=\"boggio\" src=\"https:\/\/www.revistacriterio.com.ar\/bloginst_new\/wp-content\/uploads\/2009\/09\/boggio-120x120.jpg\" alt=\"boggio\" width=\"120\" height=\"120\" \/><\/a>Juan Manuel<\/span><span style=\"mso-ansi-language: ES-AR;\" lang=\"FR\"> <\/span><span lang=\"FR\">Boggio<\/span><span style=\"mso-ansi-language: ES;\"> Videla<\/span> <span style=\"mso-ansi-language: ES-AR;\" lang=\"ES-AR\">(edici\u00f3n y coordinaci\u00f3n), Librer\u00eda Concentra, La Esquina del Arquitecto, Buenos Aires, 2008, 126 p\u00e1ginas. <\/span><\/span><\/span><\/p>\n<p class=\"MsoNormal\" style=\"margin: 0cm 0cm 0pt; mso-outline-level: 1;\"><span style=\"font-size: small;\"><span style=\"font-family: Times New Roman;\"><\/span><\/span><\/p>\n<p class=\"MsoNormal\" style=\"margin: 0cm 0cm 0pt;\"><span style=\"font-size: small;\"><span style=\"font-family: Times New Roman;\"><span style=\"mso-ansi-language: ES-AR;\" lang=\"ES-AR\">Tres personajes paradigm\u00e1ticos del quehacer arquitect\u00f3nico del siglo XX en nuestro pa\u00eds son los protagonistas de este libro que transcribe el Seminario de Dise\u00f1o dictado en 1979.<!--more-->\u00a0Se trata de Horacio Pando, investigador, profundo conocedor de la historia y la teor\u00eda de la arquitectura,<\/span><span style=\"mso-ansi-language: ES;\" lang=\"ES-AR\"> <\/span><span style=\"mso-ansi-language: ES;\">ex decano y profesor de la FAU &#8211; UBA,\u00a0dos veces presidente de la Sociedad Central de Arquitectos,<\/span><span style=\"mso-ansi-language: ES-AR;\" lang=\"ES-AR\"> y maestro; Amancio Williams, investigador, creador, innovador, m<\/span><span style=\"mso-ansi-language: ES;\">iembro de la Academia Nacional de Bellas Artes, doctor <em style=\"mso-bidi-font-style: normal;\">honoris causa<\/em> por la Universidad de Buenos Aires,<\/span><span style=\"mso-ansi-language: ES-AR;\" lang=\"ES-AR\"> y maestro; y Alfredo Casares, e<\/span><span style=\"mso-ansi-language: ES;\">x decano y profesor de la FAU-UBA, miembro de la Academia Nacional de Bellas Artes, de la que fue presidente, <\/span><span style=\"mso-ansi-language: ES-AR;\" lang=\"ES-AR\">genio y figura de <em style=\"mso-bidi-font-style: normal;\">maestro<\/em> m\u00e1s all\u00e1 de sus profundos conocimientos. Les toc\u00f3 actuar en el transcurso de la arquitectura moderna a la posmoderna. Y los tres, en distintos momentos, fueron mis maestros.<\/span><\/span><\/span><\/p>\n<p class=\"MsoNormal\" style=\"margin: 0cm 0cm 0pt;\"><span style=\"mso-ansi-language: ES-AR;\" lang=\"ES-AR\"><span style=\"font-size: small;\"><span style=\"font-family: Times New Roman;\">El texto presenta cuatro clases de Horacio Pando en las que plantea el \u201cser\u201d de la Arquitectura mediante tres \u201ccortes\u201d: los principios vitrubianos, el origen y la evoluci\u00f3n de este arte desde que el hombre habita el planeta, las cualidades b\u00e1sicas de cada per\u00edodo y, la m\u00e1s importante, la capacidad de conformar espacios para el desarrollo de la vida humana.<\/span><\/span><\/span><\/p>\n<p class=\"MsoNormal\" style=\"margin: 0cm 0cm 0pt;\"><span style=\"mso-ansi-language: ES-AR;\" lang=\"ES-AR\"><span style=\"font-size: small;\"><span style=\"font-family: Times New Roman;\">La intervenci\u00f3n de Amancio Williams refleja tanto su pensamiento como la nota constante de su vida: la inquietud investigativa y la creaci\u00f3n arquitect\u00f3nica no desde formas tradicionales sino hurgando en la g\u00e9nesis de las reflexiones que atravesaba con natural maestr\u00eda. Lamentablemente, por distintas razones, la mayor parte de sus obras qued\u00f3 en proyectos, que sin duda siguen vigentes y podr\u00edan ser realizables. Participar en su Taller a fines de los \u201870 y principios del \u201880, donde altern\u00e1bamos entre la Cruz en el R\u00edo de La Plata y una torre de viviendas en el terreno que ocupaba su casa de Virrey Loreto, dejaron una huella indeleble en mi modo de enfrentar la arquitectura.<\/span><\/span><\/span><\/p>\n<p class=\"MsoNormal\" style=\"margin: 0cm 0cm 0pt;\"><span style=\"mso-ansi-language: ES-AR;\" lang=\"ES-AR\"><span style=\"font-size: small;\"><span style=\"font-family: Times New Roman;\">La personalidad de Alfredo Casares tiene aristas dif\u00edciles de expresar. Su figura, la manera de hablar y de vestir, su elegante caligraf\u00eda, el modo de acercarse a los alumnos, de intervenir en su Estudio, de recibir en el Decanato, de saludar en un pasillo o por la calle y mucho m\u00e1s conforman una personalidad inefable. Pero nada de esto eclipsa su intervenci\u00f3n en el Seminario donde campean la profundidad de los valores b\u00e1sicos de la arquitectura, su ense\u00f1anza y el ejercicio de la profesi\u00f3n.<\/span><\/span><\/span><\/p>\n<p class=\"MsoNormal\" style=\"margin: 0cm 0cm 0pt;\"><span style=\"font-size: small;\"><span style=\"font-family: Times New Roman;\"><span style=\"mso-ansi-language: ES-AR;\" lang=\"ES-AR\">Juan Manuel Boggio Videla que fue <\/span><span style=\"mso-ansi-language: ES;\">jefe de Arquitectura, Gerente de Proyectos y Jefe del departamento de desarrollo de la Gerencia de Ingenier\u00eda en SADE-SADELMI, profesor en la FAU-UBA,<\/span><span style=\"mso-ansi-language: ES-AR;\"> <span lang=\"ES-AR\">aport\u00f3 la idea de la transcripci\u00f3n del Seminario adem\u00e1s de las excelentes ilustraciones y las notas que complementan y facilitan la comprensi\u00f3n de los textos. Cont\u00f3 para ello con el decidido apoyo de Vittorio Orsi y el de reconocidos especialistas.<\/span><\/span><\/span><\/span><\/p>\n<p class=\"MsoNormal\" style=\"margin: 0cm 0cm 0pt;\"><span style=\"mso-ansi-language: ES-AR;\" lang=\"ES-AR\"><span style=\"font-size: small;\"><span style=\"font-family: Times New Roman;\">En la presentaci\u00f3n del libro, Luis Grossman aconsej\u00f3: \u201cDebiera ser de lectura obligatoria para los actuales estudiantes\u201d de esta disciplina. Proviniendo de un eximio cr\u00edtico y escritor sobre arquitectura, la propuesta debe ser debidamente tomada en cuenta.<\/span><\/span><\/span><\/p>\n","protected":false},"excerpt":{"rendered":"<p>Juan Manuel Boggio Videla (edici\u00f3n y coordinaci\u00f3n), Librer\u00eda Concentra, La Esquina del Arquitecto, Buenos Aires, 2008, 126 p\u00e1ginas. Tres personajes paradigm\u00e1ticos del quehacer arquitect\u00f3nico del&#8230;<\/p>\n","protected":false},"author":7,"featured_media":0,"comment_status":"open","ping_status":"open","sticky":false,"template":"","format":"standard","meta":{"_acf_changed":false,"_jetpack_newsletter_access":"","_jetpack_dont_email_post_to_subs":false,"_jetpack_newsletter_tier_id":0,"_jetpack_memberships_contains_paywalled_content":false,"_jetpack_memberships_contains_paid_content":false,"footnotes":""},"categories":[4],"tags":[31],"class_list":["post-3942","post","type-post","status-publish","format-standard","hentry","category-cultura","tag-libros"],"acf":[],"jetpack_featured_media_url":"","jetpack_sharing_enabled":true,"jetpack_shortlink":"https:\/\/wp.me\/p6FC4i-11A","_links":{"self":[{"href":"https:\/\/www.revistacriterio.com.ar\/bloginst_new\/index.php?rest_route=\/wp\/v2\/posts\/3942","targetHints":{"allow":["GET"]}}],"collection":[{"href":"https:\/\/www.revistacriterio.com.ar\/bloginst_new\/index.php?rest_route=\/wp\/v2\/posts"}],"about":[{"href":"https:\/\/www.revistacriterio.com.ar\/bloginst_new\/index.php?rest_route=\/wp\/v2\/types\/post"}],"author":[{"embeddable":true,"href":"https:\/\/www.revistacriterio.com.ar\/bloginst_new\/index.php?rest_route=\/wp\/v2\/users\/7"}],"replies":[{"embeddable":true,"href":"https:\/\/www.revistacriterio.com.ar\/bloginst_new\/index.php?rest_route=%2Fwp%2Fv2%2Fcomments&post=3942"}],"version-history":[{"count":0,"href":"https:\/\/www.revistacriterio.com.ar\/bloginst_new\/index.php?rest_route=\/wp\/v2\/posts\/3942\/revisions"}],"wp:attachment":[{"href":"https:\/\/www.revistacriterio.com.ar\/bloginst_new\/index.php?rest_route=%2Fwp%2Fv2%2Fmedia&parent=3942"}],"wp:term":[{"taxonomy":"category","embeddable":true,"href":"https:\/\/www.revistacriterio.com.ar\/bloginst_new\/index.php?rest_route=%2Fwp%2Fv2%2Fcategories&post=3942"},{"taxonomy":"post_tag","embeddable":true,"href":"https:\/\/www.revistacriterio.com.ar\/bloginst_new\/index.php?rest_route=%2Fwp%2Fv2%2Ftags&post=3942"}],"curies":[{"name":"wp","href":"https:\/\/api.w.org\/{rel}","templated":true}]}}