{"id":4033,"date":"2009-10-06T17:00:09","date_gmt":"2009-10-06T20:00:09","guid":{"rendered":"http:\/\/www.revistacriterio.com.ar\/bloginst_new\/?p=4033"},"modified":"2009-10-06T17:00:09","modified_gmt":"2009-10-06T20:00:09","slug":"libro-el-ombusman-de-la-juventud-propuesta-de-accion","status":"publish","type":"post","link":"https:\/\/www.revistacriterio.com.ar\/bloginst_new\/?p=4033","title":{"rendered":"Libro: El Ombusman de la Juventud-propuesta de acci\u00f3n"},"content":{"rendered":"<p class=\"MsoNormal\" style=\"margin: 0cm 0cm 0pt;\"><em style=\"mso-bidi-font-style: normal;\"><span style=\"font-size: small;\"><span style=\"font-family: Times New Roman;\"><a href=\"https:\/\/www.revistacriterio.com.ar\/bloginst_new\/wp-content\/uploads\/2009\/10\/libro-ombudsman.jpg\"><img loading=\"lazy\" decoding=\"async\" class=\"alignleft size-thumbnail wp-image-4034\" title=\"libro-ombudsman\" src=\"https:\/\/www.revistacriterio.com.ar\/bloginst_new\/wp-content\/uploads\/2009\/10\/libro-ombudsman-120x120.jpg\" alt=\"libro-ombudsman\" width=\"120\" height=\"120\" \/><\/a>por Fabi\u00e1n Ruocco y H\u00e9ctor O. Piccardo <\/span><\/span><\/em><\/p>\n<p class=\"MsoNormal\" style=\"margin: 0cm 0cm 0pt;\"><em style=\"mso-bidi-font-style: normal;\"><span style=\"font-size: small;\"><span style=\"font-family: Times New Roman;\">Juan Baudino Editores y Centro de Desarrollo y Asistencia Tecnol\u00f3gica, Buenos Aires, 2008, 192 p\u00e1g.<\/span><\/span><\/em><\/p>\n<p class=\"MsoNormal\" style=\"margin: 0cm 0cm 0pt;\"><span style=\"font-size: small; font-family: Times New Roman;\">El libro naci\u00f3 como una forma eficaz de dar visibilidad a las funciones de la figura del Ombusman de la Juventud y a las posibilidades e\u00a0influencia dentro de las pol\u00edticas p\u00fablicas sobre ni\u00f1ez y juventud. <!--more-->A partir de una introducci\u00f3n al tema con definiciones b\u00e1sicas sobre aspectos propios de las pol\u00edticas sobre juventud y la instituci\u00f3n del Ombusman, ofrece una revisi\u00f3n de los pasos dados hacia su creaci\u00f3n en nuestro pa\u00eds. Los autores\u00a0acreditan una categorizada presencia en organizaciones y programas destinados a la juventud y la ni\u00f1ez en universidades p\u00fablicas, organizaciones internacionales e instituciones eclesiales, como el Movimiento de los Focolares en el caso de H\u00e9ctor Piccardo. <\/span><\/p>\n<p class=\"MsoNormal\" style=\"margin: 0cm 0cm 0pt;\"><span style=\"font-size: small; font-family: Times New Roman;\">Como aporte orientativo respecto a las posibilidades de su accionar, los autores reflexionan sobre los diversos campos de influencia del Ombusman de la Juventud como promotor de la gobernabilidad: \u00abLa existencia de un defensor de j\u00f3venes con car\u00e1cter institucional auxilia directamente la necesidad de gobernabilidad ya que su sistema de inclusi\u00f3n genera un \u00e1mbito en donde la sociedad se compromete a remediar las necesidades b\u00e1sicas de los grupos juveniles mas desfavorecidos, a fin de asegurar su \u00a0participaci\u00f3n en la vida social\u00bb. Completan el contenido las experiencias en otros pa\u00edses y una presentaci\u00f3n sistem\u00e1tica de las principales referencias legales en la Argentina: Ley 26.061 y su decreto reglamentario, Declaraci\u00f3n Universal de los Derechos Humanos y Convenci\u00f3n de los Derechos del Ni\u00f1o. Es ilustrativa y atrayente la transcripci\u00f3n del discurso de Adolfo P\u00e9rez Esquivel\u00a0al recibir el Premio Nobel de la Paz, de poca divulgaci\u00f3n pese a sus centrales contenidos religiosos y \u00e9ticos.<\/span><\/p>\n<p class=\"MsoNormal\" style=\"margin: 0cm 0cm 0pt;\"><span style=\"font-size: small; font-family: Times New Roman;\">El trabajo presenta una\u00a0estructura lineal y en cierto modo ingenua al plantear excesivos buenos deseos en relaci\u00f3n a l\u00edneas operativas concretas. Es, sin embargo, un aporte sistem\u00e1tico al tema que lo hizo merecedor del pr\u00f3logo de la presidenta de Abuelas de Plaza de Mayo,\u00a0Estela B. de Carlotto, en el cual afirma: \u00abEs un libro interesante, audaz y valiente, cuyo abordaje interdisciplinario y pluralista permite acercarnos a la realidad de las nuevas generaciones y al desaf\u00edo que nos queda por delante\u00bb. Tambi\u00e9n es auspiciosa la ponderaci\u00f3n y el apoyo de la Embajada de Noruega y la del Consulado Honorario de Islandia,\u00a0as\u00ed como las opiniones de prestigiosos especialistas. Hubiera sido atractivo, aunque quiz\u00e1s ajeno a los objetivos de los autores, relevar iniciativas nacionales e internacionales que dieron a la causa de los ni\u00f1os un lugar privilegiado en nuestra sociedad y que llegaron a plasmarse en textos constitucionales o en iniciativas tales como el Instituto Interamericano del Ni\u00f1o. La b\u00fasqueda de las ra\u00edces y su cuidado es una tarea primordial para la calidad y persistencia de los frutos; en este caso, el inter\u00e9s superior de ni\u00f1os y j\u00f3venes.\u00a0\u00a0\u00a0 <\/span><\/p>\n<p class=\"MsoNormal\" style=\"margin: 0cm 0cm 0pt; text-align: right;\" align=\"right\"><span style=\"font-size: small; font-family: Times New Roman;\">\u00a0<\/span><\/p>\n","protected":false},"excerpt":{"rendered":"<p>por Fabi\u00e1n Ruocco y H\u00e9ctor O. Piccardo Juan Baudino Editores y Centro de Desarrollo y Asistencia Tecnol\u00f3gica, Buenos Aires, 2008, 192 p\u00e1g. El libro naci\u00f3&#8230;<\/p>\n","protected":false},"author":7,"featured_media":0,"comment_status":"open","ping_status":"open","sticky":false,"template":"","format":"standard","meta":{"_acf_changed":false,"_jetpack_newsletter_access":"","_jetpack_dont_email_post_to_subs":false,"_jetpack_newsletter_tier_id":0,"_jetpack_memberships_contains_paywalled_content":false,"_jetpack_memberships_contains_paid_content":false,"footnotes":""},"categories":[4],"tags":[31],"class_list":["post-4033","post","type-post","status-publish","format-standard","hentry","category-cultura","tag-libros"],"acf":[],"jetpack_featured_media_url":"","jetpack_sharing_enabled":true,"jetpack_shortlink":"https:\/\/wp.me\/p6FC4i-133","_links":{"self":[{"href":"https:\/\/www.revistacriterio.com.ar\/bloginst_new\/index.php?rest_route=\/wp\/v2\/posts\/4033","targetHints":{"allow":["GET"]}}],"collection":[{"href":"https:\/\/www.revistacriterio.com.ar\/bloginst_new\/index.php?rest_route=\/wp\/v2\/posts"}],"about":[{"href":"https:\/\/www.revistacriterio.com.ar\/bloginst_new\/index.php?rest_route=\/wp\/v2\/types\/post"}],"author":[{"embeddable":true,"href":"https:\/\/www.revistacriterio.com.ar\/bloginst_new\/index.php?rest_route=\/wp\/v2\/users\/7"}],"replies":[{"embeddable":true,"href":"https:\/\/www.revistacriterio.com.ar\/bloginst_new\/index.php?rest_route=%2Fwp%2Fv2%2Fcomments&post=4033"}],"version-history":[{"count":0,"href":"https:\/\/www.revistacriterio.com.ar\/bloginst_new\/index.php?rest_route=\/wp\/v2\/posts\/4033\/revisions"}],"wp:attachment":[{"href":"https:\/\/www.revistacriterio.com.ar\/bloginst_new\/index.php?rest_route=%2Fwp%2Fv2%2Fmedia&parent=4033"}],"wp:term":[{"taxonomy":"category","embeddable":true,"href":"https:\/\/www.revistacriterio.com.ar\/bloginst_new\/index.php?rest_route=%2Fwp%2Fv2%2Fcategories&post=4033"},{"taxonomy":"post_tag","embeddable":true,"href":"https:\/\/www.revistacriterio.com.ar\/bloginst_new\/index.php?rest_route=%2Fwp%2Fv2%2Ftags&post=4033"}],"curies":[{"name":"wp","href":"https:\/\/api.w.org\/{rel}","templated":true}]}}