{"id":4209,"date":"2009-12-03T17:47:02","date_gmt":"2009-12-03T20:47:02","guid":{"rendered":"http:\/\/www.revistacriterio.com.ar\/bloginst_new\/?p=4209"},"modified":"2009-12-03T17:47:02","modified_gmt":"2009-12-03T20:47:02","slug":"cine-buenas-noticias-del-festival-marplatense","status":"publish","type":"post","link":"https:\/\/www.revistacriterio.com.ar\/bloginst_new\/?p=4209","title":{"rendered":"Cine: Buenas noticias del festival marplatense"},"content":{"rendered":"<p class=\"MsoNormal\" style=\"margin: 0cm 0cm 0pt; mso-layout-grid-align: none;\"><span style=\"color: black;\"><span style=\"font-size: small;\"><span style=\"font-family: Times New Roman;\">Parece un peque\u00f1o milagro. Ninguneado, solapadamente difamado por quienes auguran su desaparici\u00f3n, con menos presupuesto real, m\u00ednima presencia de figuras, reducci\u00f3n de personal, y otras contrariedades, el 24\u00b0 Festival Internacional de Mar del Plata brind\u00f3 este a\u00f1o una de sus mejores ediciones. <!--more-->La<span style=\"mso-spacerun: yes;\">\u00a0<\/span>inauguraci\u00f3n misma fue lo que siempre debi\u00f3 haber sido (al fin nadie pas\u00f3 verg\u00fcenza ajena), no as\u00ed el acto de cierre, que estuvo copado por Canal 7, con un locutor grit\u00f3n y largas pausas \u201cpara bloques comerciales\u201d que causaban desaz\u00f3n y deserci\u00f3n en la sala. Fuera de esa desgraciada intromisi\u00f3n del canal oficial, todo el festival luci\u00f3 bien organizado y s\u00f3lo hubo que hacer dos cambios, por dos pel\u00edculas retenidas en la Aduana porque ven\u00edan de Brasil (lo cual las convirti\u00f3 en rehenes pol\u00edticas de alg\u00fan funcionario antojadizo). El nivel de la programaci\u00f3n fue generalmente de bueno a muy bueno, y m\u00e1s tento al gusto de los espectadores marplatenses, que de ese modo volvieron a llenar las salas. Se redujo, pues, la idea de \u201cBafici Playero\u201d indiferente al p\u00fablico local, que pretend\u00edan aplicar algunos propulsores de la moda intelectual de Buenos Aires (aunque la influencia Bafici se sigue notando en la redacci\u00f3n trabajosa y el dise\u00f1o del cat\u00e1logo apto \u00fanicamente para entendidos con buena vista, y en dos secciones paralelas bastante espec\u00edficas). Se redujo tambi\u00e9n, oh maravilla, la vidriera de pol\u00edticos que sol\u00edan caer en bandada<\/span><\/span><\/span><\/p>\n<p class=\"MsoNormal\" style=\"margin: 0cm 0cm 0pt; mso-layout-grid-align: none;\"><span style=\"color: black;\"><span style=\"font-size: small;\"><span style=\"font-family: Times New Roman;\">para la inauguraci\u00f3n o el cierre. Al comienzo s\u00f3lo estuvo el intendente, que dio la bienvenida y elogi\u00f3 el acuerdo tripartito Incaa-Provincia-Municipio que se hace \u201cpor primera vez\u201d para repartir gastos, olvidando uno que se hab\u00eda firmado antes en Canciller\u00eda y tampoco fue cumplido. Y el d\u00eda antes del cierre apareci\u00f3 Mario das Neves, gobernador de Chubut, para la <em>premiere <\/em>de un film parcialmente rodado en su provincia (que coprodujo su parte): <em>Fontana, la frontera interior<\/em>, de Juan Bautista Stagnaro, sobre el explorador, militar y naturalista Luis Jorge Fontana, quien a su modo integr\u00f3 mocov\u00edes y galeses al pa\u00eds naciente. Una curiosidad, ver sentados uno al lado del otro al aspirante a candidato anti K junto al secretario de Cultura de la Naci\u00f3n ultra K Jorge Coscia. Los gobernadores de Formosa, Chaco y San Juan, donde tambi\u00e9n se rod\u00f3 el film, prefirieron quedar en casa. Tampoco apareci\u00f3 la Presidenta, que bien hubiera ido a lucir el triunfo de su ley de medios audiovisuales. <\/span><\/span><\/span><\/p>\n<p class=\"MsoNormal\" style=\"margin: 0cm 0cm 0pt; mso-layout-grid-align: none;\"><span style=\"color: black;\"><span style=\"font-size: small;\"><span style=\"font-family: Times New Roman;\">\u201cNi Mirtha ni Cristina\u201d, bromeaba alg\u00fan periodista, pues dec\u00edan que la presencia de una significar\u00eda la ausencia de la otra. Pero las \u00fanicas estrellas presentes fueron Natalia Oreiro, delgadita y sencilla como siempre, protagonista de la tierna e incisiva <em>Francia<\/em>, y Bonnie Erickson. \u00bfQue qui\u00e9n es Bonnie Erickson? Pues la mam\u00e1 de Miss Piggy, la mujer que dise\u00f1\u00f3 y dio personalidad a Miss Piggy y a los viejitos del palco. Un gusto charlar con ella, igualita a su hija, verla re\u00edr abiertamente echando el cuerpo hacia atr\u00e1s, y contar amorosamente la historia de la factor\u00eda Henson y los dem\u00e1s mu\u00f1ecos. Todo el mundo quer\u00eda sacarse fotos con ella. \u00c9se es, precisamente, el acierto del festival marplatense. Menos peso de funcionarios y exquisitos, y m\u00e1s contacto entre la gente. Grandes momentos, las charlas p\u00fablicas, muy instructivas y divertidas, del director del festival, el veterano maestro Mart\u00ednez Su\u00e1rez, con Juan Jos\u00e9 Campanella y con el espa\u00f1ol Javier Fesser, que adem\u00e1s present\u00f3 su obra completa, desde el chacoteo juvenil hasta el drama <em>Camino<\/em>; el taller de marionetas, abierto a grandes y chicos, brindado por John Kennedy, de Los Muppets (los ni\u00f1os no pod\u00edan creer lo que sal\u00eda de sus propias manos); la emotiva presentaci\u00f3n de <em>Padres de la Plaza: diez recorridos posibles<\/em>, con la presencia de ocho de ellos; la sincera charla de Juan Pablo Escobar, hijo del famoso narcotraficante, en la presentaci\u00f3n del excelente documental <em>Pecados de mi padre <\/em>(cuyo rodaje impuls\u00f3 a su encuentro con los hijos de dos de las mayores v\u00edctimas de su padre, para pedirles perd\u00f3n); la ovaci\u00f3n del p\u00fablico al descubrir en las butacas a los tangueros de <em>El \u00faltimo aplauso<\/em>, sobre la resurrecci\u00f3n del famoso Bar El Chino; el programa de cortos did\u00e1cticos en 3D que hace aqu\u00ed Sergio Neuspiller, como <em>El sistema solar en una cancha de f\u00fatbol<\/em>, dentro de una secci\u00f3n de cine en 3D (l\u00e1stima que no se haya recuperado el primer corto argentino tridimensional, <em>Buenos Aires en relieve<\/em>, presentado en Mar del Plata 1954, y del cual s\u00f3lo se conserva una copia plana); la edici\u00f3n de <em>Homero Alsina Thevenet. Obras incompletas, Tomo I<\/em>, 976 p\u00e1ginas de letra apretada, abarcando sus cr\u00edticas y comentarios desde 1937 a 1955, gran trabajo de recopilaci\u00f3n que promete continuarse hasta completar tres tomos, a uno por festival; etc., etc. <\/span><\/span><\/span><\/p>\n<p class=\"MsoNormal\" style=\"margin: 0cm 0cm 0pt; mso-layout-grid-align: none;\"><span style=\"color: black;\"><span style=\"font-size: small;\"><span style=\"font-family: Times New Roman;\">Momentos, en fin, que hacen memorable el festival. Para quienes no fueron, cabe recomendarles algunas obras de seguro estreno, como las antedichas y, entre otras, tambi\u00e9n <em>Tango, una historia con jud\u00edos <\/em>(impagable la escena de H\u00e9ctor Galv\u00e9 recordando un tema lastimero bien de <em>idishe mame <\/em>popular\u00edsimo en los \u201850), <em>El hombre de al lado<\/em>, l\u00facida comedia sobre la incomunicaci\u00f3n entre vecinos, y la ganadora del certamen, <em>Cinco d\u00edas sin Nora <\/em>(Mariana Chenillo, M\u00e9xico), comedia de humor negro sobre las demoras de diversa clase para enterrar a una se\u00f1ora jud\u00eda que cometi\u00f3 suicidio, luego de cometer en vida algunas otras cosas, seg\u00fan sospecha el viudo. \u201cRodamos en la comunidad jud\u00eda de Polanco, y cuando supieron lo del suicidio se molestaron much\u00edsimo, porque entre ellos es un tema tab\u00fa. Entonces tratamos de evitarles<\/span><\/span><\/span><\/p>\n<p class=\"MsoNormal\" style=\"margin: 0cm 0cm 0pt; mso-layout-grid-align: none;\"><span style=\"color: black;\"><span style=\"font-size: small;\"><span style=\"font-family: Times New Roman;\">m\u00e1s molestias con el ruido de nuestros equipos, y yo creo que por ah\u00ed encontramos el medio tono que nos ped\u00eda la directora\u201d, brome\u00f3 el veterano actor Juan C. Colombo, quien coment\u00f3 adem\u00e1s: \u201cEn M\u00e9xico ni saben que hay jud\u00edos. No es como ac\u00e1, que debieron integrarse desde los conventillos\u201d.<\/span><\/span><\/span><\/p>\n<p class=\"MsoNormal\" style=\"margin: 0cm 0cm 0pt; mso-layout-grid-align: none;\"><span style=\"color: black;\"><span style=\"font-size: small;\"><span style=\"font-family: Times New Roman;\">Sobre medios tonos y problemas de integraci\u00f3n trabaja tambi\u00e9n la otra ganadora, una comedia con muertos de distinta clase: <em>El tiempo que resta<\/em>, del palestino Elia Suleiman, una historia familiar y nacional, desde la ocupaci\u00f3n israel\u00ed de 1948 en adelante, basada en las memorias de su padre, cartas de su madre, vecinos de su nativa Nazareth, y su propia experiencia de escolar obligado a ver <em>Los diez mandamientos <\/em>y cosas parecidas. De una calma incisiva y unos chistes que duelen, ser\u00eda muy bueno que alguien la difundiera entre nosotros. Lo mismo, la finlandesa <em>Cartas al padre Jacob<\/em>, peque\u00f1a pero honda y sentida an\u00e9cdota sobre el perd\u00f3n, a trav\u00e9s de una presidiaria que debe cuidar de un viejo cura ciego y su correspondencia, y la rusa <em>Habitaci\u00f3n y media<\/em>, enorme, expansiva inmersi\u00f3n en las memorias familiares del premio Nobel Joseph Brodsky, mezclando noticieros, dibujos animados, <em>collages<\/em>, comedia y nostalgia, muy a lo ruso y con <em>La cumparsita <\/em>en alguna escena de alegr\u00eda conyugal. Su director, el veterano Andrey Khrzhanovsky, vino desde Mosc\u00fa, y en el camino aprovech\u00f3 a conocer el Tortoni. \u201cEstuve all\u00ed, pas\u00e9 mi mano por la mesa donde quiz\u00e1s estuvieron Borges o Garc\u00eda Lorca\u201d, sonre\u00eda emocionado. Pero luego agregaba con tristeza: \u201cTambi\u00e9n eran muy lindos los rincones donde se juntaban los poetas y artistas de Mosc\u00fa y Petrogrado. Pero hoy all\u00ed no se re\u00fanen los poetas, sino los mafiosos\u201d.<\/span><\/span><\/span><\/p>\n<p class=\"MsoNormal\" style=\"margin: 0cm 0cm 0pt; mso-layout-grid-align: none;\"><span style=\"color: black;\"><span style=\"font-size: small;\"><span style=\"font-family: Times New Roman;\">La lista de buenos recuerdos y recomendaciones podr\u00eda seguir una p\u00e1gina m\u00e1s. El festival, por suerte, tambi\u00e9n seguir\u00e1 un tiempo m\u00e1s. Aunque tememos que quiz\u00e1 vuelvan algunos \u201cfigurantes\u201d, si el a\u00f1o <span style=\"mso-spacerun: yes;\">\u00a0<\/span>pr\u00f3ximo su edici\u00f3n coincide con la Cumbre Iberoamericana de Jefes de Estado que se har\u00e1 en Mar del Plata, y a la cual vendr\u00edan los reyes de Espa\u00f1a. <\/span><\/span><\/span><\/p>\n","protected":false},"excerpt":{"rendered":"<p>Parece un peque\u00f1o milagro. Ninguneado, solapadamente difamado por quienes auguran su desaparici\u00f3n, con menos presupuesto real, m\u00ednima presencia de figuras, reducci\u00f3n de personal, y otras&#8230;<\/p>\n","protected":false},"author":7,"featured_media":0,"comment_status":"open","ping_status":"open","sticky":false,"template":"","format":"standard","meta":{"_acf_changed":false,"_jetpack_newsletter_access":"","_jetpack_dont_email_post_to_subs":false,"_jetpack_newsletter_tier_id":0,"_jetpack_memberships_contains_paywalled_content":false,"_jetpack_memberships_contains_paid_content":false,"footnotes":""},"categories":[4],"tags":[32],"class_list":["post-4209","post","type-post","status-publish","format-standard","hentry","category-cultura","tag-cine"],"acf":[],"jetpack_featured_media_url":"","jetpack_sharing_enabled":true,"jetpack_shortlink":"https:\/\/wp.me\/p6FC4i-15T","_links":{"self":[{"href":"https:\/\/www.revistacriterio.com.ar\/bloginst_new\/index.php?rest_route=\/wp\/v2\/posts\/4209","targetHints":{"allow":["GET"]}}],"collection":[{"href":"https:\/\/www.revistacriterio.com.ar\/bloginst_new\/index.php?rest_route=\/wp\/v2\/posts"}],"about":[{"href":"https:\/\/www.revistacriterio.com.ar\/bloginst_new\/index.php?rest_route=\/wp\/v2\/types\/post"}],"author":[{"embeddable":true,"href":"https:\/\/www.revistacriterio.com.ar\/bloginst_new\/index.php?rest_route=\/wp\/v2\/users\/7"}],"replies":[{"embeddable":true,"href":"https:\/\/www.revistacriterio.com.ar\/bloginst_new\/index.php?rest_route=%2Fwp%2Fv2%2Fcomments&post=4209"}],"version-history":[{"count":0,"href":"https:\/\/www.revistacriterio.com.ar\/bloginst_new\/index.php?rest_route=\/wp\/v2\/posts\/4209\/revisions"}],"wp:attachment":[{"href":"https:\/\/www.revistacriterio.com.ar\/bloginst_new\/index.php?rest_route=%2Fwp%2Fv2%2Fmedia&parent=4209"}],"wp:term":[{"taxonomy":"category","embeddable":true,"href":"https:\/\/www.revistacriterio.com.ar\/bloginst_new\/index.php?rest_route=%2Fwp%2Fv2%2Fcategories&post=4209"},{"taxonomy":"post_tag","embeddable":true,"href":"https:\/\/www.revistacriterio.com.ar\/bloginst_new\/index.php?rest_route=%2Fwp%2Fv2%2Ftags&post=4209"}],"curies":[{"name":"wp","href":"https:\/\/api.w.org\/{rel}","templated":true}]}}