{"id":4354,"date":"2010-03-02T18:09:45","date_gmt":"2010-03-02T21:09:45","guid":{"rendered":"http:\/\/www.revistacriterio.com.ar\/bloginst_new\/?p=4354"},"modified":"2010-03-02T18:09:45","modified_gmt":"2010-03-02T21:09:45","slug":"la-pascua-y-los-hombres","status":"publish","type":"post","link":"https:\/\/www.revistacriterio.com.ar\/bloginst_new\/?p=4354","title":{"rendered":"La Pascua y los hombres"},"content":{"rendered":"<p class=\"MsoNormal\" style=\"margin: 0cm 0cm 0pt; mso-layout-grid-align: none;\"><span style=\"font-size: small; font-family: Times New Roman;\">Ante el misterio de la vida y el de la muerte, igualmente insondables, la Pascua ofrece una clave fundamental de la existencia, si bien es clave de fe. En la pasi\u00f3n de Jes\u00fas y en su resurrecci\u00f3n tenemos los cristianos puestas nuestra fe y nuestra esperanza. <!--more-->En la oscuridad de la noche esperamos el alba. En esta entrega de Criterio recordamos y rendimos homenaje a tres amigos y colaboradores de la revista: un polit\u00f3logo, un fil\u00f3sofo y un periodista. Tanto el franc\u00e9s Jean-Yves Calvez como los argentinos H\u00e9ctor Mandrioni y Jos\u00e9 Mar\u00eda Pasquini Dur\u00e1n fueron, adem\u00e1s, panelistas y expositores de conferencias y debates organizados por esta publicaci\u00f3n. Cada uno en dimensiones y desde perspectivas muy diferentes, supieron afrontar la vida como misterio, aventura y compromiso.<\/span><\/p>\n<p class=\"MsoNormal\" style=\"margin: 0cm 0cm 0pt; mso-layout-grid-align: none;\"><span style=\"font-size: small;\"><span style=\"font-family: Times New Roman;\">Entre los innumerables recuerdos que nos quedan de Calvez, ese jesuita culto y amable, incansable viajero y agudo observador, quiero anotar que despu\u00e9s de largo tiempo de trato personal y epistolar \u2013junto con Laura Moreno, entonces vicedirectora\u2013 le propuse en el a\u00f1o 2000 integrar el consejo asesor de la revista. Con su acostumbrada generosidad y discreci\u00f3n, al tiempo me escribi\u00f3 para aceptar. Todos los a\u00f1os nos visitaba en agosto. Respond\u00eda siempre con celeridad ante cualquier pedido de art\u00edculos u otras iniciativas. Nunca hac\u00eda pesar su compleja agenda y sus m\u00faltiples compromisos. Era un hombre muy trabajador y siempre sereno. Como al pasar, me fue dando muchas sugerencias: estar siempre atento al sufrimiento de los pueblos, investigar y analizar fuera de los marcos de informaci\u00f3n habituales, abrirse a todas las tendencias, desconfiar de las internas eclesiales y vivir el Evangelio en la vida p\u00fablica, tratar de que no nos ganaran con los a\u00f1os el pesimismo y el conservadurismo, tener mucha paciencia y escuchar a todos\u2026 Conoc\u00eda y amaba a la Argentina con especial dedicaci\u00f3n.<\/span><\/span><\/p>\n<p class=\"MsoNormal\" style=\"margin: 0cm 0cm 0pt; mso-layout-grid-align: none;\"><span style=\"font-size: small; font-family: Times New Roman;\">La \u00faltima vez que estuve con \u00e9l, en casa de la familia Donini, respondi\u00f3 a muy diversas inquietudes y cuestiones de los presentes: desde el recuerdo de Michel de Certeau hasta el an\u00e1lisis pol\u00edtico de Honduras o sus impresiones siempre entusiastas de China. Era una persona en la que brillaba el ejercicio de la libertad por encima de cualquier temor o prejuicio.<\/span><\/p>\n<p class=\"MsoNormal\" style=\"margin: 0cm 0cm 0pt; mso-layout-grid-align: none;\"><span style=\"font-size: small; font-family: Times New Roman;\">A H\u00e9ctor Mandrioni, fino fil\u00f3sofo y sacerdote cabal, lo comenc\u00e9 a tratar, despu\u00e9s de haberlo le\u00eddo, gracias a la amistad de Ignacio Navarro, Jorge y Silvia Fern\u00e1ndez, y otros. Todav\u00eda viv\u00eda, como una suerte de Samuel Tesler de Marechal, en su refugio de libros por Villa Crespo.<\/span><\/p>\n<p class=\"MsoNormal\" style=\"margin: 0cm 0cm 0pt; mso-layout-grid-align: none;\"><span style=\"font-size: small;\"><span style=\"font-family: Times New Roman;\">Los poetas alemanes y los franceses eran citados por \u00e9l con amor y profundo respeto. Con el pudor que bien se\u00f1ala N\u00e9stor Corona al recordarlo. Coincidimos tambi\u00e9n ocasionalmente algunos veranos en Mar del Plata y all\u00ed las conversaciones fueron m\u00e1s largas y matizadas.Siempre estaba como fulgurado por lo nuevo y por el misterio. Pose\u00eda la sabidur\u00eda de los ni\u00f1os y de los santos. M\u00e1s de una vez me anim\u00f3 a que Criterio no olvidara que la poes\u00eda era parte fundamental de la cultura y de la aproximaci\u00f3n a la realidad.<\/span><\/span><\/p>\n<p class=\"MsoNormal\" style=\"margin: 0cm 0cm 0pt; mso-layout-grid-align: none;\"><span style=\"font-size: small; font-family: Times New Roman;\">Tuve ocasi\u00f3n de encontrarme repetidas veces con el editorialista pol\u00edtico de <em>P\u00e1gina 12<\/em>, Pasquini Dur\u00e1n, tanto para entrevistarlo como para pedirle art\u00edculos o su participaci\u00f3n en paneles. Siempre me recibi\u00f3 con ese humor inteligente que asomaba de su figura tranquila. No era un hombre de fe, dec\u00eda, pero con mucha curiosidad y atenci\u00f3n se asomaba a los misterios. Recuerdo que una tarde, tomando un caf\u00e9, me dijo que admiraba a Criterio por lo que dec\u00eda y por c\u00f3mo lo dec\u00eda. \u00c9l era un periodista de cuidada y vehemente prosa, lector destacado. En esa misma oportunidad, si no me equivoco, hablamos de una muy discutida personalidad de la jerarqu\u00eda cat\u00f3lica cuyas ideas no coincid\u00edan en nada con las de Pasquini Dur\u00e1n, y \u00e9l me dijo que frenara el ardor de mis cr\u00edticas a la hora de escribir porque la tarea de una revista como \u00e9sta era la de tender puentes y crear di\u00e1logo. A estos tres amigos los recuerdan otros amigos de Criterio en este n\u00famero. No obstante el dolor de estas ausencias, una vez m\u00e1s la Pascua suena a promesa que se abre camino con terquedad y dulzura.<\/span><\/p>\n","protected":false},"excerpt":{"rendered":"<p>Ante el misterio de la vida y el de la muerte, igualmente insondables, la Pascua ofrece una clave fundamental de la existencia, si bien es&#8230;<\/p>\n","protected":false},"author":7,"featured_media":0,"comment_status":"open","ping_status":"open","sticky":false,"template":"","format":"standard","meta":{"_acf_changed":false,"_jetpack_newsletter_access":"","_jetpack_dont_email_post_to_subs":false,"_jetpack_newsletter_tier_id":0,"_jetpack_memberships_contains_paywalled_content":false,"_jetpack_memberships_contains_paid_content":false,"footnotes":""},"categories":[4,6],"tags":[63,64,65,66],"class_list":["post-4354","post","type-post","status-publish","format-standard","hentry","category-cultura","category-nota-tapa","tag-calvez","tag-mandrioni","tag-pascua","tag-pasquini-duran"],"acf":[],"jetpack_featured_media_url":"","jetpack_sharing_enabled":true,"jetpack_shortlink":"https:\/\/wp.me\/p6FC4i-18e","_links":{"self":[{"href":"https:\/\/www.revistacriterio.com.ar\/bloginst_new\/index.php?rest_route=\/wp\/v2\/posts\/4354","targetHints":{"allow":["GET"]}}],"collection":[{"href":"https:\/\/www.revistacriterio.com.ar\/bloginst_new\/index.php?rest_route=\/wp\/v2\/posts"}],"about":[{"href":"https:\/\/www.revistacriterio.com.ar\/bloginst_new\/index.php?rest_route=\/wp\/v2\/types\/post"}],"author":[{"embeddable":true,"href":"https:\/\/www.revistacriterio.com.ar\/bloginst_new\/index.php?rest_route=\/wp\/v2\/users\/7"}],"replies":[{"embeddable":true,"href":"https:\/\/www.revistacriterio.com.ar\/bloginst_new\/index.php?rest_route=%2Fwp%2Fv2%2Fcomments&post=4354"}],"version-history":[{"count":0,"href":"https:\/\/www.revistacriterio.com.ar\/bloginst_new\/index.php?rest_route=\/wp\/v2\/posts\/4354\/revisions"}],"wp:attachment":[{"href":"https:\/\/www.revistacriterio.com.ar\/bloginst_new\/index.php?rest_route=%2Fwp%2Fv2%2Fmedia&parent=4354"}],"wp:term":[{"taxonomy":"category","embeddable":true,"href":"https:\/\/www.revistacriterio.com.ar\/bloginst_new\/index.php?rest_route=%2Fwp%2Fv2%2Fcategories&post=4354"},{"taxonomy":"post_tag","embeddable":true,"href":"https:\/\/www.revistacriterio.com.ar\/bloginst_new\/index.php?rest_route=%2Fwp%2Fv2%2Ftags&post=4354"}],"curies":[{"name":"wp","href":"https:\/\/api.w.org\/{rel}","templated":true}]}}