{"id":4404,"date":"2010-03-04T17:38:09","date_gmt":"2010-03-04T20:38:09","guid":{"rendered":"http:\/\/www.revistacriterio.com.ar\/bloginst_new\/?p=4404"},"modified":"2010-03-04T17:38:09","modified_gmt":"2010-03-04T20:38:09","slug":"zilda-arns-neumann-una-medica-en-haiti","status":"publish","type":"post","link":"https:\/\/www.revistacriterio.com.ar\/bloginst_new\/?p=4404","title":{"rendered":"Zilda Arns Neumann, una m\u00e9dica en Hait\u00ed"},"content":{"rendered":"<p class=\"MsoNormal\" style=\"margin: 0cm 0cm 0pt; mso-layout-grid-align: none;\"><span style=\"color: black;\"><span style=\"font-size: small;\"><span style=\"font-family: Times New Roman;\"><a href=\"https:\/\/www.revistacriterio.com.ar\/bloginst_new\/wp-content\/uploads\/2010\/03\/ctouris.jpg\"><img loading=\"lazy\" decoding=\"async\" class=\"alignleft size-thumbnail wp-image-4403\" title=\"ctouris\" src=\"https:\/\/www.revistacriterio.com.ar\/bloginst_new\/wp-content\/uploads\/2010\/03\/ctouris-120x120.jpg\" alt=\"ctouris\" width=\"120\" height=\"120\" \/><\/a>\u201c<em>Como p\u00e1jaros que cuidan de sus hijos al hacer un nido en los \u00e1rboles y las monta\u00f1as, lejos de los depredadores, amenazas y peligros, y m\u00e1s cerca de Dios, deber\u00edamos cuidar de nuestros hijos como un bien sagrado, promover el respeto a sus derechos y protegerlos\u201d <\/em>(extracto del \u00faltimo discurso de Zilda Arrns<em>).<!--more--><\/em><\/span><\/span><\/span><\/p>\n<p class=\"MsoNormal\" style=\"margin: 0cm 0cm 0pt; mso-layout-grid-align: none;\"><strong><span style=\"color: black;\"><\/span><\/strong><\/p>\n<p class=\"MsoNormal\" style=\"margin: 0cm 0cm 0pt; mso-layout-grid-align: none;\"><span style=\"font-size: small;\"><span style=\"font-family: Times New Roman;\">A tan s\u00f3lo 12 d\u00edas de haber comenzado el a\u00f1o, el mundo se conmovi\u00f3 frente al terremoto que devast\u00f3 buena parte de Puerto Pr\u00edncipe, la capital del sufrido pueblo haitiano. La magnitud de la cat\u00e1strofe que se llev\u00f3 m\u00e1s de 150.000 vidas humanas volvi\u00f3 a sembrar el horror en una sociedad hist\u00f3ricamente sacudida por revoluciones, golpes de Estado, terror paramilitar, democracias fallidas y una pobreza y una desesperanza generalizadas. Entre las v\u00edctimas de la tragedia hubo casi una veintena de oficiales brasile\u00f1os que formaban parte de las fuerzas de paz enviadas por la ONU desde 2004, cuando fue depuesto el presidente Aristide y el peligro de la disoluci\u00f3n del estado haitiano se cern\u00eda como una amenaza inminente. Por cuestiones humanitarias, y en consonancia con el compromiso asumido en la reconstrucci\u00f3n de dicho pa\u00eds por la diplomacia brasile\u00f1a, visitaba Hait\u00ed la reconocida m\u00e9dica pediatra y sanitarista Zilda Arns, fundadora y coordinadora internacional de la Pastoral del Ni\u00f1o. No fue extra\u00f1o que la mayor misionera laica de Brasil tuviera que ofrendar su vida en el pa\u00eds m\u00e1s pobre de Am\u00e9rica latina, donde tantos ni\u00f1os padec\u00edan ya antes del terremoto el flagelo del hambre, la desnutrici\u00f3n, el analfa<span style=\"color: black;\">betismo pero tambi\u00e9n el olvido y la indiferencia de la comunidad internacional. <\/span><\/span><\/span><\/p>\n<p class=\"MsoNormal\" style=\"margin: 0cm 0cm 0pt; mso-layout-grid-align: none;\"><span style=\"color: black;\"><span style=\"font-size: small;\"><span style=\"font-family: Times New Roman;\">Zilda hab\u00eda suspendido sus casi siempre postergadas vacaciones para cumplir el prop\u00f3sito de llevar el programa de la Pastoral del Ni\u00f1o a ese peque\u00f1o pa\u00eds. Precisamente fue despu\u00e9s de hablar en una iglesia de Puerto Pr\u00edncipe a la que asistieron alrededor de 150 religiosos (con el af\u00e1n de convertirse en agentes de formaci\u00f3n en dicha pastoral), cuando Zilda Arns pereci\u00f3 junto a la mayor\u00eda de ellos como consecuencia del derrumbe del predio donde se encontraban. <span style=\"mso-spacerun: yes;\">\u00a0<\/span><\/span><\/span><\/span><\/p>\n<p class=\"MsoNormal\" style=\"margin: 0cm 0cm 0pt; mso-layout-grid-align: none;\"><span style=\"color: black;\"><span style=\"font-size: small;\"><span style=\"font-family: Times New Roman;\">La noticia de su muerte provoc\u00f3 gran dolor en Brasil, no s\u00f3lo en los \u00e1mbitos cat\u00f3licos, sino tambi\u00e9n en toda la sociedad civil que ya hab\u00eda sabido reconocer el valor de esta mujer que tanto hac\u00eda cotidianamente por las mujeres gestantes y los ni\u00f1os m\u00e1s peque\u00f1os y m\u00e1s desfavorecidos del pa\u00eds.<\/span><\/span><\/span><\/p>\n<p class=\"MsoNormal\" style=\"margin: 0cm 0cm 0pt; mso-layout-grid-align: none;\"><span style=\"color: black;\"><span style=\"font-size: small;\"><span style=\"font-family: Times New Roman;\">De hablar sereno y palabra tierna, la doctora Arns, de 75 a\u00f1os, se caracteriz\u00f3 tambi\u00e9n por la actividad incansable, el profesionalismo, el carisma y la coherencia evang\u00e9lica que le supo dar a su vida y a la de sus semejantes. Comprometida con las pol\u00edticas sociales y de salud de su pa\u00eds desde un lugar de fe y esperanza cristianas entabl\u00f3 un buen di\u00e1logo con la pol\u00edtica partidaria pero enfatizando al mismo tiempo su autonom\u00eda y su fuerte apuesta por las iniciativas nacidas del seno mismo de la sociedad. Por ese motivo no acept\u00f3 cargos p\u00fablicos prefiri\u00f3 actuar, en cambio, m\u00e1s cerca de la CNBB (Conferencia Nacional de Obispos de Brasil) de la cual depend\u00eda la Pastoral del Ni\u00f1o, creada por Zilda en 1983. Fue all\u00ed donde comenz\u00f3 a destacarse en el dise\u00f1o de programas de acci\u00f3n social pensados para el largo plazo. Hoy la Pastoral del Ni\u00f1o existe en 20 pa\u00edses, entre ellos la Argentina. En Brasil hay 260.000 voluntarios que acompa\u00f1an a m\u00e1s de 1.900.000 gestantes y ni\u00f1os menores de 6 a\u00f1os. <\/span><\/span><\/span><\/p>\n<p class=\"MsoNormal\" style=\"margin: 0cm 0cm 0pt; mso-layout-grid-align: none;\"><span style=\"font-size: small;\"><span style=\"font-family: Times New Roman;\"><span style=\"color: black;\">Nacida en Forquilhinha, estado de Santa Catarina, Zilda proven\u00eda de una familia de colonos alemanes, pioneros en esa regi\u00f3n. Sus padres fueron destacados l\u00edderes locales que le inculcaron el involucramiento en cuestiones de asistencia social. Ten\u00eda otros 13 hermanos, cinco de los cuales abrazaron la vida religiosa, entre ellos dom Paulo Evaristo Arns, arzobispo em\u00e9rito de San Pablo, conocido por su firme defensa de los Derechos Humanos en la \u00e9poca de la dictadura militar. Sin embargo, ella misma reconoc\u00eda que su hermano mayor fray Jo\u00e3o Crisostomo, profesor universita<\/span>rio, fue quien m\u00e1s se interioriz\u00f3 <span style=\"mso-spacerun: yes;\">\u00a0<\/span>en su formaci\u00f3n intelectual y en su camino de vida. Fue as\u00ed que una vez recibida de m\u00e9dica, Zilda Arns se desempe\u00f1\u00f3 en puestos de salud ubicados en la periferia de Curitiba donde mont\u00f3 una red de asistencia a la maternidad infantil. Con s\u00f3lo 46 a\u00f1os, qued\u00f3 viuda<\/span><\/span><\/p>\n<p class=\"MsoNormal\" style=\"margin: 0cm 0cm 0pt; mso-layout-grid-align: none;\"><span style=\"font-size: small;\"><span style=\"font-family: Times New Roman;\">y a cargo de sus 5 hijos. Convocada por el entonces gobernador de Paran\u00e1 se hizo cargo de la coordinaci\u00f3n y la lucha contra una epidemia de poliomielitis en Uni\u00e3o da Vit\u00f3ria.<\/span><\/span><\/p>\n<p class=\"MsoNormal\" style=\"margin: 0cm 0cm 0pt; mso-layout-grid-align: none;\"><span style=\"font-size: small; font-family: Times New Roman;\">A partir de esa experiencia su vocaci\u00f3n de convivir con los ni\u00f1os no la abandonar\u00eda. Luego acept\u00f3 la invitaci\u00f3n de su hermano dom Paulo para liderar un proyecto de la Iglesia para enfrentar las altas cifras de mortalidad infantil en base a la difusi\u00f3n del uso del suero casero. <\/span><\/p>\n<p class=\"MsoNormal\" style=\"margin: 0cm 0cm 0pt; mso-layout-grid-align: none;\"><span style=\"font-size: small;\"><span style=\"font-family: Times New Roman;\">Los inicios de la Pastoral del Ni\u00f1o no fueron f\u00e1ciles y tuvo que vencer la resistencia de la corriente teol\u00f3gica y pastoral liberacionista que sosten\u00eda que esa tarea correspond\u00eda al<\/span><\/span><\/p>\n<p class=\"MsoNormal\" style=\"margin: 0cm 0cm 0pt; mso-layout-grid-align: none;\"><span style=\"font-size: small; font-family: Times New Roman;\">Estado, adem\u00e1s de cuestionar su posible veta asistencialista. Pero la Dra. Zilda ten\u00eda la convicci\u00f3n de que su propuesta no era asistencialista sino fundamentalmente diseminaci\u00f3n del conocimiento.<\/span><\/p>\n<p class=\"MsoNormal\" style=\"margin: 0cm 0cm 0pt; mso-layout-grid-align: none;\"><span style=\"font-size: small; font-family: Times New Roman;\">La estrategia del programa consisti\u00f3 desde el principio en la concientizaci\u00f3n de las madres sobre su papel central en la educaci\u00f3n de los ni\u00f1os. M\u00e1s que una gran inversi\u00f3n en gastos administrativos el programa de la pastoral se bas\u00f3 en la capacitaci\u00f3n de l\u00edderes, en visitas a las familias, en la recuperaci\u00f3n de los desnutridos y en el transporte de los voluntarios (en su mayor\u00eda mujeres entre 19 y 39 a\u00f1os y alrededor de 90.000 de ellos con estudios primarios incompletos). <\/span><\/p>\n<p class=\"MsoNormal\" style=\"margin: 0cm 0cm 0pt; mso-layout-grid-align: none;\"><span style=\"font-size: small;\"><span style=\"font-family: Times New Roman;\">Seg\u00fan Zilda Arns, tres cuidados eran primordiales para animar el voluntariado: valorizar a los militantes, hacerlos sentir parte de una familia y que creyeran en Dios como un referente de paz, igualdad y justicia. En reconocimiento al trabajo de los voluntarios la doctora Arns sol\u00eda decir: \u201cEllos no contribuyen con dinero pero si tuvi\u00e9ramos que calcular su trabajo, tomando como base el salario m\u00ednimo su valor ser\u00eda de 78.000.00 de reales\u201d.<\/span><\/span><\/p>\n<p class=\"MsoNormal\" style=\"margin: 0cm 0cm 0pt; mso-layout-grid-align: none;\"><span style=\"font-size: small;\"><span style=\"font-family: Times New Roman;\">Actualmente la mezcla de las 2 cucharadas de az\u00facar con una de sal, diluidas en un litro de agua limpia, el famoso suero casero, es como si siempre hubiera existido. Sin embargo, vale la pena recordar que en los albores de la d\u00e9cada del 80 s\u00f3lo se usaban medicamentos industrializados, comercializados bajo patentes que eran caros e inaccesibles para los sectores sociales m\u00e1s pobres. El modelo de la Pastoral del Ni\u00f1o fue<\/span><\/span><\/p>\n<p class=\"MsoNormal\" style=\"margin: 0cm 0cm 0pt; mso-layout-grid-align: none;\"><span style=\"font-size: small; font-family: Times New Roman;\">un \u00e9xito en poco tiempo y, como los propios agentes de salud reconocen, fue adoptado por las dependencias de salud estatal: si en Brasil el promedio de mortalidad infantil de menores de un a\u00f1o es del 22 por mil, en los lugares donde act\u00faa la Pastoral del Ni\u00f1o esta cifra se ha reducido al 12,4 (la mitad del \u00edndice nacional). <\/span><\/p>\n<p class=\"MsoNormal\" style=\"margin: 0cm 0cm 0pt; mso-layout-grid-align: none;\"><span style=\"font-size: small;\"><span style=\"font-family: Times New Roman;\">La impecable trayectoria de Zilda Arns y su laboriosidad a favor de los m\u00e1s necesitados le valieron reconocimientos nacionales e internacionales de todo tipo. En 2001, 2002 y 2003 el gobierno de San Pablo propuso su candidatura al premio Nobel de la Paz. En 2004, recibi\u00f3 de manos de actual presidente Lula el premio \u201cHaz la diferencia\u201d otorgado por <em>O Globo <\/em>por los resultados obtenidos por la Pastoral del Ni\u00f1o. Este a\u00f1o ten\u00eda proyectado viajar a la Argentina, Colombia, Uruguay, M\u00e9xico, Rep\u00fablica Dominicana, Angola y Guinea, seg\u00fan informaron voceros de la Pastoral.<\/span><\/span><\/p>\n<p class=\"MsoNormal\" style=\"margin: 0cm 0cm 0pt; mso-layout-grid-align: none;\"><span style=\"font-size: small; font-family: Times New Roman;\">Si acaso todo lo resumido apretadamente alcanzara a dar una idea de la personalidad y el perfil de esta mujer admirable no puedo dejar de mencionar que en 2004 la doctora Zilda fund\u00f3 tambi\u00e9n a trav\u00e9s de la CNBB la Pastoral de los Ancianos, que cuenta hoy con 14.000 voluntarios para atender a m\u00e1s de 129.000 ancianos. En 2008 decidi\u00f3 crear la Pastoral Internacional del Ni\u00f1o con vistas a replicar el modelo brasile\u00f1o en otros pa\u00edses de \u00c1frica, Asia y Am\u00e9rica latina.<\/span><\/p>\n<p class=\"MsoNormal\" style=\"margin: 0cm 0cm 0pt; mso-layout-grid-align: none;\"><span style=\"font-size: small;\"><span style=\"font-family: Times New Roman;\">Los restos de Zilda Arns fueron trasladados a territorio brasile\u00f1o en un avi\u00f3n del Ministerio de Relaciones Exteriores 48 horas despu\u00e9s de ocurrido el terremoto. Se le rindieron honores de Estado y se observaron escenas de gran congoja popular durante su velatorio realizado en la sede de la Pastoral del Ni\u00f1o (Curitiba), donde miles de personas desfilaron ante su f\u00e9retro, cubierto por la bandera brasile\u00f1a y la de la pastoral. A sus exequias acudieron los m\u00e1ximos representantes del gobierno actual, acompa\u00f1ando al presidente Lula, tambi\u00e9n el ex presidente Fernando Henrique Cardoso, las precandidatas a la presidencia Dilma Rousseff y Marina Silva, todos los cuales manifestaron su dolor y reconocimiento por el legado de Zilda no s\u00f3lo para Brasil sino para el mundo. El actual cardenal primado de Brasil y arzobispo de San Salvador Gerardo Majella Agnello ofici\u00f3 la misa de cuerpo presente para los familiares, amigos y allegados de la m\u00e9dica fallecida.<\/span><\/span><\/p>\n<p class=\"MsoNormal\" style=\"margin: 0cm 0cm 0pt; mso-layout-grid-align: none;\"><span style=\"font-size: small;\"><span style=\"font-family: Times New Roman;\">Al conocer la triste noticia de la muerte de su hermana, dom Paulo, quien por cuestiones de salud no pudo asistir a las exequias, expres\u00f3: \u201cAcabo de o\u00edr emocionado la noticia<\/span><\/span><\/p>\n<p class=\"MsoNormal\" style=\"margin: 0cm 0cm 0pt; mso-layout-grid-align: none;\"><span style=\"font-size: small;\"><span style=\"font-family: Times New Roman;\">de que mi querida hermana Zilda Arns Neumann sufri\u00f3 como el buen pueblo de Hait\u00ed el efecto tr\u00e1gico del terremoto. Que nuestro Dios en su misericordia acoja en el cielo a aquellos que en esta tierra lucharon por los ni\u00f1os y los desamparados. No es hora de perder la esperanza\u201d.<\/span><\/span><\/p>\n<p class=\"MsoNormal\" style=\"margin: 0cm 0cm 0pt; mso-layout-grid-align: none;\"><span style=\"font-size: small;\"><span style=\"font-family: Times New Roman;\">Por su parte, en un sentido art\u00edculo publicado por <em>Folha de S\u00e3o Paulo <\/em>en su edici\u00f3n del 14 de enero, el c\u00e9lebre te\u00f3logo Carlos Alberto Lib\u00e1nio Christo, m\u00e1s conocido como fray<\/span><\/span><\/p>\n<p class=\"MsoNormal\" style=\"margin: 0cm 0cm 0pt; mso-layout-grid-align: none;\"><span style=\"font-size: small;\"><span style=\"font-family: Times New Roman;\">Betto, refuerza la idea tantas veces relatada por la propia Zilda acerca de que su programa se basaba en el Evangelio de San Juan por aquello del milagro de la multiplicaci\u00f3n de los panes y los peces para satisfacer el hambre y la necesidad del pueblo. Tambi\u00e9n subraya Betto la apelaci\u00f3n al m\u00e9todo de educaci\u00f3n popular de Paulo Freire seguido por la Pastoral del Ni\u00f1o al convertir a los voluntarios en aut\u00e9nticos agentes multiplicadores.<\/span><\/span><\/p>\n<p class=\"MsoNormal\" style=\"margin: 0cm 0cm 0pt; mso-layout-grid-align: none;\"><span style=\"font-size: small; font-family: Times New Roman;\">Tampoco olvida la experiencia compartida con ella en 2004 cuando ambos debatieron con las autoridades la conveniencia o no de cambiar el plan \u201cHambre cero\u201d por la \u201cBolsa familia\u201d. All\u00ed con mucha determinaci\u00f3n la doctora Arns se opuso a la eliminaci\u00f3n de los comit\u00e9s gestores \u201cpor destruir una capilaridad popular que fortalece el empoderamiento de la sociedad civil (\u2026) por reforzar el poder de los prefectos y legisladores municipales que no siempre priman por la \u00e9tica y la transparencia en el trato de los fondos p\u00fablicos. El gobierno no debe temer la presencia de la sociedad civil, representada por los comit\u00e9s gestores\u201d. <\/span><\/p>\n<p class=\"MsoNormal\" style=\"margin: 0cm 0cm 0pt; mso-layout-grid-align: none;\"><span style=\"font-size: small; font-family: Times New Roman;\">Por \u00faltimo, Betto concluye su despedida de Zilda nomin\u00e1ndola \u201ccon el t\u00edtulo perenne de madre de la patria\u201d, madre de Brasil, por todo lo realizado por los miles de j\u00f3venes y adultos que sobrevivieron a la extrema pobreza en la que nacieron. <\/span><\/p>\n<p class=\"MsoNormal\" style=\"margin: 0cm 0cm 0pt; mso-layout-grid-align: none;\"><span style=\"font-size: small; font-family: Times New Roman;\">\u201cZilda Arns nos deja de herencia el ejemplo de que es posible cambiar el perfil de una sociedad con acciones comunitarias, voluntarias de la sociedad civil, cada vez que el poder p\u00fablico y la iniciativa privada permanezcan indiferentes o realicen simulacros de responsabilidad social\u201d.<\/span><\/p>\n<p class=\"MsoNormal\" style=\"margin: 0cm 0cm 0pt; mso-layout-grid-align: none;\"><span style=\"font-size: small;\"><span style=\"font-family: Times New Roman;\">He aqu\u00ed tambi\u00e9n mi humilde homenaje en esta breve rese\u00f1a de la extraordinaria vida de una verdadera mensajera de Cristo, para contribuir a conocer su obra que seguramente <\/span><\/span><span style=\"font-size: small;\"><span style=\"font-family: Times New Roman;\">ha de ser continuada en todo el mundo por varones y mujeres de buena voluntad movidos como ella por la solidaridad y la b\u00fasqueda de la justicia.<span style=\"color: black;\"><\/span><\/span><\/span><\/p>\n","protected":false},"excerpt":{"rendered":"<p>\u201cComo p\u00e1jaros que cuidan de sus hijos al hacer un nido en los \u00e1rboles y las monta\u00f1as, lejos de los depredadores, amenazas y peligros, y&#8230;<\/p>\n","protected":false},"author":7,"featured_media":0,"comment_status":"open","ping_status":"open","sticky":false,"template":"","format":"standard","meta":{"_acf_changed":false,"_jetpack_newsletter_access":"","_jetpack_dont_email_post_to_subs":false,"_jetpack_newsletter_tier_id":0,"_jetpack_memberships_contains_paywalled_content":false,"_jetpack_memberships_contains_paid_content":false,"footnotes":""},"categories":[5],"tags":[68,69],"class_list":["post-4404","post","type-post","status-publish","format-standard","hentry","category-sociedad","tag-arns","tag-haiti"],"acf":[],"jetpack_featured_media_url":"","jetpack_sharing_enabled":true,"jetpack_shortlink":"https:\/\/wp.me\/p6FC4i-192","_links":{"self":[{"href":"https:\/\/www.revistacriterio.com.ar\/bloginst_new\/index.php?rest_route=\/wp\/v2\/posts\/4404","targetHints":{"allow":["GET"]}}],"collection":[{"href":"https:\/\/www.revistacriterio.com.ar\/bloginst_new\/index.php?rest_route=\/wp\/v2\/posts"}],"about":[{"href":"https:\/\/www.revistacriterio.com.ar\/bloginst_new\/index.php?rest_route=\/wp\/v2\/types\/post"}],"author":[{"embeddable":true,"href":"https:\/\/www.revistacriterio.com.ar\/bloginst_new\/index.php?rest_route=\/wp\/v2\/users\/7"}],"replies":[{"embeddable":true,"href":"https:\/\/www.revistacriterio.com.ar\/bloginst_new\/index.php?rest_route=%2Fwp%2Fv2%2Fcomments&post=4404"}],"version-history":[{"count":0,"href":"https:\/\/www.revistacriterio.com.ar\/bloginst_new\/index.php?rest_route=\/wp\/v2\/posts\/4404\/revisions"}],"wp:attachment":[{"href":"https:\/\/www.revistacriterio.com.ar\/bloginst_new\/index.php?rest_route=%2Fwp%2Fv2%2Fmedia&parent=4404"}],"wp:term":[{"taxonomy":"category","embeddable":true,"href":"https:\/\/www.revistacriterio.com.ar\/bloginst_new\/index.php?rest_route=%2Fwp%2Fv2%2Fcategories&post=4404"},{"taxonomy":"post_tag","embeddable":true,"href":"https:\/\/www.revistacriterio.com.ar\/bloginst_new\/index.php?rest_route=%2Fwp%2Fv2%2Ftags&post=4404"}],"curies":[{"name":"wp","href":"https:\/\/api.w.org\/{rel}","templated":true}]}}