{"id":4697,"date":"2010-05-11T16:00:41","date_gmt":"2010-05-11T19:00:41","guid":{"rendered":"http:\/\/www.revistacriterio.com.ar\/bloginst_new\/?p=4697"},"modified":"2010-05-11T16:00:41","modified_gmt":"2010-05-11T19:00:41","slug":"la-iglesia-frente-a-los-abusos-debo-quedarme-o-irme","status":"publish","type":"post","link":"https:\/\/www.revistacriterio.com.ar\/bloginst_new\/?p=4697","title":{"rendered":"La Iglesia frente a los abusos: \u00bfDebo quedarme o irme?"},"content":{"rendered":"<p class=\"MsoNormal\" style=\"margin: 0cm 0cm 0pt;\"><span style=\"font-size: small; font-family: Times New Roman;\">El esc\u00e1ndalo por los abusos sexuales contra ni\u00f1os y su encubrimiento ha llevado a <\/span><span style=\"font-size: small; font-family: Times New Roman;\">algunos cat\u00f3licos a replantearse su pertenencia a la instituci\u00f3n. Aqu\u00ed, quien fuera <\/span><span style=\"font-size: small; font-family: Times New Roman;\">maestro de la orden de los dominicos explica por qu\u00e9 elige quedarse en la Iglesia y <\/span><span style=\"font-size: small; font-family: Times New Roman;\">por qu\u00e9 ella debe seguir acept\u00e1ndolo, pase lo que pase.<!--more--><\/span><\/p>\n<p class=\"MsoNormal\" style=\"margin: 0cm 0cm 0pt; mso-layout-grid-align: none;\"><span style=\"color: black;\"><span style=\"font-size: small;\"><span style=\"font-family: Times New Roman;\">Nuevas revelaciones de abusos sexuales cometidos por sacerdotes en Alemania e Italia han provocado una ola de ira y disgusto. He recibido mensajes por correo electr\u00f3nico de personas de toda Europa en los que me preguntan c\u00f3mo permanecer en la Iglesia. Hasta recib\u00ed un formulario de renuncia: \u00bfqu\u00e9 razones ten\u00eda para seguir perteneciendo? <\/span><\/span><\/span><\/p>\n<p class=\"MsoNormal\" style=\"margin: 0cm 0cm 0pt; mso-layout-grid-align: none;\"><span style=\"color: black;\"><span style=\"font-size: small;\"><span style=\"font-family: Times New Roman;\">Algunas personas sienten que ya no pueden seguir asociadas a una instituci\u00f3n tan corrupta y peligrosa para los ni\u00f1os. El sufrimiento de tantos chicos es, sin duda, espantoso. Deben ser nuestra principal preocupaci\u00f3n. Nada de lo que voy a escribir tiene de ning\u00fan modo la intenci\u00f3n de reducir nuestro horror ante el mal del abuso sexual. Sin embargo, las estad\u00edsticas que elabor\u00f3 el colegio John Jay de justicia penal en 2004 a pedido de los Estados Unidos indican que el clero cat\u00f3lico no comete m\u00e1s delitos que el clero casado de otras Iglesias. Algunos estudios registran que el n\u00famero de delitos es menor en el caso de los sacerdotes cat\u00f3licos. Incluso menor que el de los maestros de escuela laicas, y tal vez la mitad respecto de la poblaci\u00f3n general. El celibato no lleva a la gente a abusar de los ni\u00f1os. Es sencillamente falaz imaginar que dejar la Iglesia por otra confesi\u00f3n dar\u00e1 mayor seguridad a nuestros hijos. Debemos<\/span><\/span><\/span><\/p>\n<p class=\"MsoNormal\" style=\"margin: 0cm 0cm 0pt; mso-layout-grid-align: none;\"><span style=\"color: black;\"><span style=\"font-size: small;\"><span style=\"font-family: Times New Roman;\">enfrentar el terrible hecho de que el abuso de ni\u00f1os es algo generalizado en cualquier sector de la sociedad. Hacer de la Iglesia el chivo expiatorio ser\u00eda otra forma de encubrimiento.<\/span><\/span><\/span><\/p>\n<p class=\"MsoNormal\" style=\"margin: 0cm 0cm 0pt; mso-layout-grid-align: none;\"><span style=\"color: black;\"><span style=\"font-size: small;\"><span style=\"font-family: Times New Roman;\">\u00bfPero qu\u00e9 ocurre con el encubrimiento dentro de la Iglesia? \u00bfAcaso no han sido nuestros obispos terriblemente irresponsables al trasladar a los culpables de un lugar a otro, sin denunciarlos a la polic\u00eda, perpetuando as\u00ed los abusos? S\u00ed, a veces. La gran mayor\u00eda de estos casos, sin embargo, se retrotrae a las d\u00e9cadas de los sesenta y setenta, cuando los obispos a menudo tend\u00edan a considerar el abuso sexual m\u00e1s bien un pecado que una patolog\u00eda, y cuando abogados y psic\u00f3logos con frecuencia los tranquilizaban<\/span><\/span><\/span><\/p>\n<p class=\"MsoNormal\" style=\"margin: 0cm 0cm 0pt; mso-layout-grid-align: none;\"><span style=\"color: black;\"><span style=\"font-size: small;\"><span style=\"font-family: Times New Roman;\">dici\u00e9ndoles que no hab\u00eda peligro en reasignar a los sacerdotes una vez que hubieran recibido tratamiento.<\/span><\/span><\/span><\/p>\n<p class=\"MsoNormal\" style=\"margin: 0cm 0cm 0pt; mso-layout-grid-align: none;\"><span style=\"color: black;\"><span style=\"font-size: small;\"><span style=\"font-family: Times New Roman;\">Es injusto proyectar hacia atr\u00e1s una conciencia de la naturaleza y gravedad del abuso sexual que simplemente entonces no exist\u00eda. A fines de los a\u00f1os setenta, con el feminismo en pleno desarrollo, exhibiendo la violencia de algunos varones contra las mujeres, se los alertaba del terrible da\u00f1o que se inflig\u00eda a ni\u00f1os vulnerables.<\/span><\/span><\/span><\/p>\n<p class=\"MsoNormal\" style=\"margin: 0cm 0cm 0pt; mso-layout-grid-align: none;\"><span style=\"color: black;\"><span style=\"font-size: small;\"><span style=\"font-family: Times New Roman;\">\u00bfPero qu\u00e9 ocurre con el Vaticano? Benedicto XVI, siendo prefecto de la Congregaci\u00f3n para la Doctrina de la Fe (CDF) adopt\u00f3 al respecto una actitud firme, que mantiene siendo Papa. Hoy, un dedo acusador lo se\u00f1ala. Al parecer algunos casos informados a la CDF a su cargo no fueron investigados. \u00bfNo socava esto la credibilidad del Papa? Frente a San Pedro hay manifestantes que exigen su renuncia. Tengo la certeza moral de que no es responsable de esto. Se suele imaginar que el Vaticano es una organizaci\u00f3n vasta y eficiente. En realidad es min\u00fascula. La CDF s\u00f3lo emplea a 45 personas que atienden cuestiones de doctrina y disciplinarias para una Iglesia de mil trescientos millones de miembros (el 17% de la poblaci\u00f3n mundial) y unos 400.000 sacerdotes. En mi trato con la CDF como maestro de la orden de los dominicos, pude ver hasta qu\u00e9 punto se esforzaban por dar abasto con la tarea. Los documentos se colaban inadvertidamente por las rendijas. El cardenal Joseph Ratzinger se lament\u00f3 ante m\u00ed de que el personal era, sencillamente, demasiado escaso. <\/span><\/span><\/span><\/p>\n<p class=\"MsoNormal\" style=\"margin: 0cm 0cm 0pt; mso-layout-grid-align: none;\"><span style=\"color: black;\"><span style=\"font-size: small;\"><span style=\"font-family: Times New Roman;\">La gente est\u00e1 indignada por el hecho de que el Vaticano no abra sus archivos y ofrezca una explicaci\u00f3n clara de lo ocurrido. \u00bfPor qu\u00e9 se muestra tan herm\u00e9tico? Cat\u00f3licos enojados y heridos sienten que tienen derecho a un gobierno transparente. Estoy de acuerdo. Pero, para ser justos, tenemos que entender por qu\u00e9 el Vaticano se protege tanto a s\u00ed mismo. Hubo m\u00e1s m\u00e1rtires en el siglo xx que en la totalidad de los siglos anteriores: obispos y sacerdotes, religiosos y laicos fueron asesinados en Europa occidental, pa\u00edses sovi\u00e9ticos, \u00c1frica, Am\u00e9rica latina y Asia.<\/span><\/span><\/span><\/p>\n<p class=\"MsoNormal\" style=\"margin: 0cm 0cm 0pt; mso-layout-grid-align: none;\"><span style=\"color: black;\"><span style=\"font-size: small;\"><span style=\"font-family: Times New Roman;\">Muchos cat\u00f3licos todav\u00eda hoy son tomados prisioneros y mueren por su fe. Por supuesto, el Vaticano tiende a hacer hincapi\u00e9 en la confidencialidad; algo necesario para proteger a la Iglesia de las personas que quieren su destrucci\u00f3n. Es comprensible, entonces, que el Vaticano reaccione de manera agresiva ante las demandas de transparencia y que perciba que los leg\u00edtimos pedidos de apertura son una forma<\/span><\/span><\/span><\/p>\n<p class=\"MsoNormal\" style=\"margin: 0cm 0cm 0pt; mso-layout-grid-align: none;\"><span style=\"color: black;\"><span style=\"font-size: small;\"><span style=\"font-family: Times New Roman;\">de persecuci\u00f3n. En efecto, hay en los medios de comunicaci\u00f3n personas que quieren da\u00f1ar la credibilidad de la Iglesia. Pero tambi\u00e9n tenemos una deuda de gratitud para con la prensa por su insistencia en que la Iglesia enfrente sus fallas. De no haber sido por los medios de comunicaci\u00f3n, la vergonzosa situaci\u00f3n de los abusos podr\u00eda haber seguido sin ser afrontada. La confidencialidad tambi\u00e9n es consecuencia de la insistencia de la Iglesia en que todo acusado tiene derecho a preservar su buen nombre hasta que se pruebe su culpabilidad. <\/span><\/span><\/span><\/p>\n<p class=\"MsoNormal\" style=\"margin: 0cm 0cm 0pt; mso-layout-grid-align: none;\"><span style=\"color: black;\"><span style=\"font-size: small;\"><span style=\"font-family: Times New Roman;\">Es muy dif\u00edcil que esto se entienda en nuestra sociedad, cuyos medios de comunicaci\u00f3n destruyen la reputaci\u00f3n de la gente sin ning\u00fan reparo. \u00bfPor qu\u00e9 irse? Si es para hallar un cielo m\u00e1s seguro, una Iglesia menos corrupta, creo que van a sentirse defraudados. Yo tambi\u00e9n anhelo un gobierno m\u00e1s transparente, un debate m\u00e1s abierto, pero el secreto de la Iglesia es entendible y, a veces, necesario. Entender no siempre es condonar, pero resulta necesario para actuar con justicia. <span style=\"mso-spacerun: yes;\">\u00a0<\/span>\u00bfPor qu\u00e9 quedarse? Pondr\u00e9 mis cartas sobre la mesa: aun cuando la Iglesia fuera evidentemente peor que otras Iglesias, tampoco me ir\u00eda. No soy cat\u00f3lico porque nuestra Iglesia sea la mejor, ni porque me guste el catolicismo.<\/span><\/span><\/span><\/p>\n<p class=\"MsoNormal\" style=\"margin: 0cm 0cm 0pt; mso-layout-grid-align: none;\"><span style=\"color: black;\"><span style=\"font-size: small;\"><span style=\"font-family: Times New Roman;\">Amo muchas cosas de mi Iglesia, no obstante existan aspectos de ella que me disgustan. No soy cat\u00f3lico por una \u201copci\u00f3n consumista\u201d que prefiere una marca a otra, sino porque creo que encarna algo que es esencial al testimonio cristiano de la Resurrecci\u00f3n: la unidad visible. <span style=\"mso-spacerun: yes;\">\u00a0<\/span>Cuando Jes\u00fas muri\u00f3, su comunidad se desmoron\u00f3. Hab\u00eda sido traicionado y negado, y la mayor\u00eda de sus disc\u00edpulos huyeron. Fueron principalmente las mujeres quienes lo acompa\u00f1aron hasta el final. El domingo de Resurrecci\u00f3n, se apareci\u00f3 a sus disc\u00edpulos. Fue m\u00e1s que la resurrecci\u00f3n f\u00edsica de un cuerpo muerto. En \u00e9l, Dios triunf\u00f3 por sobre todo lo que destruye a la comunidad: el pecado, la cobard\u00eda, las mentiras, la incomprensi\u00f3n, el sufrimiento y la muerte. <\/span><\/span><\/span><\/p>\n<p class=\"MsoNormal\" style=\"margin: 0cm 0cm 0pt; mso-layout-grid-align: none;\"><span style=\"font-size: small;\"><span style=\"font-family: Times New Roman;\"><span style=\"color: black;\">La Resurrecci\u00f3n<\/span><span style=\"color: black;\"> se hizo evidente al mundo en la asombrosa visi\u00f3n de una comunidad renacida. Estos cobardes y negadores fueron otra vez reunidos. No era gente proba, y estaban avergonzados por lo que hab\u00edan hecho, pero de nuevo eran uno. La unidad de la Iglesia es signo de la victoria de Cristo sobre las fuerzas que fragmentan y dispersan. <\/span><\/span><\/span><\/p>\n<p class=\"MsoNormal\" style=\"margin: 0cm 0cm 0pt; mso-layout-grid-align: none;\"><span style=\"color: black;\"><span style=\"font-size: small;\"><span style=\"font-family: Times New Roman;\">Todos los cristianos son uno en el Cuerpo de Cristo. Siento el m\u00e1s profundo respeto y afecto hacia los cristianos de otras Iglesias que me nutren e inspiran. Pero esta unidad en Cristo precisa una encarnaci\u00f3n visible. El cristianismo no es una vaga espiritualidad sino una religi\u00f3n de encarnaci\u00f3n en la que las m\u00e1s profundas verdades asumen forma f\u00edsica y, en ocasiones, institucional. Hist\u00f3ricamente, esta unidad encontr\u00f3 su foco en Pedro: la Roca en Mateo, Marcos y Lucas; y el pastor del reba\u00f1o en el evangelio de<\/span><\/span><\/span><\/p>\n<p class=\"MsoNormal\" style=\"margin: 0cm 0cm 0pt; mso-layout-grid-align: none;\"><span style=\"color: black;\"><span style=\"font-size: small;\"><span style=\"font-family: Times New Roman;\">Juan. <\/span><\/span><\/span><\/p>\n<p class=\"MsoNormal\" style=\"margin: 0cm 0cm 0pt; mso-layout-grid-align: none;\"><span style=\"color: black;\"><span style=\"font-size: small;\"><span style=\"font-family: Times New Roman;\">Desde el principio y a lo largo de la historia, con frecuencia Pedro ha sido una roca inestable, fuente de esc\u00e1ndalo, corrupto; y sin embargo es aquel \u2013y sus sucesores\u2013 cuya tarea radica en mantenernos unidos para que podamos dar testimonio del triunfo de Cristo el domingo de Resurrecci\u00f3n sobre el poder corruptor del pecado. Por eso, la Iglesia tendr\u00e1 que cargar conmigo pase lo que pase. Quiz\u00e1s nos averg\u00fcence admitir que somos cat\u00f3licos, pero Jes\u00fas anduvo con gente que suscitaba verg\u00fcenza ya entonces.<\/span><\/span><\/span><\/p>\n<p class=\"MsoNormal\" style=\"margin: 0cm 0cm 0pt; mso-layout-grid-align: none;\"><span style=\"font-size: 10pt; color: black; font-family: Baskerville; mso-bidi-font-family: Baskerville;\"><span style=\"font-family: Times New Roman;\">\u00a0<\/span><\/span><\/p>\n<p class=\"MsoNormal\" style=\"margin: 0cm 0cm 0pt; mso-layout-grid-align: none;\"><em><span style=\"font-size: 10pt; color: black;\"><span style=\"font-family: Times New Roman;\">Texto de The Tablet, 10 de abril, 2010.<\/span><\/span><\/em><\/p>\n<p class=\"MsoNormal\" style=\"margin: 0cm 0cm 0pt; mso-layout-grid-align: none;\"><em><span style=\"font-size: 10pt; color: black;\"><span style=\"font-family: Times New Roman;\">\u00a0<\/span><\/span><\/em><\/p>\n<p class=\"MsoNormal\" style=\"margin: 0cm 0cm 0pt; mso-layout-grid-align: none;\"><em><span style=\"font-size: 10pt; color: black;\"><span style=\"font-family: Times New Roman;\">El autor fue maestro de la <span style=\"font-style: normal;\">Orden<\/span><span style=\"font-style: normal;\"> de Predicadores<\/span>, \u00fanico miembro de la provincia inglesa de los dominicos que ha ejercido ese cargo desde la fundaci\u00f3n de la orden en 1216.<\/span><\/span><\/em><\/p>\n<p class=\"MsoNormal\" style=\"margin: 0cm 0cm 0pt; mso-layout-grid-align: none;\"><em><span style=\"font-size: 10pt; color: black;\"><span style=\"font-family: Times New Roman;\">\u00a0<\/span><\/span><\/em><\/p>\n<p class=\"MsoNormal\" style=\"margin: 0cm 0cm 0pt; mso-layout-grid-align: none;\"><em><span style=\"font-size: 10pt; color: black;\"><span style=\"font-family: Times New Roman;\">Traducci\u00f3n: Silvina Floria<\/span><\/span><\/em><span style=\"font-size: 10pt;\"><\/span><\/p>\n","protected":false},"excerpt":{"rendered":"<p>El esc\u00e1ndalo por los abusos sexuales contra ni\u00f1os y su encubrimiento ha llevado a algunos cat\u00f3licos a replantearse su pertenencia a la instituci\u00f3n. Aqu\u00ed, quien&#8230;<\/p>\n","protected":false},"author":7,"featured_media":0,"comment_status":"open","ping_status":"open","sticky":false,"template":"","format":"standard","meta":{"_acf_changed":false,"_jetpack_newsletter_access":"","_jetpack_dont_email_post_to_subs":false,"_jetpack_newsletter_tier_id":0,"_jetpack_memberships_contains_paywalled_content":false,"_jetpack_memberships_contains_paid_content":false,"footnotes":""},"categories":[8],"tags":[74,17,14],"class_list":["post-4697","post","type-post","status-publish","format-standard","hentry","category-iglesia","tag-abusos","tag-educacion","tag-iglesia"],"acf":[],"jetpack_featured_media_url":"","jetpack_sharing_enabled":true,"jetpack_shortlink":"https:\/\/wp.me\/p6FC4i-1dL","_links":{"self":[{"href":"https:\/\/www.revistacriterio.com.ar\/bloginst_new\/index.php?rest_route=\/wp\/v2\/posts\/4697","targetHints":{"allow":["GET"]}}],"collection":[{"href":"https:\/\/www.revistacriterio.com.ar\/bloginst_new\/index.php?rest_route=\/wp\/v2\/posts"}],"about":[{"href":"https:\/\/www.revistacriterio.com.ar\/bloginst_new\/index.php?rest_route=\/wp\/v2\/types\/post"}],"author":[{"embeddable":true,"href":"https:\/\/www.revistacriterio.com.ar\/bloginst_new\/index.php?rest_route=\/wp\/v2\/users\/7"}],"replies":[{"embeddable":true,"href":"https:\/\/www.revistacriterio.com.ar\/bloginst_new\/index.php?rest_route=%2Fwp%2Fv2%2Fcomments&post=4697"}],"version-history":[{"count":0,"href":"https:\/\/www.revistacriterio.com.ar\/bloginst_new\/index.php?rest_route=\/wp\/v2\/posts\/4697\/revisions"}],"wp:attachment":[{"href":"https:\/\/www.revistacriterio.com.ar\/bloginst_new\/index.php?rest_route=%2Fwp%2Fv2%2Fmedia&parent=4697"}],"wp:term":[{"taxonomy":"category","embeddable":true,"href":"https:\/\/www.revistacriterio.com.ar\/bloginst_new\/index.php?rest_route=%2Fwp%2Fv2%2Fcategories&post=4697"},{"taxonomy":"post_tag","embeddable":true,"href":"https:\/\/www.revistacriterio.com.ar\/bloginst_new\/index.php?rest_route=%2Fwp%2Fv2%2Ftags&post=4697"}],"curies":[{"name":"wp","href":"https:\/\/api.w.org\/{rel}","templated":true}]}}