{"id":4706,"date":"2010-05-11T16:23:08","date_gmt":"2010-05-11T19:23:08","guid":{"rendered":"http:\/\/www.revistacriterio.com.ar\/bloginst_new\/?p=4706"},"modified":"2010-05-11T16:23:08","modified_gmt":"2010-05-11T19:23:08","slug":"el-tricentenario","status":"publish","type":"post","link":"https:\/\/www.revistacriterio.com.ar\/bloginst_new\/?p=4706","title":{"rendered":"El tricentenario"},"content":{"rendered":"<p class=\"MsoNormal\" style=\"margin: 0cm 0cm 0pt; mso-layout-grid-align: none;\"><span style=\"font-size: small; font-family: Times New Roman;\">Celebrar un cumplea\u00f1os no es lo mismo que celebrar el aniversario de una instituci\u00f3n privada o p\u00fablica. Las personas viven un n\u00famero limitado de a\u00f1os en esta tierra: nacemos, crecemos, envejecemos y morimos.<!--more-->\u00a0Las comunidades pol\u00edticas tienen un destino incierto porque son artificios culturales. Nacen, pero no siempre crecen y maduran. Tienen una duraci\u00f3n imprevisible, y muchas veces fracasan en alcanzar el objetivo que se propusieron sus padres fundadores.<\/span><\/p>\n<p class=\"MsoNormal\" style=\"margin: 0cm 0cm 0pt; mso-layout-grid-align: none;\"><span style=\"font-size: small;\"><span style=\"font-family: Times New Roman;\">Todos quieren ahora celebrar el \u201cBicentenario\u201d. Pero hace a\u00f1os que no se celebran las fiestas patrias, que s\u00f3lo han quedado reducidas a feriados para el turismo de los pudientes. Parece que se quiere evocar un proceso que se extendi\u00f3 entre 1810 y 1816. Se quiere hacer memoria, mirar el pasado, pero \u00bfcon qu\u00e9 prop\u00f3sito? \u00bfPara honrar a los que construyeron a su manera nuestra realidad, o para juzgar anacr\u00f3nicamente un pasado que ni siquiera han estudiado? Todo historiador serio realiza una interpretaci\u00f3n de la realidad que, al hacerla, sabe que no es la \u00fanica posible. Es lo propio de la vida acad\u00e9mica. Pero cuando se recuerda un pasado compartido se lo hace tanto desde la mente como desde el coraz\u00f3n, pero no desde la pasi\u00f3n ideol\u00f3gica. Podemos, y debemos, amar a nuestra patria desde la verdad.<\/span><\/span><\/p>\n<p class=\"MsoNormal\" style=\"margin: 0cm 0cm 0pt; mso-layout-grid-align: none;\"><span style=\"font-size: small; font-family: Times New Roman;\">Miremos, entonces, al futuro. \u00bfPara qu\u00e9 somos una comunidad pol\u00edtica? El pre\u00e1mbulo de la Constituci\u00f3n Nacional, redactado cuarenta a\u00f1os m\u00e1s tarde de lo que celebramos, se\u00f1ala un conjunto de objetivos que nos ofrece una visi\u00f3n de futuro que todav\u00eda puede seguir sirvi\u00e9ndonos como gu\u00eda para nuestra conducta ciudadana: \u201cConstituir la uni\u00f3n nacional, afianzar la justicia, consolidar la paz interior, proveer a la defensa com\u00fan, promover el bienestar general, y asegurar los beneficios de la libertad, para nosotros, para nuestra posteridad y para todos los hombres del mundo que quieran habitar en el suelo argentino\u201d. Siendo la nuestra una sociedad pluralista, el desaf\u00edo es construir el futuro desde la creatividad de un pensamiento libre, desde la escucha rec\u00edproca, desde el respeto y aprecio de las diferencias, y as\u00ed lograr pacientemente consensos encaminados a aproximarnos al horizonte deseado. Tenemos que construir desde la amistad social. <\/span><\/p>\n<p class=\"MsoNormal\" style=\"margin: 0cm 0cm 0pt; mso-layout-grid-align: none;\"><span style=\"font-size: small; font-family: Times New Roman;\">Es hora de invocar \u201cla protecci\u00f3n de Dios, fuente de toda raz\u00f3n y justicia\u201d. De dejar de lado la soberbia de la inteligencia, que nos hace pensar que somos omniscientes, y de la soberbia de la voluntad, que nos hace creer que somos omnipotentes. Avivemos el deseo de construir el tercer siglo de nuestra vida independiente con humildad, alegr\u00eda y amor, sin bajar los brazos.<\/span><\/p>\n","protected":false},"excerpt":{"rendered":"<p>Celebrar un cumplea\u00f1os no es lo mismo que celebrar el aniversario de una instituci\u00f3n privada o p\u00fablica. Las personas viven un n\u00famero limitado de a\u00f1os&#8230;<\/p>\n","protected":false},"author":7,"featured_media":0,"comment_status":"open","ping_status":"open","sticky":false,"template":"","format":"standard","meta":{"_acf_changed":false,"_jetpack_newsletter_access":"","_jetpack_dont_email_post_to_subs":false,"_jetpack_newsletter_tier_id":0,"_jetpack_memberships_contains_paywalled_content":false,"_jetpack_memberships_contains_paid_content":false,"footnotes":""},"categories":[3],"tags":[22,13,11,17],"class_list":["post-4706","post","type-post","status-publish","format-standard","hentry","category-politica-economia","tag-bicentenario","tag-conflictos","tag-debates","tag-educacion"],"acf":[],"jetpack_featured_media_url":"","jetpack_sharing_enabled":true,"jetpack_shortlink":"https:\/\/wp.me\/p6FC4i-1dU","_links":{"self":[{"href":"https:\/\/www.revistacriterio.com.ar\/bloginst_new\/index.php?rest_route=\/wp\/v2\/posts\/4706","targetHints":{"allow":["GET"]}}],"collection":[{"href":"https:\/\/www.revistacriterio.com.ar\/bloginst_new\/index.php?rest_route=\/wp\/v2\/posts"}],"about":[{"href":"https:\/\/www.revistacriterio.com.ar\/bloginst_new\/index.php?rest_route=\/wp\/v2\/types\/post"}],"author":[{"embeddable":true,"href":"https:\/\/www.revistacriterio.com.ar\/bloginst_new\/index.php?rest_route=\/wp\/v2\/users\/7"}],"replies":[{"embeddable":true,"href":"https:\/\/www.revistacriterio.com.ar\/bloginst_new\/index.php?rest_route=%2Fwp%2Fv2%2Fcomments&post=4706"}],"version-history":[{"count":0,"href":"https:\/\/www.revistacriterio.com.ar\/bloginst_new\/index.php?rest_route=\/wp\/v2\/posts\/4706\/revisions"}],"wp:attachment":[{"href":"https:\/\/www.revistacriterio.com.ar\/bloginst_new\/index.php?rest_route=%2Fwp%2Fv2%2Fmedia&parent=4706"}],"wp:term":[{"taxonomy":"category","embeddable":true,"href":"https:\/\/www.revistacriterio.com.ar\/bloginst_new\/index.php?rest_route=%2Fwp%2Fv2%2Fcategories&post=4706"},{"taxonomy":"post_tag","embeddable":true,"href":"https:\/\/www.revistacriterio.com.ar\/bloginst_new\/index.php?rest_route=%2Fwp%2Fv2%2Ftags&post=4706"}],"curies":[{"name":"wp","href":"https:\/\/api.w.org\/{rel}","templated":true}]}}