{"id":4716,"date":"2010-06-01T17:32:55","date_gmt":"2010-06-01T20:32:55","guid":{"rendered":"http:\/\/www.revistacriterio.com.ar\/bloginst_new\/?p=4716"},"modified":"2010-06-01T17:32:55","modified_gmt":"2010-06-01T20:32:55","slug":"editorial-europa-europa","status":"publish","type":"post","link":"https:\/\/www.revistacriterio.com.ar\/bloginst_new\/?p=4716","title":{"rendered":"Editorial: Europa, Europa"},"content":{"rendered":"<p class=\"MsoNormal\" style=\"margin: 0cm 0cm 0pt; mso-layout-grid-align: none;\"><span style=\"font-size: small; font-family: Times New Roman;\">Europa enfrenta hoy una severa crisis con una generaci\u00f3n que no vivi\u00f3 ni sufri\u00f3 los acontecimientos que la llevaron a ser lo que es.<!--more--><\/span><\/p>\n<p class=\"MsoNormal\" style=\"margin: 0cm 0cm 0pt; mso-layout-grid-align: none;\"><span style=\"font-size: small;\"><span style=\"font-family: Times New Roman;\">El sue\u00f1o de una Europa unida con un horizonte de progreso estaba profundamente grabado en la generaci\u00f3n de europeos que sobrevivi\u00f3 a las atrocidades de los conflictos b\u00e9licos que asolaron sus territorios en el siglo XX. Un esp\u00edritu de construcci\u00f3n de la paz animaba a los dirigentes que pensaron la Uni\u00f3n y comenzaron de manera concreta a trabajar por ese objetivo.<\/span><\/span><\/p>\n<p class=\"MsoNormal\" style=\"margin: 0cm 0cm 0pt; mso-layout-grid-align: none;\"><span style=\"font-size: small;\"><span style=\"font-family: Times New Roman;\">La declaraci\u00f3n del 9 de septiembre de 1950 del entonces ministro de Relaciones Exteriores de <span style=\"mso-spacerun: yes;\">\u00a0<\/span>Francia, Robert Schuman, con la que lanz\u00f3 la propuesta de crear la Alta Autoridad com\u00fan (entre Alemania y Francia) para la producci\u00f3n de carb\u00f3n y acero reflejaba ese esp\u00edritu: \u201cLa paz mundial no puede salvaguardarse sin esfuerzos creadores equiparables a los peligros que la amenazan\u201d. Los europeos, impulsados por la Alemania de posguerra y la Francia liberada, se un\u00edan en pos de una Europa com\u00fan.<\/span><\/span><\/p>\n<p class=\"MsoNormal\" style=\"margin: 0cm 0cm 0pt; mso-layout-grid-align: none;\"><span style=\"font-size: small; font-family: Times New Roman;\">El <em>estado de bienestar <\/em>creado a partir de esa comunidad tuvo para su cr\u00e9dito logros notorios. En algunos pa\u00edses fue impulsado por el socialismo; en otros, como Gran Breta\u00f1a, se tradujo en una serie de pol\u00edticas pragm\u00e1ticas dirigidas a aliviar la desigualdad social. El tema com\u00fan y logro universal de los gobiernos neokeynesianos de la posguerra fue su capacidad para reducir la brecha entre ricos y pobres. Con el tiempo se comprobaron otros beneficios: mengu\u00f3 el temor de un retorno a pol\u00edticas extremistas de la desesperaci\u00f3n, de la envidia, de la inseguridad. <\/span><\/p>\n<p class=\"MsoNormal\" style=\"margin: 0cm 0cm 0pt; mso-layout-grid-align: none;\"><span style=\"font-size: small;\"><span style=\"font-family: Times New Roman;\">Pero a medida que las viejas generaciones que recordaban los a\u00f1os 30 dejaban paso a las nuevas, los horrores del pasado, las miserias e inseguridades iban siendo olvidadas. Europa enfrenta hoy una severa crisis con una generaci\u00f3n que no vivi\u00f3 ni sufri\u00f3 los acontecimientos que la llevaron a ser lo que es. No estamos ante la cr\u00f3nica de una muerte anunciada, pero s\u00ed ante un previsible fin de fiesta.<\/span><\/span><\/p>\n<p class=\"MsoNormal\" style=\"margin: 0cm 0cm 0pt; mso-layout-grid-align: none;\"><strong style=\"mso-bidi-font-weight: normal;\"><span style=\"font-size: small;\"><span style=\"font-family: Times New Roman;\">La crisis<\/span><\/span><\/strong><\/p>\n<p class=\"MsoNormal\" style=\"margin: 0cm 0cm 0pt; mso-layout-grid-align: none;\"><span style=\"font-size: small; font-family: Times New Roman;\">Europa aparece como la contracara del mundo emergente, lleno de vitalidad, de proyectos y de vocaci\u00f3n por ocupar el centro de la escena. La crisis fiscal es por cierto abrumadora, con d\u00e9ficits imposibles de financiar y deudas astron\u00f3micas. S\u00f3lo los Estados Unidos muestran parejas magnitudes. Pero, como se est\u00e1 evidenciando, Europa no es los Estados Unidos, no s\u00f3lo porque el d\u00f3lar se encuentra todav\u00eda mucho m\u00e1s apreciado que el euro como moneda de reserva global, lo que le brinda mayores posibilidades de financiamiento, sino tambi\u00e9n porque los norteamericanos a\u00fan muestran mayor dinamismo econ\u00f3mico, m\u00e1s capacidad de innovaci\u00f3n, mercados laborales \u00e1giles y una actitud m\u00e1s abierta hacia la inmigraci\u00f3n, a pesar de leyes casi racistas como la muy reciente del estado de Arizona. Existe, sin embargo, un importante factor en com\u00fan: tanto Europa como los Estados Unidos han vivido en lo que va del siglo XXI por encima de sus posibilidades y de su productividad, gastando en exceso y recurriendo al financiamiento externo para salvar la diferencia con respecto a sus ingresos. Tambi\u00e9n hay, por cierto, importantes diferencias internas dentro de Europa: mientras Alemania y Holanda han tenido ahorros externos positivos, y Francia y el Reino Unido se endeudaron moderadamente, los peyorativamente llamados \u201cPIIGS\u201d, es decir, Portugal, Irlanda, Italia, Grecia y Espa\u00f1a, financiaron sus excesos de gasto con capitales externos. Seg\u00fan las estimaciones del premio Nobel de econom\u00eda Robert Fogel, la participaci\u00f3n de Europa en el producto interno bruto (PIB) global se reducir\u00eda del 21% en 2000 hasta el 4,9% en 2040, mientras que los Estados Unidos caer\u00edan \u201cs\u00f3lo\u201d del 22% al 13,9%. Por ello, lo fiscal es en Europa s\u00f3lo la punta del iceberg. Detr\u00e1s de este pobre desempe\u00f1o econ\u00f3mico calan m\u00e1s hondo la decadencia demogr\u00e1fica, la resistencia a la inmigraci\u00f3n y el quebranto de sus sistemas de pensiones. <\/span><\/p>\n<p class=\"MsoNormal\" style=\"margin: 0cm 0cm 0pt; mso-layout-grid-align: none;\"><span style=\"font-size: small; font-family: Times New Roman;\">No a los hijos, no a los inmigrantes y s\u00ed a las buenas y tempranas jubilaciones es una tr\u00edada imposible. Los sistemas de pensiones de la mayor parte de Europa occidental est\u00e1nt\u00e9cnicamente quebrados y no les ser\u00e1 posible pagar las jubilaciones que se prometen. Como ya puede verse, enfrentarse con esta dura realidad conduce y conducir\u00e1 a fuertes protestas sociales. Les ir\u00e1 bastante mejor a los pa\u00edses que tienen al menos un ahorro previo (capitalizaci\u00f3n) para financiar las <span style=\"mso-spacerun: yes;\">\u00a0<\/span>contribuciones (por ejemplo, Reino Unido); tal como el que ten\u00eda la Argentina hasta la reforma previsional de 2008. <\/span><\/p>\n<p class=\"MsoNormal\" style=\"margin: 0cm 0cm 0pt; mso-layout-grid-align: none;\"><span style=\"font-size: small; font-family: Times New Roman;\">En cambio, no es buena la perspectiva para la mayor\u00eda del resto de los pa\u00edses cuyo sistema <span style=\"mso-spacerun: yes;\">\u00a0<\/span>previsional es de reparto y las jubilaciones actuales se pagan con los aportes de los trabajadores activos. Y el problema se sumar\u00e1 a la ya grave situaci\u00f3n de las finanzas p\u00fablicas. Se revela as\u00ed una falla del <em>estado de bienestar <\/em>europeo: el costo de los beneficios que disfrutan las actuales generaciones correr\u00e1 por cuenta de las futuras.<\/span><\/p>\n<p class=\"MsoNormal\" style=\"margin: 0cm 0cm 0pt; mso-layout-grid-align: none;\"><span style=\"font-size: small; font-family: Times New Roman;\">Sin embargo, tal ha sido la magnitud de los excesos que los pa\u00edses m\u00e1s comprometidos deben aplicar ahora draconianas medidas de ajuste de los gastos p\u00fablicos y de los impuestos que conllevar\u00e1n sin duda muchas injusticias. Tambi\u00e9n es claro que la demora en reconocer estas realidades agrava la situaci\u00f3n. \u201cA nosotros jam\u00e1s nos puede pasar una cosa as\u00ed\u201d, pensaban los europeos cuando ve\u00edan crisis como las de la Argentina en 2001.<\/span><\/p>\n<p class=\"MsoNormal\" style=\"margin: 0cm 0cm 0pt; mso-layout-grid-align: none;\"><span style=\"font-size: small;\"><span style=\"font-family: Times New Roman;\">En el ritmo febril de consumo de la d\u00e9cada no ten\u00edan tiempo para pensar y darse cuenta cu\u00e1nto de artificial hab\u00eda en la prosperidad de muchos, hasta qu\u00e9 punto era una fiesta cuya cuenta tarde o temprano habr\u00eda que pagar. Ni siquiera bastaron los terribles signos de 2008 para intentar, al menos por una vez, anticiparse a los hechos y no correr detr\u00e1s. Ninguna idea original apareci\u00f3 entonces y se limitaron a pol\u00edticas keynesianas de por s\u00ed acertadas pero que, aplicadas en pa\u00edses ya muy deficitarios y endeudados, debieron acompa\u00f1arse con una mayor previsi\u00f3n de sus impactos futuros. Y aun cuando desde fines de 2009 empez\u00f3 a evidenciarse que Grecia \u2013cuyos n\u00fameros eran en parte falsos\u2013 no podr\u00eda pagar su deuda, demor\u00f3 varios meses un paquete de ayuda financiera de 131.000 millones de d\u00f3lares, que gener\u00f3 una ef\u00edmera confianza. Luego de nuevas demoras y de conspicuos llamados telef\u00f3nicos como los del presidente Barack Obama en una escena de domingo a la noche, propia m\u00e1s bien de la Argentina en sus peores momentos, se anunci\u00f3 un nuevo paquete de ayuda por casi un bill\u00f3n de d\u00f3lares para toda la zona del euro, que incluy\u00f3 la casi humillaci\u00f3n de una <span style=\"mso-spacerun: yes;\">\u00a0<\/span>participaci\u00f3n importante del FMI.<\/span><\/span><\/p>\n<p class=\"MsoNormal\" style=\"margin: 0cm 0cm 0pt; mso-layout-grid-align: none;\"><strong style=\"mso-bidi-font-weight: normal;\"><span style=\"font-size: small;\"><span style=\"font-family: Times New Roman;\">\u00bfSalidas?<\/span><\/span><\/strong><\/p>\n<p class=\"MsoNormal\" style=\"margin: 0cm 0cm 0pt; mso-layout-grid-align: none;\"><span style=\"font-size: small; font-family: Times New Roman;\">A cualquier posible salida se le agrega un ingrediente que torna m\u00e1s compleja la cuesti\u00f3n: la dif\u00edcil convivencia de una uni\u00f3n monetaria con soberan\u00edas pol\u00edticas divididas y niveles de productividad <span style=\"mso-spacerun: yes;\">\u00a0<\/span>muy dis\u00edmiles. <\/span><\/p>\n<p class=\"MsoNormal\" style=\"margin: 0cm 0cm 0pt; mso-layout-grid-align: none;\"><span style=\"font-size: small; font-family: Times New Roman;\">Surge la alternativa de que Grecia o Portugal, por caso, abandonen el euro para volver a su moneda y buscar la competitividad y el crecimiento por la v\u00eda de la devaluaci\u00f3n. Sin embargo no es f\u00e1cil que ocurra sin que cunda el contagio a otros pa\u00edses, da\u00f1ando a\u00fan m\u00e1s al euro y a la propia Europa, con ca\u00eddas de los bonos soberanos y mayor compromiso para los muchos bancos que los tienen en sus carteras. Tampoco est\u00e1 claro que estas medidas beneficiar\u00edan a quienes abandonen el euro. <\/span><\/p>\n<p class=\"MsoNormal\" style=\"margin: 0cm 0cm 0pt; mso-layout-grid-align: none;\"><span style=\"font-size: small;\"><span style=\"font-family: Times New Roman;\">Por otra parte, la sociedad europea no parece del todo preparada para enfrentar una crisis de esta magnitud ni pueden apreciarse liderazgos que \u2013como en el inicio de la Uni\u00f3n\u2013 tengan capacidad y visi\u00f3n suficientes para acometer las reformas estructurales necesarias para transitar esta crisis.<\/span><\/span><\/p>\n<p class=\"MsoNormal\" style=\"margin: 0cm 0cm 0pt; mso-layout-grid-align: none;\"><span style=\"font-size: small; font-family: Times New Roman;\">Al parecer el \u00e1rea del euro deber\u00e1 abroquelarse y hacer lo necesario, inclusive pagar todos los costos, para revivir. Tendr\u00edan que ser tiempos para reflexionar profundamente, aceptar con humildad las falencias y buscar caminos innovadores para salir adelante. No ser\u00e1 f\u00e1cil porque el vivir posmoderno, sin ataduras, ha calado all\u00ed muy hondo, generando una cultura que llega hasta la ra\u00edz de los comportamientos econ\u00f3micos que han conducido a la crisis. <\/span><\/p>\n","protected":false},"excerpt":{"rendered":"<p>Europa enfrenta hoy una severa crisis con una generaci\u00f3n que no vivi\u00f3 ni sufri\u00f3 los acontecimientos que la llevaron a ser lo que es.<\/p>\n","protected":false},"author":7,"featured_media":0,"comment_status":"open","ping_status":"open","sticky":false,"template":"","format":"standard","meta":{"_acf_changed":false,"_jetpack_newsletter_access":"","_jetpack_dont_email_post_to_subs":false,"_jetpack_newsletter_tier_id":0,"_jetpack_memberships_contains_paywalled_content":false,"_jetpack_memberships_contains_paid_content":false,"footnotes":""},"categories":[7,6],"tags":[13,75,21,15,12],"class_list":["post-4716","post","type-post","status-publish","format-standard","hentry","category-editoriales","category-nota-tapa","tag-conflictos","tag-crisis","tag-liberalismo","tag-sublevaciones","tag-votos"],"acf":[],"jetpack_featured_media_url":"","jetpack_sharing_enabled":true,"jetpack_shortlink":"https:\/\/wp.me\/p6FC4i-1e4","_links":{"self":[{"href":"https:\/\/www.revistacriterio.com.ar\/bloginst_new\/index.php?rest_route=\/wp\/v2\/posts\/4716","targetHints":{"allow":["GET"]}}],"collection":[{"href":"https:\/\/www.revistacriterio.com.ar\/bloginst_new\/index.php?rest_route=\/wp\/v2\/posts"}],"about":[{"href":"https:\/\/www.revistacriterio.com.ar\/bloginst_new\/index.php?rest_route=\/wp\/v2\/types\/post"}],"author":[{"embeddable":true,"href":"https:\/\/www.revistacriterio.com.ar\/bloginst_new\/index.php?rest_route=\/wp\/v2\/users\/7"}],"replies":[{"embeddable":true,"href":"https:\/\/www.revistacriterio.com.ar\/bloginst_new\/index.php?rest_route=%2Fwp%2Fv2%2Fcomments&post=4716"}],"version-history":[{"count":0,"href":"https:\/\/www.revistacriterio.com.ar\/bloginst_new\/index.php?rest_route=\/wp\/v2\/posts\/4716\/revisions"}],"wp:attachment":[{"href":"https:\/\/www.revistacriterio.com.ar\/bloginst_new\/index.php?rest_route=%2Fwp%2Fv2%2Fmedia&parent=4716"}],"wp:term":[{"taxonomy":"category","embeddable":true,"href":"https:\/\/www.revistacriterio.com.ar\/bloginst_new\/index.php?rest_route=%2Fwp%2Fv2%2Fcategories&post=4716"},{"taxonomy":"post_tag","embeddable":true,"href":"https:\/\/www.revistacriterio.com.ar\/bloginst_new\/index.php?rest_route=%2Fwp%2Fv2%2Ftags&post=4716"}],"curies":[{"name":"wp","href":"https:\/\/api.w.org\/{rel}","templated":true}]}}