{"id":4893,"date":"2010-08-03T19:43:17","date_gmt":"2010-08-03T22:43:17","guid":{"rendered":"http:\/\/www.revistacriterio.com.ar\/bloginst_new\/?p=4893"},"modified":"2010-08-03T19:43:17","modified_gmt":"2010-08-03T22:43:17","slug":"bienaventuranzas-en-la-catedral-de-quilmas","status":"publish","type":"post","link":"https:\/\/www.revistacriterio.com.ar\/bloginst_new\/?p=4893","title":{"rendered":"Bienaventuranzas en la catedral de Quilmes"},"content":{"rendered":"<p class=\"MsoNormal\" style=\"margin: 0cm 0cm 0pt; mso-layout-grid-align: none;\"><span style=\"color: black;\"><span style=\"font-size: small;\"><span style=\"font-family: Times New Roman;\">El viernes 9 de julio en la catedral de Quilmes, se bendijeron ocho relieves nuevos que representan a las bienaventuranzas. Las obras han quedado instaladas en las caras de las columnas que miran hacia la nave central, cuatro de cada lado. <!--more--><a href=\"https:\/\/www.revistacriterio.com.ar\/bloginst_new\/wp-content\/uploads\/2010\/08\/los-que-lloran-color.jpg\"><img loading=\"lazy\" decoding=\"async\" class=\"alignleft size-thumbnail wp-image-4895\" title=\"los-que-lloran-color\" src=\"https:\/\/www.revistacriterio.com.ar\/bloginst_new\/wp-content\/uploads\/2010\/08\/los-que-lloran-color-120x120.jpg\" alt=\"los-que-lloran-color\" width=\"120\" height=\"120\" \/><\/a>Son tallas en madera, pintadas con acr\u00edlico y esmalte al agua. <\/span><\/span><\/span><span style=\"color: black;\"><span style=\"font-size: small;\"><span style=\"font-family: Times New Roman;\">Que yo sepa, no hay iglesias entre nosotros con una presencia de las bienaventuranzas tal como se han dispuesto ahora en la catedral de Quilmes.<sup>1<\/sup> De modo que es un trabajo que merece ser destacado. El estilo de las im\u00e1genes es figurativo, directo, simple, de f\u00e1cil comprensi\u00f3n, pero que permite desarrollar otras miradas o lecturas m\u00e1s profundas que abren caminos a la reflexi\u00f3n y a la meditaci\u00f3n.<\/span><\/span><\/span><\/p>\n<p class=\"MsoNormal\" style=\"margin: 0cm 0cm 0pt; mso-layout-grid-align: none;\"><span style=\"color: black;\"><span style=\"font-size: small;\"><span style=\"font-family: Times New Roman;\">Es evidente que se ha tenido en cuenta que no contrastaran excesivamente con las im\u00e1genes tradicionales ya existentes en el templo, sobre todo con los importantes relieves del <em>Via Crucis<\/em>. Pero hay, a la vez, en estas representaciones de las bienaventuranzas, un lenguaje expresivo moderno.<\/span><\/span><\/span><\/p>\n<p class=\"MsoNormal\" style=\"margin: 0cm 0cm 0pt; mso-layout-grid-align: none;\"><span style=\"color: black;\"><span style=\"font-size: small;\"><span style=\"font-family: Times New Roman;\">Tradici\u00f3n e innovaci\u00f3n est\u00e1n bien emparentadas. Y todo ha sido muy cuidado en su equilibrio: el colorido, mucho m\u00e1s intenso que el de las im\u00e1genes del <em>Via Crucis<\/em>, hace un buen nexo entre los excelentes vitrales superiores colocados en el aventanamiento lateral de la nave central. Los relieves de las bienaventuranzas son de tama\u00f1o considerable y han sido instalados en nichos a unos seis metros de altura, cuidadosamente iluminados con discretas tiras de <em>leds <\/em>que resaltan los vol\u00famenes escult\u00f3ricos sin afectar los colores. No cabe duda de que ha sido un esmerado y largo trabajo, muy pensado.<\/span><\/span><\/span><\/p>\n<p class=\"MsoNormal\" style=\"margin: 0cm 0cm 0pt; mso-layout-grid-align: none;\"><span style=\"color: black;\"><span style=\"font-size: small;\"><span style=\"font-family: Times New Roman;\">La introducci\u00f3n del cat\u00e1logo que se entreg\u00f3 ese d\u00eda, en el que pueden verse todas las im\u00e1genes, las explica as\u00ed: <em>Las ocho bienaventuranzas son, al igual que los ocho pilares que soportan la nave central de la catedral de Quilmes, el sustento de la doctrina del Nuevo Testamento. Estas im\u00e1genes nos proponen acercarnos a ellas a trav\u00e9s de una iconograf\u00eda simple, clara, y desde una mirada actual<\/em>.<\/span><\/span><\/span><\/p>\n<p class=\"MsoNormal\" style=\"margin: 0cm 0cm 0pt; mso-layout-grid-align: none;\"><span style=\"color: black;\"><span style=\"font-size: small;\"><span style=\"font-family: Times New Roman;\">Esta declaraci\u00f3n de simplicidad no debe enga\u00f1ar. Es la simplicidad de las muy buenas obras de arte: la articulaci\u00f3n experta de muchos elementos, meditados y formulados en una sola figura. Se trata de un verdadero desaf\u00edo: \u00bfC\u00f3mo expresar o dise\u00f1ar, pl\u00e1sticamente, a las bienaventuranzas? \u00bfC\u00f3mo \u201cdibujar\u201d a los pobres de esp\u00edritu o a los mansos? La opci\u00f3n, en este caso, ha sido atinada: representar cada bienaventuranza con una escena evang\u00e9lica. En las figuras que ilustran esta nota se puede ver el procedimiento: todas, en el arco que las corona, llevan la palabra <em>Bienaventurados<\/em>, y, al pie, tres indicaciones: la bienaventuranza de que trata la imagen, la escena evang\u00e9lica escogida, y, por fin, la cita b\u00edblica correspondiente a esa escena (por ejemplo: <em>los que lloran<\/em>; <em>el leproso de Galilea<\/em>; <em>Mt. 8, 1-4<\/em>). Adem\u00e1s, varias de las im\u00e1genes incorporan arm\u00f3nicamente alg\u00fan elemento de la realidad actual. Por ejemplo, en <em>los constructores de la paz<\/em>, a los pies de Cristo, hay varias personas en diversas actitudes pac\u00edficas; destacan, en primer plano, la Madre Teresa de Calcuta y una maestra con unos ni\u00f1os. As\u00ed, las im\u00e1genes dan pie a la contemplaci\u00f3n visual, a la meditaci\u00f3n de la palabra de Dios y a la consideraci\u00f3n de la vida cristiana en la actualidad, entre otras cosas. El m\u00e9rito es, pues, m\u00faltiple: est\u00e9tico, religioso, \u00e9tico, espiritual. <\/span><\/span><\/span><\/p>\n<p class=\"MsoNormal\" style=\"margin: 0cm 0cm 0pt; mso-layout-grid-align: none;\"><span style=\"color: black;\"><span style=\"font-size: small;\"><span style=\"font-family: Times New Roman;\">Otro detalle de inter\u00e9s es que el artista que ha realizado el trabajo es de Quilmes, es decir que forma parte de la comunidad.<sup>2<\/sup> Esto habla bien, al menos en este caso, del v\u00ednculo de la iglesia de Quilmes con el arte y los artistas, cosa que no siempre se aprecia por todas partes en la Iglesia, y que se ve, precisamente, en algunas obras malas tanto desde lo est\u00e9tico como de lo religioso, sin excluir la p\u00e9sima arquitectura de algunos templos. Pablo VI, el gran Pablo VI, ya lo hab\u00eda advertido con palabras conmovedoras al hablarles una vez a los artistas en la capilla Sixtina: <em>Hemos recurrido a los sustitutos, a la obra de arte de poco precio y de pocos gastos; hemos andado por callejas estrechas, donde el arte y la belleza y -lo que es peor para nosotros- el culto de Dios, han quedado mal servidos<\/em>. Y, entendiendo que hab\u00eda una cierta separaci\u00f3n y disgusto entre los artistas y la Iglesia, agreg\u00f3: <em>\u00bfHacemos las paces? \u00bfHoy? \u00bfAqu\u00ed? \u00bfQuieren volver a ser amigos? \u00bfEs todav\u00eda el Papa amigo de los artistas? <\/em>Y les pidi\u00f3 perd\u00f3n y les expres\u00f3: <em>Tenemos necesidad de ustedes. Nuestro ministerio tiene necesidad de su colaboraci\u00f3n. Pues, como saben, nuestro ministerio es el de predicar y hacer accesible y comprensible, m\u00e1s a\u00fan, emotivo, el mundo del esp\u00edritu, de lo invisible, de lo inefable, de Dios. Y en esta operaci\u00f3n que traspasa el mundo invisible en formas accesibles, inteligibles, ustedes son maestros<\/em>.<sup>3<\/sup><\/span><\/span><\/span><\/p>\n<p class=\"MsoNormal\" style=\"margin: 0cm 0cm 0pt; mso-layout-grid-align: none;\"><span style=\"color: black;\"><span style=\"font-size: small;\"><span style=\"font-family: Times New Roman;\">Al d\u00eda siguiente de instaladas y bendecidas las im\u00e1genes de las bienaventuranzas, un sacerdote las recorri\u00f3 con un grupo de j\u00f3venes de catequesis de Confirmaci\u00f3n para ayudarlos a profundizar en la comprensi\u00f3n del Evangelio. Es el fruto inmediato de algo muy antiguo en la vida de la Iglesia y que debe hacerse siempre nuevo: la percepci\u00f3n y expresi\u00f3n de la belleza de Dios. <\/span><\/span><\/span><\/p>\n<p class=\"MsoNormal\" style=\"margin: 0cm 0cm 0pt; mso-layout-grid-align: none;\"><span style=\"color: black;\"><span style=\"font-size: small; font-family: Times New Roman;\">\u00a0<\/span><\/span><\/p>\n<p class=\"MsoNormal\" style=\"margin: 0cm 0cm 0pt; mso-layout-grid-align: none;\"><span style=\"color: black;\"><span style=\"font-size: small;\"><span style=\"font-family: Times New Roman;\">Notas<\/span><\/span><\/span><\/p>\n<p class=\"MsoNormal\" style=\"margin: 0cm 0cm 0pt; mso-layout-grid-align: none;\"><span style=\"font-size: 10pt; color: black;\"><span style=\"font-family: Times New Roman;\">\u00a0<\/span><\/span><\/p>\n<p class=\"MsoNormal\" style=\"margin: 0cm 0cm 0pt; mso-layout-grid-align: none;\"><span style=\"font-size: 10pt; color: black;\"><span style=\"font-family: Times New Roman;\">1. Por supuesto que, en el mundo, hay famos\u00edsimas evocaciones de las bienaventuranzas en templos u objetos, desde la iglesia de las Bienaventuranzas, en Galilea, cerca de Tiber\u00edades, hasta la Arqueta de las Bienaventuranzas que <span style=\"mso-spacerun: yes;\">\u00a0<\/span>guarda el Museo Arqueol\u00f3gico Nacional de Espa\u00f1a. Pero, y hablando especialmente de templos, ya en vitrales, pinturas o trabajos escult\u00f3ricos, casi siempre se trata de textos o de im\u00e1genes aleg\u00f3ricas y no de escenas representativas.<\/span><\/span><\/p>\n<p class=\"MsoNormal\" style=\"margin: 0cm 0cm 0pt; mso-layout-grid-align: none;\"><span style=\"font-size: 10pt; color: black;\"><span style=\"font-family: Times New Roman;\">2. Se llama Guillermo Rocca y naci\u00f3 en Quilmes en 1940. Es arquitecto, escultor y pintor. Como artista pl\u00e1stico, es sumamente vers\u00e1til: desde dise\u00f1ar vitrales de iglesias hasta dedicarse a la ilustraci\u00f3n, pasando por la confecci\u00f3n de t\u00edteres, su actividad ha sido siempre intensa. Por ejemplo, fue curador y director de arte en la muestra Los alimentos que Am\u00e9rica dio al mundo organizada por el Museo de Ciencias Naturales de La Plata en Expo Sevilla \u201992. Ha sido tambi\u00e9n docente universitario en la Universidad Nacional de Quilmes. Ha realizado muestras de escultura y de pintura en el pa\u00eds y en el extranjero y ha recibido diversos premios en esas ocasiones.<\/span><\/span><\/p>\n<p class=\"MsoNormal\" style=\"margin: 0cm 0cm 0pt; mso-layout-grid-align: none;\"><span style=\"font-size: 10pt; color: black;\"><span style=\"font-family: Times New Roman;\">3. Pablo VI. Volvamos, <em>Iglesia y artistas, a la gran amistad<\/em>. Discurso a los artistas italianos, pronunciado el 7 de mayo de 1964 en la capilla Sixtina.<\/span><\/span><\/p>\n","protected":false},"excerpt":{"rendered":"<p>El viernes 9 de julio en la catedral de Quilmes, se bendijeron ocho relieves nuevos que representan a las bienaventuranzas. Las obras han quedado instaladas&#8230;<\/p>\n","protected":false},"author":7,"featured_media":0,"comment_status":"open","ping_status":"open","sticky":false,"template":"","format":"standard","meta":{"_acf_changed":false,"_jetpack_newsletter_access":"","_jetpack_dont_email_post_to_subs":false,"_jetpack_newsletter_tier_id":0,"_jetpack_memberships_contains_paywalled_content":false,"_jetpack_memberships_contains_paid_content":false,"footnotes":""},"categories":[4,6],"tags":[14,83],"class_list":["post-4893","post","type-post","status-publish","format-standard","hentry","category-cultura","category-nota-tapa","tag-iglesia","tag-plastica"],"acf":[],"jetpack_featured_media_url":"","jetpack_sharing_enabled":true,"jetpack_shortlink":"https:\/\/wp.me\/p6FC4i-1gV","_links":{"self":[{"href":"https:\/\/www.revistacriterio.com.ar\/bloginst_new\/index.php?rest_route=\/wp\/v2\/posts\/4893","targetHints":{"allow":["GET"]}}],"collection":[{"href":"https:\/\/www.revistacriterio.com.ar\/bloginst_new\/index.php?rest_route=\/wp\/v2\/posts"}],"about":[{"href":"https:\/\/www.revistacriterio.com.ar\/bloginst_new\/index.php?rest_route=\/wp\/v2\/types\/post"}],"author":[{"embeddable":true,"href":"https:\/\/www.revistacriterio.com.ar\/bloginst_new\/index.php?rest_route=\/wp\/v2\/users\/7"}],"replies":[{"embeddable":true,"href":"https:\/\/www.revistacriterio.com.ar\/bloginst_new\/index.php?rest_route=%2Fwp%2Fv2%2Fcomments&post=4893"}],"version-history":[{"count":0,"href":"https:\/\/www.revistacriterio.com.ar\/bloginst_new\/index.php?rest_route=\/wp\/v2\/posts\/4893\/revisions"}],"wp:attachment":[{"href":"https:\/\/www.revistacriterio.com.ar\/bloginst_new\/index.php?rest_route=%2Fwp%2Fv2%2Fmedia&parent=4893"}],"wp:term":[{"taxonomy":"category","embeddable":true,"href":"https:\/\/www.revistacriterio.com.ar\/bloginst_new\/index.php?rest_route=%2Fwp%2Fv2%2Fcategories&post=4893"},{"taxonomy":"post_tag","embeddable":true,"href":"https:\/\/www.revistacriterio.com.ar\/bloginst_new\/index.php?rest_route=%2Fwp%2Fv2%2Ftags&post=4893"}],"curies":[{"name":"wp","href":"https:\/\/api.w.org\/{rel}","templated":true}]}}