{"id":4987,"date":"2010-09-01T01:56:14","date_gmt":"2010-09-01T04:56:14","guid":{"rendered":"http:\/\/www.revistacriterio.com.ar\/bloginst_new\/?p=4987"},"modified":"2010-09-01T01:56:14","modified_gmt":"2010-09-01T04:56:14","slug":"el-azulejo-sin-tiempo","status":"publish","type":"post","link":"https:\/\/www.revistacriterio.com.ar\/bloginst_new\/?p=4987","title":{"rendered":"El azulejo sin tiempo"},"content":{"rendered":"<p>Homenaje al escritor Manuel\u00a0Mujica Lainez en su Centenario.<!--more--><span style=\"font-size: small;\"><span style=\"font-family: Times New Roman;\">La Fundaci\u00f3n que lleva su nombre, ha tributado a Manuel Mujica Lainez un bello homenaje. Reedit\u00f3 uno de los m\u00e1s difundidos cuentos de la serie de cuarenta y dos con que el escritor evoc\u00f3 en 1951 la historia, los personajes y los ambientes de la \u201cmisteriosa Buenos Aires\u201d donde naci\u00f3, precisamente hace un siglo, el 11 de septiembre de 1910.<\/span><\/span><\/p>\n<p class=\"MsoNormal\" style=\"margin: 0cm 0cm 0pt; mso-layout-grid-align: none;\"><span style=\"font-size: small;\"><span style=\"font-family: Times New Roman;\">Nos referimos a <em>El hombrecito del azulejo<\/em>, que nos lleva a una casa de patios en el barrio de la parroquia de San Miguel en 1875. Podr\u00edamos decir que hay tres personajes: Daniel, un ni\u00f1o enfermo; la Muerte, que espera en el brocal para arrebatarlo; y el hombrecito \u201cazul, barbudo, con calzas antiguas, gorro de duende y un bast\u00f3n en la mano derecha\u201d, llegado desde Francia por error entre otros azulejos no figurativos. Daniel lo llam\u00f3 Martinito, porque se parec\u00eda al gaucho don Mart\u00edn, que le regal\u00f3 un caballo en el campo de Arrecifes. El apellido es obvio. Y entre el ni\u00f1o y el hombrecito en la pared se teje una amistad entra\u00f1able. Para salvar a su amigo, el hombrecito entabla conversaci\u00f3n con \u201cMadame la Mort\u201d, le cuenta de su pa\u00eds, de las Muertes que vagan por los palacios y castillos. Madame est\u00e1 deslumbrada; ella es una modesta Muerte de barrio porte\u00f1o.<\/span><\/span><\/p>\n<p class=\"MsoNormal\" style=\"margin: 0cm 0cm 0pt; mso-layout-grid-align: none;\"><span style=\"font-size: small;\"><span style=\"font-family: Times New Roman;\">Entre tantas historias, pasa la hora y la Muerte pierde la oportunidad de llevarse a Daniel. Despechada, arroja al pozo el azulejo, que se quiebra en dos. Amanece. El ni\u00f1o est\u00e1 curado. Lo primero que har\u00e1 al dejar el lecho es ir a visitar a Martinito. Su dolor estar\u00e1 en que ya el hombrecito ha desaparecido de la pared, aunque al fin las l\u00e1grimas de un ni\u00f1o vuelven a burlar a la Muerte.<\/span><\/span><\/p>\n<p class=\"MsoNormal\" style=\"margin: 0cm 0cm 0pt; mso-layout-grid-align: none;\"><span style=\"font-size: small;\"><span style=\"font-family: Times New Roman;\">Mujica Lainez hace un gui\u00f1o, muy suyo, al lector. De nuestra infancia recordamos haber llorado y sufrido con la muerte de un ni\u00f1o, Tini. El crup, la tos convulsa, se adue\u00f1a de la casa y, ante la impotencia de todos, acaba con la vida de Tini, adorado y consentido por todos, en especial por la madre que casi perdi\u00f3 la vida al darlo a luz. Nadie jugar\u00e1 ya con el polichinela, el tambor y los soldados rotos. Eduardo Wilde (1844-1914), escritor, m\u00e9dico, pol\u00edtico, ministro de Justicia, Culto e Instrucci\u00f3n P\u00fablica en la primera presidencia de Roca, fue el autor de este cuento, seguramente inspirado en una historia real que cal\u00f3 hondo en su esp\u00edritu, por lo general ir\u00f3nico y burl\u00f3n. \u00bfCu\u00e1l es el gui\u00f1o de Mujica Lainez? En las primeras l\u00edneas dialogan preocupados dos eminentes m\u00e9dicos, Ignacio Pirovano y Eduardo Wilde. Ambos dejan la casa ensimismados y tristes, pese a que \u201cson dos hombres famosos por su buen humor, que en el primero se expresa en farsas estudiantiles y en el segundo con chisporroteos de iron\u00eda mordaz\u201d. Lo que el m\u00e9dico Wilde no pudo con Tini lo hace Mujica Lainez con Daniel, el ni\u00f1o de su cuento. No quedar\u00e1n arrinconados sus juguetes como los de Tini: el hombrecito estampado en un azulejo de Pas de Calais logr\u00f3 distraer a la Muerte, vencerla y hasta retornar intacto a las manos del ni\u00f1o.<\/span><\/span><\/p>\n<p class=\"MsoNormal\" style=\"margin: 0cm 0cm 0pt; mso-layout-grid-align: none;\"><span style=\"font-size: small;\"><span style=\"font-family: Times New Roman;\">Vayamos a la edici\u00f3n, realizada por Mart\u00ednez-Maizal, que multiplica por cuatro el relato: al original en espa\u00f1ol se agregan versiones en franc\u00e9s, alem\u00e1n e ingl\u00e9s, a cargo respectivamente de Eric Audouard y Jacqueline Dedoyard, Irene Descloux-Schormair y Gregory A. Clemons, y M\u00f3nica G. Hoss de le Comte.<\/span><\/span><\/p>\n<p class=\"MsoNormal\" style=\"margin: 0cm 0cm 0pt; mso-layout-grid-align: none;\"><span style=\"font-size: small; font-family: Times New Roman;\">Sophie le Comte realiz\u00f3 el dise\u00f1o y las ilustraciones, coloridas y deliberadamente ingenuas. Aqu\u00ed y all\u00ed el propio autor interviene: \u201cEste es Martinito\u201d, leemos con su inconfundible letra y firma al pie del azulejo, entre otros fragmentos manuscritos.<\/span><\/p>\n<p class=\"MsoNormal\" style=\"margin: 0cm 0cm 0pt; mso-layout-grid-align: none;\"><span style=\"font-size: small;\"><span style=\"font-family: Times New Roman;\">Un completo ap\u00e9ndice proporciona datos, biogr\u00e1ficos y de vocabulario, inclusive de las palabras que se eligi\u00f3 no traducir, empezando, en la versi\u00f3n francesa, por \u201cazulejo\u201d.<\/span><\/span><\/p>\n<p class=\"MsoNormal\" style=\"margin: 0cm 0cm 0pt; mso-layout-grid-align: none;\"><span style=\"font-size: small;\"><span style=\"font-family: Times New Roman;\">La presentaci\u00f3n de la obra tuvo lugar en el auditorio de la Alianza Francesa. Fue lisa y llanamente una delicia escuchar la lectura en ese idioma por China Zorrilla, Magdalena<\/span><\/span><\/p>\n<p class=\"MsoNormal\" style=\"margin: 0cm 0cm 0pt; mso-layout-grid-align: none;\"><span style=\"font-size: small;\"><span style=\"font-family: Times New Roman;\">Ruiz Gui\u00f1az\u00fa, Jacqueline (Dedoyard) Santa Coloma y Federico Santa Coloma. Mujica Lainez habr\u00e1 disfrutado desde lo alto su prosa vertida en una lengua que conoci\u00f3<\/span><\/span><\/p>\n<p class=\"MsoNormal\" style=\"margin: 0cm 0cm 0pt; mso-layout-grid-align: none;\"><span style=\"font-size: small;\"><span style=\"font-family: Times New Roman;\">y am\u00f3 y que m\u00e1s de una vez aparece en sus obras. Pensemos en <em>Los viajeros<\/em>, con los conmovedores versos que Jean Racine pone en boca de Berenice al despedirse de Tito,<\/span><\/span><\/p>\n<p class=\"MsoNormal\" style=\"margin: 0cm 0cm 0pt; mso-layout-grid-align: none;\"><span style=\"font-size: small; font-family: Times New Roman;\">que juegan como una suerte de <em>leit motiv <\/em>del protagonista. Y en la mesa del emperador que alimenta las fantas\u00edas viajeras de la familia patricia empobrecida hasta que el anhelado experto las hace a\u00f1icos, revelando la falsedad del mueble: <em>\u201cc\u00b4est merveilleux\u2026dans son horreur\u201d<\/em>. <\/span><\/p>\n<p class=\"MsoNormal\" style=\"margin: 0cm 0cm 0pt; mso-layout-grid-align: none;\"><span style=\"font-size: small; font-family: Times New Roman;\">Es relevante la labor de la Fundaci\u00f3n, que tiene su sede en \u201cEl Para\u00edso\u201d, el \u00faltimo refugio del escritor; la preside su hija Ana Mujica Alvear, y Mar\u00eda Herrera Vegas es su directora ejecutiva. <\/span><\/p>\n<p class=\"MsoNormal\" style=\"margin: 0cm 0cm 0pt; mso-layout-grid-align: none;\"><span style=\"font-size: small; font-family: Times New Roman;\">El centenario del nacimiento de este escritor, fallecido en 1984 en su casa de Cruz Chica, C\u00f3rdoba, hoy un museo, debiera estimular a nuevas ediciones y estudios que den<span style=\"mso-spacerun: yes;\">\u00a0 <\/span>visibilidad y revaloricen su obra, injustamente ignorada por las j\u00f3venes generaciones.<\/span><\/p>\n","protected":false},"excerpt":{"rendered":"<p>Homenaje al escritor Manuel\u00a0Mujica Lainez en su Centenario.<\/p>\n","protected":false},"author":7,"featured_media":0,"comment_status":"open","ping_status":"open","sticky":false,"template":"","format":"standard","meta":{"_acf_changed":false,"_jetpack_newsletter_access":"","_jetpack_dont_email_post_to_subs":false,"_jetpack_newsletter_tier_id":0,"_jetpack_memberships_contains_paywalled_content":false,"_jetpack_memberships_contains_paid_content":false,"footnotes":""},"categories":[4,6],"tags":[14,31],"class_list":["post-4987","post","type-post","status-publish","format-standard","hentry","category-cultura","category-nota-tapa","tag-iglesia","tag-libros"],"acf":[],"jetpack_featured_media_url":"","jetpack_sharing_enabled":true,"jetpack_shortlink":"https:\/\/wp.me\/p6FC4i-1ir","_links":{"self":[{"href":"https:\/\/www.revistacriterio.com.ar\/bloginst_new\/index.php?rest_route=\/wp\/v2\/posts\/4987","targetHints":{"allow":["GET"]}}],"collection":[{"href":"https:\/\/www.revistacriterio.com.ar\/bloginst_new\/index.php?rest_route=\/wp\/v2\/posts"}],"about":[{"href":"https:\/\/www.revistacriterio.com.ar\/bloginst_new\/index.php?rest_route=\/wp\/v2\/types\/post"}],"author":[{"embeddable":true,"href":"https:\/\/www.revistacriterio.com.ar\/bloginst_new\/index.php?rest_route=\/wp\/v2\/users\/7"}],"replies":[{"embeddable":true,"href":"https:\/\/www.revistacriterio.com.ar\/bloginst_new\/index.php?rest_route=%2Fwp%2Fv2%2Fcomments&post=4987"}],"version-history":[{"count":0,"href":"https:\/\/www.revistacriterio.com.ar\/bloginst_new\/index.php?rest_route=\/wp\/v2\/posts\/4987\/revisions"}],"wp:attachment":[{"href":"https:\/\/www.revistacriterio.com.ar\/bloginst_new\/index.php?rest_route=%2Fwp%2Fv2%2Fmedia&parent=4987"}],"wp:term":[{"taxonomy":"category","embeddable":true,"href":"https:\/\/www.revistacriterio.com.ar\/bloginst_new\/index.php?rest_route=%2Fwp%2Fv2%2Fcategories&post=4987"},{"taxonomy":"post_tag","embeddable":true,"href":"https:\/\/www.revistacriterio.com.ar\/bloginst_new\/index.php?rest_route=%2Fwp%2Fv2%2Ftags&post=4987"}],"curies":[{"name":"wp","href":"https:\/\/api.w.org\/{rel}","templated":true}]}}