{"id":5200,"date":"2010-10-05T18:42:11","date_gmt":"2010-10-05T21:42:11","guid":{"rendered":"http:\/\/www.revistacriterio.com.ar\/bloginst_new\/?p=5200"},"modified":"2010-10-05T18:42:11","modified_gmt":"2010-10-05T21:42:11","slug":"treinta-anos-despues-sigue-la-paradoja","status":"publish","type":"post","link":"https:\/\/www.revistacriterio.com.ar\/bloginst_new\/?p=5200","title":{"rendered":"Treinta a\u00f1os despu\u00e9s, sigue la \u201cparadoja\u201d"},"content":{"rendered":"<p class=\"MsoNormal\" style=\"margin: 0cm 0cm 0pt; mso-layout-grid-align: none;\"><span style=\"font-size: small; font-family: Times New Roman;\">Hace exactamente 30 a\u00f1os, m\u00e1s precisamente el 10 de julio de 1980, Guido Di Tella public\u00f3 en este<span style=\"mso-spacerun: yes;\">\u00a0 <\/span>medio un art\u00edculo titulado \u201cParadojas de la pol\u00edtica econ\u00f3mica\u201d (Criterio, 53, 1839). Escrito \u201cdesde una perspectiva que podr\u00edamos llamar `reformista\u00b4, socialcristiana o socialdem\u00f3crata\u201d, el trabajo \u201cs\u00f3lo quiere mostrar que los esquematismos simples no sirven para analizar la realidad, ni en este per\u00edodo ni en ning\u00fan otro\u201d.<!--more--><\/span><\/p>\n<p class=\"MsoNormal\" style=\"margin: 0cm 0cm 0pt; mso-layout-grid-align: none;\"><span style=\"font-size: small; font-family: Times New Roman;\">Se trat\u00f3 de una pieza \u201cpol\u00edticamente incorrecta\u201d, de las que le encantaban a Guido, porque a mediados de 1980 no cualquiera mostraba aspectos sorprendentemente atractivos en la pol\u00edtica econ\u00f3mica de Jos\u00e9 Alfredo Mart\u00ednez de Hoz. \u00bfPor qu\u00e9 debemos acordarnos de este trabajo? Por la notable <em>actualidad <\/em>del planteo. Porque tres d\u00e9cadas despu\u00e9s, nuevamente, los esquematismos simples no sirven para analizar la realidad. Y exactamente por el mismo motivo que se\u00f1al\u00f3 Di Tella.<\/span><\/p>\n<p class=\"MsoNormal\" style=\"margin: 0cm 0cm 0pt; mso-layout-grid-align: none;\"><span style=\"font-size: small; font-family: Times New Roman;\">En efecto, el planteo de Guido era que la tablita cambiaria inaugurada a comienzos de 1979 generaba sobrevaluaci\u00f3n del tipo de cambio real, atraso cambiario, inflaci\u00f3n en d\u00f3lares o como se la quiera<span style=\"mso-spacerun: yes;\">\u00a0 <\/span>denominar; y esto a su vez generaba aumento del precio de todo aquello que no es objeto de comercio internacional, incluyendo los salarios. Particularmente si el trabajador veraneaba en\u2026 Miami.<\/span><\/p>\n<p class=\"MsoNormal\" style=\"margin: 0cm 0cm 0pt; mso-layout-grid-align: none;\"><span style=\"font-size: small; font-family: Times New Roman;\">El actual gobierno argentino dice estar en las ant\u00edpodas ideol\u00f3gicas del Proceso y de la d\u00e9cada de 1990, pero en la din\u00e1mica \u201ccostos internos-d\u00f3lar\u201d estamos visualizando exactamente lo mismo que antes. \u00bfC\u00f3mo puede ser que quien afirma que defiende la producci\u00f3n local, termine generando resultados cada d\u00eda m\u00e1s parecidos a los generados por aquellos que, seg\u00fan las actuales autoridades, \u201cfundieron al pa\u00eds\u201d? Porque para entender una pol\u00edtica econ\u00f3mica, como bien dice Di Tella, la ideolog\u00eda sirve mucho menos que las circunstancias y la din\u00e1mica decisoria. En aquel momento la sobrevaluaci\u00f3n cambiaria era generada por el retorno de los capitales y el endeudamiento externo, ahora por la mejora de los t\u00e9rminos del intercambio. Pero el resultado es exactamente el mismo: los peluqueros chochos, los fabricantes de camisas queriendo matar a alguien. Sabemos c\u00f3mo termin\u00f3 en el pasado la denominada inflaci\u00f3n en d\u00f3lares, intuimos c\u00f3mo puede terminar hoy. Pero esto no modifica el accionar oficial, porque el desconocimiento de c\u00f3mo puede reaccionar la poblaci\u00f3n frente a \u201cla recuperaci\u00f3n de la competitividad\u201d v\u00eda un salto cambiario, m\u00e1s el circunstancial efecto que un tipo de cambio nominal quieto tiene sobre la tasa de inflaci\u00f3n, lleva a las autoridades a no devaluar. <\/span><\/p>\n<p class=\"MsoNormal\" style=\"margin: 0cm 0cm 0pt; mso-layout-grid-align: none;\"><span style=\"font-size: small; font-family: Times New Roman;\">El efecto es el mismo, la raz\u00f3n es distinta. Esto puede ser muy importante para pensar la duraci\u00f3n del problema. El reingreso de capitales y el endeudamiento externo pudieron tener patas m\u00e1s cortas que la mejora de los t\u00e9rminos del intercambio. \u00bfY si esto se prolongara m\u00e1s all\u00e1 de las elecciones, porque el pr\u00f3ximo gobierno \u2013m\u00e1s cre\u00edble que el actual\u2013 indujera una nueva repatriaci\u00f3n de capitales? \u00bfCu\u00e1ntos de los otros trabajos publicados en Criterio en 1980, siguen vigentes hoy?<\/span><\/p>\n<p class=\"MsoNormal\" style=\"margin: 0cm 0cm 0pt; mso-layout-grid-align: none;\"><span style=\"font-size: small; font-family: Times New Roman;\">\u00a0<\/span><\/p>\n<p class=\"MsoNormal\" style=\"margin: 0cm 0cm 0pt; mso-layout-grid-align: none;\"><em><span style=\"font-size: small;\"><span style=\"font-family: Times New Roman;\">El autor es profesor en udesa y ucema y titular de Depabloconsult.<\/span><\/span><\/em><\/p>\n","protected":false},"excerpt":{"rendered":"<p>Hace exactamente 30 a\u00f1os, m\u00e1s precisamente el 10 de julio de 1980, Guido Di Tella public\u00f3 en este\u00a0 medio un art\u00edculo titulado \u201cParadojas de la&#8230;<\/p>\n","protected":false},"author":7,"featured_media":0,"comment_status":"open","ping_status":"open","sticky":false,"template":"","format":"standard","meta":{"_acf_changed":false,"_jetpack_newsletter_access":"","_jetpack_dont_email_post_to_subs":false,"_jetpack_newsletter_tier_id":0,"_jetpack_memberships_contains_paywalled_content":false,"_jetpack_memberships_contains_paid_content":false,"footnotes":""},"categories":[3],"tags":[13,75,26,21,86,15],"class_list":["post-5200","post","type-post","status-publish","format-standard","hentry","category-politica-economia","tag-conflictos","tag-crisis","tag-independencia","tag-liberalismo","tag-pobreza","tag-sublevaciones"],"acf":[],"jetpack_featured_media_url":"","jetpack_sharing_enabled":true,"jetpack_shortlink":"https:\/\/wp.me\/p6FC4i-1lS","_links":{"self":[{"href":"https:\/\/www.revistacriterio.com.ar\/bloginst_new\/index.php?rest_route=\/wp\/v2\/posts\/5200","targetHints":{"allow":["GET"]}}],"collection":[{"href":"https:\/\/www.revistacriterio.com.ar\/bloginst_new\/index.php?rest_route=\/wp\/v2\/posts"}],"about":[{"href":"https:\/\/www.revistacriterio.com.ar\/bloginst_new\/index.php?rest_route=\/wp\/v2\/types\/post"}],"author":[{"embeddable":true,"href":"https:\/\/www.revistacriterio.com.ar\/bloginst_new\/index.php?rest_route=\/wp\/v2\/users\/7"}],"replies":[{"embeddable":true,"href":"https:\/\/www.revistacriterio.com.ar\/bloginst_new\/index.php?rest_route=%2Fwp%2Fv2%2Fcomments&post=5200"}],"version-history":[{"count":0,"href":"https:\/\/www.revistacriterio.com.ar\/bloginst_new\/index.php?rest_route=\/wp\/v2\/posts\/5200\/revisions"}],"wp:attachment":[{"href":"https:\/\/www.revistacriterio.com.ar\/bloginst_new\/index.php?rest_route=%2Fwp%2Fv2%2Fmedia&parent=5200"}],"wp:term":[{"taxonomy":"category","embeddable":true,"href":"https:\/\/www.revistacriterio.com.ar\/bloginst_new\/index.php?rest_route=%2Fwp%2Fv2%2Fcategories&post=5200"},{"taxonomy":"post_tag","embeddable":true,"href":"https:\/\/www.revistacriterio.com.ar\/bloginst_new\/index.php?rest_route=%2Fwp%2Fv2%2Ftags&post=5200"}],"curies":[{"name":"wp","href":"https:\/\/api.w.org\/{rel}","templated":true}]}}