{"id":5567,"date":"2011-01-07T09:49:57","date_gmt":"2011-01-07T12:49:57","guid":{"rendered":"http:\/\/www.revistacriterio.com.ar\/bloginst_new\/?p=5567"},"modified":"2011-01-07T09:49:57","modified_gmt":"2011-01-07T12:49:57","slug":"cultivar-la-esperanza","status":"publish","type":"post","link":"https:\/\/www.revistacriterio.com.ar\/bloginst_new\/?p=5567","title":{"rendered":"Cultivar la esperanza"},"content":{"rendered":"<p class=\"MsoNormal\" style=\"margin: 0cm 0cm 0pt;\"><span style=\"font-size: small; font-family: Times New Roman;\">Pistas para vislumbrar a Dios en la vida en el libro La esperanza es un camino,<\/span><\/p>\n<p class=\"MsoNormal\" style=\"margin: 0cm 0cm 0pt;\"><span style=\"font-size: small; font-family: Times New Roman;\">de Jos\u00e9 Mar\u00eda Recondo.<!--more--><\/span><span style=\"font-size: small; font-family: Times New Roman;\">En su obra <em style=\"mso-bidi-font-style: normal;\">Ra\u00edz de la esperanza<\/em>, el gran te\u00f3logo espa\u00f1ol Olegario Gonz\u00e1lez de Cardedal plantea una cuesti\u00f3n muy luminosa. Normalmente la virtud de la esperanza la referimos a Dios, de quien esperamos recibirlo todo. Pero \u00bfpuede Dios esperar algo de nosotros? En su infinita bondad, \u00c9l nos hizo a su imagen y semejanza, libres, y nos dio no s\u00f3lo el don de la vida sino que tambi\u00e9n nos convoc\u00f3 a vivirla como una misi\u00f3n. Por<\/span><\/p>\n<p class=\"MsoNormal\" style=\"margin: 0cm 0cm 0pt;\"><span style=\"font-size: small; font-family: Times New Roman;\">lo tanto, espera de nosotros que la llevemos adelante.<\/span><\/p>\n<p class=\"MsoNormal\" style=\"margin: 0cm 0cm 0pt;\"><span style=\"font-size: small; font-family: Times New Roman;\">Creo haber encontrado en el libro del padre Jos\u00e9 Mar\u00eda Recondo pistas para vislumbrar la esperanza de Dios sobre nuestras vidas. Porque a lo largo de cada uno de sus cap\u00edtulos permite descubrir la clave para \u201cno decepcionar las esperanzas de Dios\u201d. Parad\u00f3jicamente, podemos alegrar la vida de Dios si le somos fieles, si conf\u00edamos en que nos conceder\u00e1 los dones necesarios para cumplir la misi\u00f3n que nos ha asignado. Si aprendemos a \u201cesperarlo\u201d todo de \u00c9l, podremos responder a las esperanzas que ha puesto en nuestro ser y en nuestra misi\u00f3n. La esperanza es un camino constituye una peque\u00f1a joya de la espiritualidad cristiana, un libro para quienes nos seguimos planteando los interrogantes de este mundo en cambio.<\/span><\/p>\n<p class=\"MsoNormal\" style=\"margin: 0cm 0cm 0pt;\"><span style=\"font-size: small; font-family: Times New Roman;\">Felizmente, no es un recetario ni un manual de respuestas. Cualquier libro que intente ese camino ser\u00eda un fracaso desde el vamos. Lo valioso de La esperanza\u2026 es la invitaci\u00f3n a descubrir los \u201ccaminos de fondo\u201d, las amplias avenidas que con la fuerza<\/span><\/p>\n<p class=\"MsoNormal\" style=\"margin: 0cm 0cm 0pt;\"><span style=\"font-size: small; font-family: Times New Roman;\">del Esp\u00edritu debemos construir desde nuestra interioridad para enfrentar los grandes desaf\u00edos de este apasionante momento cultural. Y el desaf\u00edo fundamental es el de encontrarle sentido a la vida. Al abrirnos a la trascendencia, el texto nos brinda las claves para superar la tentaci\u00f3n de reducir nuestros horizontes a la sola respuesta del bienestar inmediato.<\/span><\/p>\n<p class=\"MsoNormal\" style=\"margin: 0cm 0cm 0pt;\"><span style=\"font-size: small; font-family: Times New Roman;\">Recondo va transitando los procesos necesarios para acrecentar esta virtud. Aprender a cultivarla de modo tal que ella misma nos vaya trasformando en peregrinos capaces de sembrarla con el testimonio de la propia vida. Es adem\u00e1s un sentido homenaje a la figura del recordado cardenal Eduardo Pironio, verdadero maestro y profeta de esperanza, cuyas ense\u00f1anzas siguen poniendo luz en nuestra existencia.<\/span><\/p>\n<p class=\"MsoNormal\" style=\"margin: 0cm 0cm 0pt;\"><span style=\"font-size: small; font-family: Times New Roman;\">Se trata de un libro de lectura f\u00e1cil y amena. Ideal para quienes desean aprovechar el tiempo de descanso tambi\u00e9n para el enriquecimiento interior. <\/span><\/p>\n","protected":false},"excerpt":{"rendered":"<p>Pistas para vislumbrar a Dios en la vida en el libro La esperanza es un camino, de Jos\u00e9 Mar\u00eda Recondo.<\/p>\n","protected":false},"author":7,"featured_media":0,"comment_status":"open","ping_status":"open","sticky":false,"template":"","format":"standard","meta":{"_acf_changed":false,"_jetpack_newsletter_access":"","_jetpack_dont_email_post_to_subs":false,"_jetpack_newsletter_tier_id":0,"_jetpack_memberships_contains_paywalled_content":false,"_jetpack_memberships_contains_paid_content":false,"footnotes":""},"categories":[8],"tags":[125,14],"class_list":["post-5567","post","type-post","status-publish","format-standard","hentry","category-iglesia","tag-esperanza","tag-iglesia"],"acf":[],"jetpack_featured_media_url":"","jetpack_sharing_enabled":true,"jetpack_shortlink":"https:\/\/wp.me\/p6FC4i-1rN","_links":{"self":[{"href":"https:\/\/www.revistacriterio.com.ar\/bloginst_new\/index.php?rest_route=\/wp\/v2\/posts\/5567","targetHints":{"allow":["GET"]}}],"collection":[{"href":"https:\/\/www.revistacriterio.com.ar\/bloginst_new\/index.php?rest_route=\/wp\/v2\/posts"}],"about":[{"href":"https:\/\/www.revistacriterio.com.ar\/bloginst_new\/index.php?rest_route=\/wp\/v2\/types\/post"}],"author":[{"embeddable":true,"href":"https:\/\/www.revistacriterio.com.ar\/bloginst_new\/index.php?rest_route=\/wp\/v2\/users\/7"}],"replies":[{"embeddable":true,"href":"https:\/\/www.revistacriterio.com.ar\/bloginst_new\/index.php?rest_route=%2Fwp%2Fv2%2Fcomments&post=5567"}],"version-history":[{"count":0,"href":"https:\/\/www.revistacriterio.com.ar\/bloginst_new\/index.php?rest_route=\/wp\/v2\/posts\/5567\/revisions"}],"wp:attachment":[{"href":"https:\/\/www.revistacriterio.com.ar\/bloginst_new\/index.php?rest_route=%2Fwp%2Fv2%2Fmedia&parent=5567"}],"wp:term":[{"taxonomy":"category","embeddable":true,"href":"https:\/\/www.revistacriterio.com.ar\/bloginst_new\/index.php?rest_route=%2Fwp%2Fv2%2Fcategories&post=5567"},{"taxonomy":"post_tag","embeddable":true,"href":"https:\/\/www.revistacriterio.com.ar\/bloginst_new\/index.php?rest_route=%2Fwp%2Fv2%2Ftags&post=5567"}],"curies":[{"name":"wp","href":"https:\/\/api.w.org\/{rel}","templated":true}]}}