{"id":5610,"date":"2011-03-01T01:26:18","date_gmt":"2011-03-01T04:26:18","guid":{"rendered":"http:\/\/www.revistacriterio.com.ar\/bloginst_new\/?p=5610"},"modified":"2011-03-01T01:26:18","modified_gmt":"2011-03-01T04:26:18","slug":"el-papa-la-iglesia-y-los-signos-de-los-tiempos","status":"publish","type":"post","link":"https:\/\/www.revistacriterio.com.ar\/bloginst_new\/?p=5610","title":{"rendered":"El Papa, la Iglesia y los signos de los tiempos"},"content":{"rendered":"<p class=\"MsoNormal\" style=\"margin: 0cm 0cm 0pt;\"><span style=\"font-size: small; font-family: Times New Roman;\"><a href=\"https:\/\/www.revistacriterio.com.ar\/bloginst_new\/wp-content\/uploads\/2011\/02\/libro.jpg\"><img loading=\"lazy\" decoding=\"async\" class=\"alignleft size-thumbnail wp-image-5612\" title=\"libro\" src=\"https:\/\/www.revistacriterio.com.ar\/bloginst_new\/wp-content\/uploads\/2011\/02\/libro-120x120.jpg\" alt=\"libro\" width=\"96\" height=\"69\" \/><\/a>El reciente libro entrevista de Benedicto XVI permite conocer m\u00e1s de cerca su <\/span><span style=\"font-size: small; font-family: Times New Roman;\">pensamiento sobre la Iglesia y la sociedad y descubrir las ra\u00edces de su amplitud.<!--more--><\/span><span style=\"color: black;\"><span style=\"font-size: small;\"><span style=\"font-family: Times New Roman;\"><a href=\"https:\/\/www.revistacriterio.com.ar\/bloginst_new\/wp-content\/uploads\/2011\/02\/forte-web.jpg\"><img loading=\"lazy\" decoding=\"async\" class=\"alignright size-medium wp-image-5611\" title=\"forte-web\" src=\"https:\/\/www.revistacriterio.com.ar\/bloginst_new\/wp-content\/uploads\/2011\/02\/forte-web-300x238.jpg\" alt=\"forte-web\" width=\"300\" height=\"238\" \/><\/a>Es ya un \u201cfen\u00f3meno editorial\u201d el libro de conversaciones del papa Benedicto XVI con el periodista alem\u00e1n Peter Seewald, titulado <em>Luz del mundo. El Papa, la Iglesia y los signos de los tiempos <\/em>(Herder, Buenos Aires, 2010, 227 p\u00e1ginas). Del texto y de su presentaci\u00f3n se ocuparon los principales medios de comunicaci\u00f3n de todo el mundo. Miradas de gran significaci\u00f3n, como las de las Naciones Unidas, se detuvieron en \u00e9l. Sin embargo, la atenci\u00f3n se limit\u00f3 a algunas frases, a menudo enfatizadas m\u00e1s all\u00e1 de su contenido: por ejemplo, con respecto a la \u201capertura\u201d en el uso del preservativo en algunos casos espec\u00edficos, lo cual no es otra cosa que la aplicaci\u00f3n del principio moral del mal menor y, por lo tanto, algo que no significa una aprobaci\u00f3n indiscriminada, capaz de banalizar la sexualidad humana, cuyo ejercicio es considerado siempre por la moral cat\u00f3lica como una expresi\u00f3n importante de la orientaci\u00f3n del coraz\u00f3n humano hacia Dios y hacia la verdad del amor.<\/span><\/span><\/span><\/p>\n<p class=\"MsoNormal\" style=\"margin: 0cm 0cm 0pt; mso-layout-grid-align: none;\"><span style=\"color: black;\"><span style=\"font-size: small;\"><span style=\"font-family: Times New Roman;\">Lo que me gustar\u00eda ofrecer en estas l\u00edneas es una clave de lectura diferente, una aproximaci\u00f3n al texto que supere las versiones medi\u00e1ticas. Tratar\u00e9 de responder a dos preguntas. La primera es la siguiente: \u00bfQu\u00e9 piensa Joseph Ratzinger-Benedicto XVI de la situaci\u00f3n actual de la Iglesia y del mundo? \u00bfEs un pesimista, irreductiblemente concentrado en lo negativo, tal como a menudo lo presentan los medios, describi\u00e9ndolo<\/span><\/span><\/span><\/p>\n<p class=\"MsoNormal\" style=\"margin: 0cm 0cm 0pt; mso-layout-grid-align: none;\"><span style=\"color: black;\"><span style=\"font-size: small;\"><span style=\"font-family: Times New Roman;\">como una suerte de juez siempre a la caza de errores, incapaz de percibir la belleza de la vida y del mundo en la variedad de sus aspectos? Quien conozca al menos algo de todo lo que ha escrito o dicho, sabe que este es un juicio infundado: lo que impresiona en el libro es que todo esto sea desmentido con una simplicidad desconcertante por las propias palabras del Papa. El juicio sobre el mundo contempor\u00e1neo y la modernidad occidental no responde a lo que muchos creer\u00edan: \u201cLa modernidad no est\u00e1 hecha s\u00f3lo de cosas negativas \u2013dice Benedicto XVI\u2013. Si as\u00ed fuese, no podr\u00eda sostenerse por largo tiempo. Ella contiene grandes valores morales&#8230; cuando se los sostiene \u2013y el Papa tiene que sostenerlos\u2013, hay consenso en amplios \u00e1mbitos\u201d (p\u00e1gina 33). La actitud que se desprende es la de simpat\u00eda y estima frente a la complejidad cultural contempor\u00e1nea: \u201cMe parece importante no ver s\u00f3lo lo negativo. Debemos percibir, s\u00ed, con toda agudeza lo negativo, pero tambi\u00e9n tenemos que ver todas las oportunidades de bien que se hayan presentes, las esperanzas, las nuevas posibilidades que existen para nuestra condici\u00f3n humana\u201d (p\u00e1gina 75). \u201cLo importante es que intentemos vivir y pensar el cristianismo de tal manera que asuma en s\u00ed la buena, la correcta modernidad\u201d (p\u00e1gina 69). La urgencia de llevar a todos la buena noticia para <span style=\"mso-spacerun: yes;\">\u00a0<\/span>el Papa es inseparable de esta atenci\u00f3n serena y confiada, nunca desprovista del discernimiento necesario: \u201cLa pregunta es: \u00bfd\u00f3nde tiene raz\u00f3n el secularismo? Es decir, \u00bfd\u00f3nde la fe tiene que hacer propias las formas y las im\u00e1genes de la modernidad, y d\u00f3nde tiene que ofrecer resistencia?\u201d (p\u00e1gina 70). Est\u00e1 en juego en este di\u00e1logo positivo con la cultura de la \u201caldea global\u201d la misi\u00f3n misma de la que el Papa se sabe responsable: \u201cDebemos acometer con fuerza renovada la cuesti\u00f3n acerca de la cual es el modo en que puede anunciarse de nuevo a este mundo el evangelio de manera que llegue a \u00e9l, y que tenemos que emplear para ello todas las energ\u00edas, forma parte de los puntos program\u00e1ticos que se me han encomendado\u201d (p\u00e1gina 142). Aun su parecer sobre los medios de comunicaci\u00f3n \u2013incluso sobre los que a menudo presentan a la Iglesia o a la figura del Papa con tonos oscuros\u2013 es muy abierto y libre de prejuicios: a ellos \u2013afirma Benedicto XVI\u2013 \u201cen la medida en que es verdad, tenemos que estar agradecidos por toda informaci\u00f3n\u201d (p\u00e1gina 40). El fantasma evocado por muchos del complot antieclesial es afrontado as\u00ed: \u201cS\u00f3lo porque el mal estaba en la Iglesia pudo ser utilizado por otros en su contra\u201d (p\u00e1gina 40). <\/span><\/span><\/span><\/p>\n<p class=\"MsoNormal\" style=\"margin: 0cm 0cm 0pt; mso-layout-grid-align: none;\"><span style=\"color: black;\"><span style=\"font-size: small;\"><span style=\"font-family: Times New Roman;\">La segunda pregunta que deseo proponer es de d\u00f3nde surgen la serena confianza y el optimismo no ingenuo, articulado y honesto. La respuesta que surge del libro es muy clara: son fruto de una mirada de fe profunda, ejercitada durante a\u00f1os, sin negarse a ning\u00fan desaf\u00edo: \u201cMi vida entera ha estado atravesada siempre tambi\u00e9n por esta l\u00ednea de que el cristianismo brinda alegr\u00eda, da amplitud\u201d (p\u00e1gina 23). En concreto, se percibe aqu\u00ed la conciencia que el Papa tuvo desde el comienzo de la misi\u00f3n que le era confiada: \u201cYa en el momento en que fue elegido hab\u00eda podido decirle al Se\u00f1or con sencillez: \u00bfQu\u00e9 est\u00e1s haciendo conmigo? Ahora, la responsabilidad la tienes T\u00fa. \u00a1T\u00fa tienes que conducirme! Yo no puedo. Si T\u00fa me has querido a m\u00ed, entonces tambi\u00e9n tienes que ayudarme\u201d (p\u00e1gina 16). Conmueve que este Papa se autodefina \u2013m\u00e1s que todos\u2013 \u201csimple mendigo frente a Dios\u201d (p\u00e1gina 29). \u201cSer Papa \u2013agrega\u2013 no implica poseer un se\u00f1or\u00edo glorioso, sino dar testimonio de Aquel que fue crucificado y estar dispuesto a ejercer tambi\u00e9n el propio ministerio de esa forma, en vinculaci\u00f3n a \u00c9l\u201d (p\u00e1gina 22). <\/span><\/span><\/span><\/p>\n<p class=\"MsoNormal\" style=\"margin: 0cm 0cm 0pt; mso-layout-grid-align: none;\"><span style=\"color: black;\"><span style=\"font-size: small; font-family: Times New Roman;\">La \u201ccausa\u201d de Benedicto XVI se presenta aqu\u00ed con toda su fuerza existencial: \u201cEs urgente que la pregunta sobre Dios vuelva a colocarse en el centro. No se trata de un Dios que de alguna manera existe, sino de un Dios que nos conoce, que nos habla y que nos incumbe. Y que, despu\u00e9s, ser\u00e1 tambi\u00e9n nuestro juez\u201d (p\u00e1gina 62). Lo que est\u00e1 en juego es el hombre mismo, su dignidad y su futuro: \u201cHoy lo importante es que se vea de nuevo que Dios existe, que Dios nos incumbe y que \u00c9l nos responde. Y que, a la inversa, si Dios desaparece, por m\u00e1s ilustradas que sean todas las dem\u00e1s cosas, el hombre pierde su dignidad y su aut\u00e9ntica humanidad, con lo cual se derrumba lo esencial\u201d (p\u00e1gina 78). \u201cQue se coloque nuevamente a Dios en primer t\u00e9rmino\u201d (p\u00e1gina 76) es la tarea que el Papa se propone como meta de su pontificado y don de amor al que se siente llamado frente al mundo. \u201cCaptar el dramatismo del tiempo, seguir sosteniendo en \u00e9l la palabra de Dios como la palabra decisiva y dar al mismo tiempo al cristianismo aquella sencillez y profundidad sin la cual no puede actuar\u201d (p\u00e1gina 79). Se podr\u00e1 estar de acuerdo o no con esta opci\u00f3n de fondo; pero estoy convencido de que todo aquel que se preocupe por la suerte de la aventura humana, tanto en el plano personal como colectivo, no puede dejar de reconocer que este desaf\u00edo nos involucra a todos, al m\u00e1s alto nivel, y que este Papa tiene el coraje de enfrentarlo en profundidad, tanto que su testimonio obliga a pensar y abre perspectivas de luz y de esperanza para todos. <\/span><\/span><\/p>\n","protected":false},"excerpt":{"rendered":"<p>El reciente libro entrevista de Benedicto XVI permite conocer m\u00e1s de cerca su pensamiento sobre la Iglesia y la sociedad y descubrir las ra\u00edces de&#8230;<\/p>\n","protected":false},"author":7,"featured_media":0,"comment_status":"open","ping_status":"open","sticky":false,"template":"","format":"standard","meta":{"_acf_changed":false,"_jetpack_newsletter_access":"","_jetpack_dont_email_post_to_subs":false,"_jetpack_newsletter_tier_id":0,"_jetpack_memberships_contains_paywalled_content":false,"_jetpack_memberships_contains_paid_content":false,"footnotes":""},"categories":[4,8],"tags":[19,13,36,102,14],"class_list":["post-5610","post","type-post","status-publish","format-standard","hentry","category-cultura","category-iglesia","tag-benedicto-xvi","tag-conflictos","tag-critica-historica","tag-dialogo-interreligioso","tag-iglesia"],"acf":[],"jetpack_featured_media_url":"","jetpack_sharing_enabled":true,"jetpack_shortlink":"https:\/\/wp.me\/p6FC4i-1su","_links":{"self":[{"href":"https:\/\/www.revistacriterio.com.ar\/bloginst_new\/index.php?rest_route=\/wp\/v2\/posts\/5610","targetHints":{"allow":["GET"]}}],"collection":[{"href":"https:\/\/www.revistacriterio.com.ar\/bloginst_new\/index.php?rest_route=\/wp\/v2\/posts"}],"about":[{"href":"https:\/\/www.revistacriterio.com.ar\/bloginst_new\/index.php?rest_route=\/wp\/v2\/types\/post"}],"author":[{"embeddable":true,"href":"https:\/\/www.revistacriterio.com.ar\/bloginst_new\/index.php?rest_route=\/wp\/v2\/users\/7"}],"replies":[{"embeddable":true,"href":"https:\/\/www.revistacriterio.com.ar\/bloginst_new\/index.php?rest_route=%2Fwp%2Fv2%2Fcomments&post=5610"}],"version-history":[{"count":0,"href":"https:\/\/www.revistacriterio.com.ar\/bloginst_new\/index.php?rest_route=\/wp\/v2\/posts\/5610\/revisions"}],"wp:attachment":[{"href":"https:\/\/www.revistacriterio.com.ar\/bloginst_new\/index.php?rest_route=%2Fwp%2Fv2%2Fmedia&parent=5610"}],"wp:term":[{"taxonomy":"category","embeddable":true,"href":"https:\/\/www.revistacriterio.com.ar\/bloginst_new\/index.php?rest_route=%2Fwp%2Fv2%2Fcategories&post=5610"},{"taxonomy":"post_tag","embeddable":true,"href":"https:\/\/www.revistacriterio.com.ar\/bloginst_new\/index.php?rest_route=%2Fwp%2Fv2%2Ftags&post=5610"}],"curies":[{"name":"wp","href":"https:\/\/api.w.org\/{rel}","templated":true}]}}