{"id":5642,"date":"2011-03-01T01:35:34","date_gmt":"2011-03-01T04:35:34","guid":{"rendered":"http:\/\/www.revistacriterio.com.ar\/bloginst_new\/?p=5642"},"modified":"2011-03-01T01:35:34","modified_gmt":"2011-03-01T04:35:34","slug":"viaje-presidencial-a-los-paises-arabes-y-turquia","status":"publish","type":"post","link":"https:\/\/www.revistacriterio.com.ar\/bloginst_new\/?p=5642","title":{"rendered":"Viaje presidencial a los pa\u00edses \u00e1rabes y Turqu\u00eda"},"content":{"rendered":"<p class=\"MsoNormal\" style=\"margin: 0cm 0cm 0pt;\"><span style=\"font-size: small;\"><span style=\"font-family: Times New Roman;\">La Argentina debe superar esa suerte de complejo de pa\u00eds de segundo orden. Para <\/span><\/span><span style=\"font-size: small; font-family: Times New Roman;\">hacerlo necesita abordar con decisi\u00f3n relaciones con otras regiones del planeta, <\/span><\/p>\n<div class=\"MsoNormal\" style=\"margin: 0cm 0cm 0pt;\"><span style=\"font-size: small;\"><span style=\"font-family: Times New Roman;\">donde su presencia ha sido escasa.<!--more--><\/span><\/span><\/div>\n<div><span style=\"font-size: small;\"><\/span><\/div>\n<p><span style=\"font-size: small;\"><span style=\"font-family: Times New Roman;\"><\/p>\n<p class=\"MsoNormal\" style=\"margin: 0cm 0cm 0pt;\">\u00a0<\/p>\n<div><\/div>\n<p><\/span><span style=\"font-size: small;\"><\/p>\n<p class=\"MsoNormal\" style=\"margin: 0cm 0cm 0pt;\">\u00a0<\/p>\n<p>\u00a0<\/p>\n<p>\u00a0<\/p>\n<p><\/span><\/span><\/p>\n<p class=\"MsoNormal\" style=\"margin: 0cm 0cm 0pt;\">\u00a0<\/p>\n<p class=\"MsoNormal\" style=\"margin: 0cm 0cm 0pt; mso-layout-grid-align: none;\"><span style=\"color: black;\"><span style=\"font-size: small;\"><span style=\"font-family: Times New Roman;\">\u00bfQu\u00e9 valor pol\u00edtico y econ\u00f3mico tiene para la Argentina que la Jefa de Estado los visite? Un valor considerable puesto que nuestro pa\u00eds puede y debe estar no s\u00f3lo simb\u00f3licamente presente; su inter\u00e9s debe traducirse en acciones.<\/span><\/span><\/span><\/p>\n<p class=\"MsoNormal\" style=\"margin: 0cm 0cm 0pt; mso-layout-grid-align: none;\"><span style=\"color: black;\"><span style=\"font-size: small;\"><span style=\"font-family: Times New Roman;\">El grado de dinamismo que en los \u00faltimos a\u00f1os mostraron Kuwait y Qatar es excepcional: hace apenas 15 a\u00f1os, el PBI de Qatar era un d\u00e9cimo de lo que es hoy. Y su poblaci\u00f3n, menos de la mitad; al crecimiento contribuy\u00f3 la alt\u00edsima migraci\u00f3n desde sus vecinos asi\u00e1ticos. Adem\u00e1s, el ingreso per c\u00e1pita se multiplic\u00f3 por seis. Los extranjeros que trabajan all\u00ed representan tres cuartas partes de sus habitantes. Las remesas que env\u00edan a sus pa\u00edses de origen \u2013asi\u00e1ticos vecinos, Pakist\u00e1n e India, principalmente\u2013 significan cuantiosos aportes a esas econom\u00edas. La realidad econ\u00f3mica de Qatar \u2013basada en el gas m\u00e1s que en el petr\u00f3leo\u2013 es \u00fanica en el mundo. Posee la tercera reserva mundial comprobada de gas, ventaja relativa que aprovech\u00f3 como multiplicador econ\u00f3mico y social, y motoriz\u00f3 su avance en todos los \u00f3rdenes, incluso el pol\u00edtico. Su capital, Doha,<\/span><\/span><\/span><\/p>\n<p class=\"MsoNormal\" style=\"margin: 0cm 0cm 0pt; mso-layout-grid-align: none;\"><span style=\"color: black;\"><span style=\"font-size: small;\"><span style=\"font-family: Times New Roman;\">hasta hace poco desconocida, ya se ha incorporado al vocabulario pol\u00edtico y econ\u00f3mico del mundo. <\/span><\/span><\/span><\/p>\n<p class=\"MsoNormal\" style=\"margin: 0cm 0cm 0pt; mso-layout-grid-align: none;\"><span style=\"color: black;\"><span style=\"font-size: small;\"><span style=\"font-family: Times New Roman;\">No se trata \u00fanicamente de pa\u00edses peque\u00f1os pero muy ricos donde abunda el capital desaprovechado por nosotros. Se trata, m\u00e1s bien, de pa\u00edses habituados a tomar decisiones de gran envergadura, que pueden cambiar la suerte de sus eventuales socios<\/span><\/span><\/span><\/p>\n<p class=\"MsoNormal\" style=\"margin: 0cm 0cm 0pt; mso-layout-grid-align: none;\"><span style=\"color: black;\"><span style=\"font-size: small;\"><span style=\"font-family: Times New Roman;\">y aliados. Por ende, no es cuesti\u00f3n s\u00f3lo de multiplicar varias veces el intercambio comercial \u2013lo cual es, por supuesto, posible y necesario\u2013 sino de realizar operaciones de mayor trascendencia, las que no pueden dejar de tener valor pol\u00edtico.<\/span><\/span><\/span><\/p>\n<p class=\"MsoNormal\" style=\"margin: 0cm 0cm 0pt; mso-layout-grid-align: none;\"><span style=\"color: black;\"><span style=\"font-size: small;\"><span style=\"font-family: Times New Roman;\">Cabe esperar tambi\u00e9n que la visita de la jefa de Estado a Turqu\u00eda signifique un real salto cualitativo. Se trata de una verdadera potencia que desea extender su influencia, presencia y relevancia en regiones que hasta ahora no hab\u00eda atendido. Am\u00e9rica Latina es una de ellas. Lo ha demostrado varias veces en la historia, y m\u00e1s recientemente con sus<\/span><\/span><\/span><\/p>\n<p class=\"MsoNormal\" style=\"margin: 0cm 0cm 0pt; mso-layout-grid-align: none;\"><span style=\"color: black;\"><span style=\"font-size: small;\"><span style=\"font-family: Times New Roman;\">iniciativas \u2013acompa\u00f1adas durante el \u00faltimo tramo de la presidencia de Lula da Silva en Brasil\u2013 respecto de Ir\u00e1n.<\/span><\/span><\/span><\/p>\n<p class=\"MsoNormal\" style=\"margin: 0cm 0cm 0pt; mso-layout-grid-align: none;\"><span style=\"color: black;\"><span style=\"font-size: small;\"><span style=\"font-family: Times New Roman;\">Las relaciones internacionales no son nunca unidimensionales. Aunque el comercio y la econom\u00eda sean muy relevantes, dejar de lado, o disminuir, el inter\u00e9s en las cuestiones pol\u00edticas conduce a error. Dicho en otras palabras, la Argentina debe \u2013y puede\u2013 interesarse en todo. Tiene la capacidad para hacerlo. Y tambi\u00e9n la oportunidad hist\u00f3rica.<\/span><\/span><\/span><\/p>\n<p class=\"MsoNormal\" style=\"margin: 0cm 0cm 0pt; mso-layout-grid-align: none;\"><span style=\"color: black;\"><span style=\"font-size: small; font-family: Times New Roman;\">En nuestro pa\u00eds los viajes de los jefes de Estado suelen ser criticados y sospechados de inconsecuentes; ha sucedido bajo todos los gobiernos con prescindencia de su signo pol\u00edtico. No obstante, los viajes pueden ser un excelente instrumento de pol\u00edtica internacional. Si por alg\u00fan motivo no fueran debidamente preparados \u2013aunque la Canciller\u00eda trabaje arduamente en ellos\u2013, o si luego los viajes no resultan todo lo fruct\u00edferos que debieran ser, es otra cuesti\u00f3n.<\/span><\/span><\/p>\n","protected":false},"excerpt":{"rendered":"<p>La Argentina debe superar esa suerte de complejo de pa\u00eds de segundo orden. Para hacerlo necesita abordar con decisi\u00f3n relaciones con otras regiones del planeta,&#8230;<\/p>\n","protected":false},"author":7,"featured_media":0,"comment_status":"open","ping_status":"open","sticky":false,"template":"","format":"standard","meta":{"_acf_changed":false,"_jetpack_newsletter_access":"","_jetpack_dont_email_post_to_subs":false,"_jetpack_newsletter_tier_id":0,"_jetpack_memberships_contains_paywalled_content":false,"_jetpack_memberships_contains_paid_content":false,"footnotes":""},"categories":[3],"tags":[120,101,26,35,12],"class_list":["post-5642","post","type-post","status-publish","format-standard","hentry","category-politica-economia","tag-democracia","tag-dialogo","tag-independencia","tag-musulman","tag-votos"],"acf":[],"jetpack_featured_media_url":"","jetpack_sharing_enabled":true,"jetpack_shortlink":"https:\/\/wp.me\/p6FC4i-1t0","_links":{"self":[{"href":"https:\/\/www.revistacriterio.com.ar\/bloginst_new\/index.php?rest_route=\/wp\/v2\/posts\/5642","targetHints":{"allow":["GET"]}}],"collection":[{"href":"https:\/\/www.revistacriterio.com.ar\/bloginst_new\/index.php?rest_route=\/wp\/v2\/posts"}],"about":[{"href":"https:\/\/www.revistacriterio.com.ar\/bloginst_new\/index.php?rest_route=\/wp\/v2\/types\/post"}],"author":[{"embeddable":true,"href":"https:\/\/www.revistacriterio.com.ar\/bloginst_new\/index.php?rest_route=\/wp\/v2\/users\/7"}],"replies":[{"embeddable":true,"href":"https:\/\/www.revistacriterio.com.ar\/bloginst_new\/index.php?rest_route=%2Fwp%2Fv2%2Fcomments&post=5642"}],"version-history":[{"count":0,"href":"https:\/\/www.revistacriterio.com.ar\/bloginst_new\/index.php?rest_route=\/wp\/v2\/posts\/5642\/revisions"}],"wp:attachment":[{"href":"https:\/\/www.revistacriterio.com.ar\/bloginst_new\/index.php?rest_route=%2Fwp%2Fv2%2Fmedia&parent=5642"}],"wp:term":[{"taxonomy":"category","embeddable":true,"href":"https:\/\/www.revistacriterio.com.ar\/bloginst_new\/index.php?rest_route=%2Fwp%2Fv2%2Fcategories&post=5642"},{"taxonomy":"post_tag","embeddable":true,"href":"https:\/\/www.revistacriterio.com.ar\/bloginst_new\/index.php?rest_route=%2Fwp%2Fv2%2Ftags&post=5642"}],"curies":[{"name":"wp","href":"https:\/\/api.w.org\/{rel}","templated":true}]}}