{"id":5897,"date":"2011-07-01T19:14:11","date_gmt":"2011-07-01T22:14:11","guid":{"rendered":"http:\/\/www.revistacriterio.com.ar\/bloginst_new\/?p=5897"},"modified":"2011-07-01T19:14:11","modified_gmt":"2011-07-01T22:14:11","slug":"indignacion-y-realidad-son-compatibles","status":"publish","type":"post","link":"https:\/\/www.revistacriterio.com.ar\/bloginst_new\/?p=5897","title":{"rendered":"\u201cIndignaci\u00f3n\u201d y realidad, \u00bfson compatibles?"},"content":{"rendered":"<p class=\"MsoNormal\" style=\"margin: 0cm 0cm 0pt;\"><span style=\"font-size: small; font-family: Times New Roman;\">A menos que alguien ceda, dif\u00edcilmente se logren conciliar los reclamos de los \u201cindignados\u201d y quienes detentan el poder y los medios para darles soluci\u00f3n.<!--more-->L<\/span><span style=\"font-size: small; font-family: Times New Roman;\">os \u201cindignados\u201d, que ocuparon la atenci\u00f3n p\u00fablica en Espa\u00f1a \u2013Puerta del Sol en Madrid, Plaza de Catalu\u00f1a en Barcelona\u2013 y en otros pa\u00edses de Europa se retiraron de esos emblem\u00e1ticos lugares. En Barcelona, el 15 de mayo practicaron lo que aqu\u00ed llamamos un \u201cescrache\u201d frente al Parlamento catal\u00e1n. \u00bfQu\u00e9 quedar\u00e1 de esa experiencia? Las <span style=\"mso-spacerun: yes;\">\u00a0<\/span>manifestaciones juveniles en plazas y lugares p\u00fablicos despiertan la fantas\u00eda, las esperanzas y los proyectos de los que est\u00e1n presentes y de los que se unen a trav\u00e9s de los medios. Hacen historia, como la Tahrir, en El Cairo. Y aun fracasando, como en Tienanmen.<\/span><\/p>\n<p class=\"MsoNormal\" style=\"margin: 0cm 0cm 0pt; mso-layout-grid-align: none;\"><span style=\"font-size: small; font-family: Times New Roman;\">Pero \u00bfqu\u00e9 ser\u00e1 ahora de las plazas espa\u00f1olas? La Uni\u00f3n Europea enfrenta dilemas muy graves en Espa\u00f1a, Irlanda, Portugal y Grecia. Cada caso es diverso, pero los acomuna el hecho de que sus sociedades y gobiernos tienen problemas que no pueden resolver por s\u00ed solos. Comparten el endeudamiento externo e interno, el desempleo estructural \u2013en especial, de la juventud\u2013, la disconformidad de la sociedad ante un futuro desalentador, la perplejidad de los gobiernos y las exigencias perentorias de los actores externos. El choque de voluntades entre quienes pretenden soluciones inmediatas y absolutas \u2013los manifestantes\u2013 y quienes exigen disciplina, sacrificios, correcci\u00f3n de conductas \u2013los encargados de aportar los medios\u2013 es frontal y no ofrece posibilidad de consenso. Si las conducciones pol\u00edticas de esos pa\u00edses pretenden una salida, tendr\u00e1 un alto costo. En elecciones que sucedieron a disturbios y crisis triunfaron los proyectos contrarios \u2013de derecha\u2013 a las pretensiones de la plaza. <\/span><\/p>\n<p class=\"MsoNormal\" style=\"margin: 0cm 0cm 0pt; mso-layout-grid-align: none;\"><span style=\"font-size: small; font-family: Times New Roman;\">Es una espiral negativa, sin aparente soluci\u00f3n. A menos que alguien ceda \u2013y no es dif\u00edcil deducir qui\u00e9n deber\u00e1 hacerlo\u2013, no es predecible la ruptura de la unidad monetaria europea. Es m\u00e1s plausible un futuro de ajustes estructurales. Si las sociedades de Europa oriental lograron cambios mucho m\u00e1s profundos \u2013salir de una econom\u00eda socialista\u2013 y hoy se encuentran en mejor situaci\u00f3n, significa que es posible.<\/span><\/p>\n<p class=\"MsoNormal\" style=\"margin: 0cm 0cm 0pt; mso-layout-grid-align: none;\"><span style=\"font-size: small; font-family: Times New Roman;\">El caso de los \u201cindignados\u201d es distinto. La protesta fue disciplinada e ingeniosa. Intentaron consensos entre ideolog\u00edas contrarias, manifestaron malestar contra la clase pol\u00edtica, pretenden una revoluci\u00f3n \u00e9tica y una reforma electoral que permita mayor expresi\u00f3n. Apelan a derechos b\u00e1sicos como la vivienda, luego del desastre inmobiliario espa\u00f1ol; claman por abolir leyes injustas y discriminatorias, ligadas a una reforma fiscal radical y a suprimir privilegios de clase, en especial, de la pol\u00edtica. Coinciden con otras protestas contra el FMI, pero agregan el rechazo a la Banca Central Europea. <\/span><\/p>\n<p class=\"MsoNormal\" style=\"margin: 0cm 0cm 0pt; mso-layout-grid-align: none;\"><span style=\"font-size: small; font-family: Times New Roman;\">Pero este reclamo es irreal: la BCE no puede ser evitada, es un pilar esencial del sistema monetario com\u00fan. Y salir del euro es una fantas\u00eda. Los \u201cindignados\u201d suman reclamos con historia antigua: la \u201cdesvinculaci\u00f3n\u201d de la Iglesia y el Estado, m\u00e1s regulaciones laborales, el cierre de las centrales nucleares (en Espa\u00f1a hay ocho), la oposici\u00f3n a las privatizaciones, la \u201creal\u201d separaci\u00f3n de los poderes, el cierre de las f\u00e1bricas de armamentos, la reducci\u00f3n del gasto militar y la transparencia en el uso de los fondos de los partidos pol\u00edticos. Otros reclamos se refieren a la expropiaci\u00f3n de viviendas no usadas, la reducci\u00f3n del tiempo de trabajo, la jubilaci\u00f3n a los 65 a\u00f1os, el control de las entidades bancarias. Se aspira a una democracia m\u00e1s participativa a trav\u00e9s de los referendums y a la existencia de un poder judicial independiente. Pero el reclamo real, profundo, de la \u201cindignaci\u00f3n\u201d, se sintetiza en la cr\u00edtica a la deserci\u00f3n de la clase pol\u00edtica. Si al menos este aspecto fuera escuchado, ya ser\u00eda un triunfo. <\/span><\/p>\n","protected":false},"excerpt":{"rendered":"<p>A menos que alguien ceda, dif\u00edcilmente se logren conciliar los reclamos de los \u201cindignados\u201d y quienes detentan el poder y los medios para darles soluci\u00f3n.<\/p>\n","protected":false},"author":7,"featured_media":0,"comment_status":"open","ping_status":"open","sticky":false,"template":"","format":"standard","meta":{"_acf_changed":false,"_jetpack_newsletter_access":"","_jetpack_dont_email_post_to_subs":false,"_jetpack_newsletter_tier_id":0,"_jetpack_memberships_contains_paywalled_content":false,"_jetpack_memberships_contains_paid_content":false,"footnotes":""},"categories":[3],"tags":[13,26,12],"class_list":["post-5897","post","type-post","status-publish","format-standard","hentry","category-politica-economia","tag-conflictos","tag-independencia","tag-votos"],"acf":[],"jetpack_featured_media_url":"","jetpack_sharing_enabled":true,"jetpack_shortlink":"https:\/\/wp.me\/p6FC4i-1x7","_links":{"self":[{"href":"https:\/\/www.revistacriterio.com.ar\/bloginst_new\/index.php?rest_route=\/wp\/v2\/posts\/5897","targetHints":{"allow":["GET"]}}],"collection":[{"href":"https:\/\/www.revistacriterio.com.ar\/bloginst_new\/index.php?rest_route=\/wp\/v2\/posts"}],"about":[{"href":"https:\/\/www.revistacriterio.com.ar\/bloginst_new\/index.php?rest_route=\/wp\/v2\/types\/post"}],"author":[{"embeddable":true,"href":"https:\/\/www.revistacriterio.com.ar\/bloginst_new\/index.php?rest_route=\/wp\/v2\/users\/7"}],"replies":[{"embeddable":true,"href":"https:\/\/www.revistacriterio.com.ar\/bloginst_new\/index.php?rest_route=%2Fwp%2Fv2%2Fcomments&post=5897"}],"version-history":[{"count":0,"href":"https:\/\/www.revistacriterio.com.ar\/bloginst_new\/index.php?rest_route=\/wp\/v2\/posts\/5897\/revisions"}],"wp:attachment":[{"href":"https:\/\/www.revistacriterio.com.ar\/bloginst_new\/index.php?rest_route=%2Fwp%2Fv2%2Fmedia&parent=5897"}],"wp:term":[{"taxonomy":"category","embeddable":true,"href":"https:\/\/www.revistacriterio.com.ar\/bloginst_new\/index.php?rest_route=%2Fwp%2Fv2%2Fcategories&post=5897"},{"taxonomy":"post_tag","embeddable":true,"href":"https:\/\/www.revistacriterio.com.ar\/bloginst_new\/index.php?rest_route=%2Fwp%2Fv2%2Ftags&post=5897"}],"curies":[{"name":"wp","href":"https:\/\/api.w.org\/{rel}","templated":true}]}}