{"id":5941,"date":"2011-07-01T17:21:11","date_gmt":"2011-07-01T20:21:11","guid":{"rendered":"http:\/\/www.revistacriterio.com.ar\/bloginst_new\/?p=5941"},"modified":"2011-07-01T17:21:11","modified_gmt":"2011-07-01T20:21:11","slug":"libros-la-arena-simbolica","status":"publish","type":"post","link":"https:\/\/www.revistacriterio.com.ar\/bloginst_new\/?p=5941","title":{"rendered":"Libros: La arena simb\u00f3lica"},"content":{"rendered":"<p class=\"MsoNormal\" style=\"margin: 0cm 0cm 0pt;\"><span style=\"font-size: small; font-family: Times New Roman;\"><a href=\"https:\/\/www.revistacriterio.com.ar\/bloginst_new\/wp-content\/uploads\/2011\/06\/irrazabal-libro.jpg\"><img loading=\"lazy\" decoding=\"async\" class=\"alignleft size-thumbnail wp-image-5942\" title=\"irrazabal-libro\" src=\"https:\/\/www.revistacriterio.com.ar\/bloginst_new\/wp-content\/uploads\/2011\/06\/irrazabal-libro-120x120.jpg\" alt=\"irrazabal-libro\" width=\"120\" height=\"120\" \/><\/a>Una mirada subjetiva de <em>La audacia y el c\u00e1lculo. Kirchner 2003-2010<\/em>, de Beatriz Sarlo.<\/span><\/p>\n<p class=\"MsoNormal\" style=\"margin: 0cm 0cm 0pt;\"><span style=\"font-size: small; font-family: Times New Roman;\">\u00a0<\/span><span style=\"font-size: small; font-family: Times New Roman;\">Las siguientes l\u00edneas no pretenden ser un comentario de este libro, para lo cual no me siento capacitado, sino un comentario de <em>mi experiencia <\/em>con \u00e9l. La motivaci\u00f3n para salir a comprarlo era precisa. Durante mucho tiempo trat\u00e9 de entender el kirchnerismo como una cuesti\u00f3n estrictamente pol\u00edtica. <!--more-->Pero, con los a\u00f1os, este enfoque se fue demostrando <\/span><span style=\"font-size: small; font-family: Times New Roman;\">demasiado estrecho e inadecuado para analizar un fen\u00f3meno que iba adquiriendo creciente connotaci\u00f3n simb\u00f3lica e ideol\u00f3gica. A mi juicio, es esto lo que lleva a Beatriz <\/span><span style=\"font-size: small; font-family: Times New Roman;\">Sarlo a ocupar un lugar enteramente especial en el estudio de este proceso. Ella ha sabido insertar el an\u00e1lisis m\u00e1s espec\u00edficamente pol\u00edtico en un amplio contexto hist\u00f3rico-cultural que arroja nueva luz sobre los hechos. Cuando me enter\u00e9 de la publicaci\u00f3n del libro, tuve la certeza de que encontrar\u00eda en \u00e9l pistas de reflexi\u00f3n que dif\u00edcilmente podr\u00eda recabar en otro lado. <\/span><\/p>\n<p class=\"MsoNormal\" style=\"margin: 0cm 0cm 0pt; mso-layout-grid-align: none;\"><span style=\"font-size: small; font-family: Times New Roman;\">Confieso que mi expectativa inmediata era leer acerca de N\u00e9stor Kirchner. En cambio, encontr\u00e9 cuatro densos cap\u00edtulos dedicados a la televisi\u00f3n (espacio de la <em>celebrityland<\/em>), a Internet (Facebook, Twitter, blogs) y al modo en que sus respectivas \u201cl\u00f3gicas\u201d, en general emotivistas y arbitrarias, influyen en el discurso, los h\u00e1bitos y la concepci\u00f3n misma de la pol\u00edtica, profundizando una orfandad argumental que conspira contra el arraigo de un sentido com\u00fan republicano. Para m\u00ed \u2013televidente espor\u00e1dico y usuario elemental de la web\u2013, la lectura de esta primera parte fue un tanto ardua. Sin embargo, a medida que avanzaba descubr\u00ed c\u00f3mo la infinidad de fragmentos de la realidad pol\u00edtica y social cotidiana que conservaba en la memoria como an\u00e9cdotas inconexas, encontraban en estas p\u00e1ginas su lugar y su sentido. <\/span><\/p>\n<p class=\"MsoNormal\" style=\"margin: 0cm 0cm 0pt; mso-layout-grid-align: none;\"><span style=\"font-size: small; font-family: Times New Roman;\">Sarlo inscribe en este cuadro la irrupci\u00f3n de NK, present\u00e1ndolo como un pol\u00edtico peronista tradicional que, cuando la fortuna y el dedo de Duhalde lo catapultaron a la presidencia, se encontr\u00f3 ante el gran desaf\u00edo de construir su propio poder. Para ello no pod\u00eda confiar en las estructuras partidarias ni en las convocatorias plebiscitarias del pasado. S\u00f3lo pod\u00eda apoyarse en la opini\u00f3n de la gente, reflejada en las encuestas. Luego de un comienzo moderado y m\u00e1s bien chato ideol\u00f3gicamente, NK se apropi\u00f3 del espacio vacante del progresismo y lo redefini\u00f3 a partir de su alianza con las organizaciones de derechos humanos. Cont\u00f3 con una \u201cbrigada simb\u00f3lica\u201d de intelectuales afines para construir un nuevo discurso y un nuevo relato (a partir de la historia reciente del terrorismo de Estado) en el que reserv\u00f3 para s\u00ed un rol fundacional.<\/span><\/p>\n<p class=\"MsoNormal\" style=\"margin: 0cm 0cm 0pt; mso-layout-grid-align: none;\"><span style=\"font-size: small; font-family: Times New Roman;\">A trav\u00e9s de ellos fue acentuando los rasgos populistas de su gobierno, con una ret\u00f3rica confrontativa dirigida a marcar la frontera entre el pueblo y sus supuestos \u201cenemigos\u201d, aunque sin llegar a construir un nuevo Sujeto pol\u00edtico (como pedir\u00eda Ernesto Laclau), ya que creci\u00f3 m\u00e1s por cooptaci\u00f3n que por verdadera articulaci\u00f3n de demandas sociales. El \u00faltimo cap\u00edtulo de esta historia es la batalla de los medios, en que valores aut\u00e9nticos como la democratizaci\u00f3n informativa fueron puestos al servicio de un proyecto de poder.<\/span><\/p>\n<p class=\"MsoNormal\" style=\"margin: 0cm 0cm 0pt; mso-layout-grid-align: none;\"><span style=\"font-size: small; font-family: Times New Roman;\">\u00bfEs todo esto \u00fanicamente fruto de \u201cla audacia y el c\u00e1lculo\u201d? En todo caso, el fen\u00f3meno K ha adquirido las dimensiones de un combate simb\u00f3lico, cuyas alternativas marcar\u00e1n profundamente nuestra cultura en los pr\u00f3ximos a\u00f1os. Sin embargo, es probable que los contendientes finalmente se vean obligados a convivir. Si alg\u00fan efecto positivo tiene Internet sobre la pol\u00edtica es que su desarrollo y expansi\u00f3n har\u00e1n inviable cualquier proyecto de monopolio informativo y cultural. En un pa\u00eds como el nuestro, no es poco.<\/span><\/p>\n","protected":false},"excerpt":{"rendered":"<p>Una mirada subjetiva de La audacia y el c\u00e1lculo. Kirchner 2003-2010, de Beatriz Sarlo. \u00a0Las siguientes l\u00edneas no pretenden ser un comentario de este libro,&#8230;<\/p>\n","protected":false},"author":7,"featured_media":0,"comment_status":"open","ping_status":"open","sticky":false,"template":"","format":"standard","meta":{"_acf_changed":false,"_jetpack_newsletter_access":"","_jetpack_dont_email_post_to_subs":false,"_jetpack_newsletter_tier_id":0,"_jetpack_memberships_contains_paywalled_content":false,"_jetpack_memberships_contains_paid_content":false,"footnotes":""},"categories":[4],"tags":[111,31,142],"class_list":["post-5941","post","type-post","status-publish","format-standard","hentry","category-cultura","tag-kirchner","tag-libros","tag-sarlo"],"acf":[],"jetpack_featured_media_url":"","jetpack_sharing_enabled":true,"jetpack_shortlink":"https:\/\/wp.me\/p6FC4i-1xP","_links":{"self":[{"href":"https:\/\/www.revistacriterio.com.ar\/bloginst_new\/index.php?rest_route=\/wp\/v2\/posts\/5941","targetHints":{"allow":["GET"]}}],"collection":[{"href":"https:\/\/www.revistacriterio.com.ar\/bloginst_new\/index.php?rest_route=\/wp\/v2\/posts"}],"about":[{"href":"https:\/\/www.revistacriterio.com.ar\/bloginst_new\/index.php?rest_route=\/wp\/v2\/types\/post"}],"author":[{"embeddable":true,"href":"https:\/\/www.revistacriterio.com.ar\/bloginst_new\/index.php?rest_route=\/wp\/v2\/users\/7"}],"replies":[{"embeddable":true,"href":"https:\/\/www.revistacriterio.com.ar\/bloginst_new\/index.php?rest_route=%2Fwp%2Fv2%2Fcomments&post=5941"}],"version-history":[{"count":0,"href":"https:\/\/www.revistacriterio.com.ar\/bloginst_new\/index.php?rest_route=\/wp\/v2\/posts\/5941\/revisions"}],"wp:attachment":[{"href":"https:\/\/www.revistacriterio.com.ar\/bloginst_new\/index.php?rest_route=%2Fwp%2Fv2%2Fmedia&parent=5941"}],"wp:term":[{"taxonomy":"category","embeddable":true,"href":"https:\/\/www.revistacriterio.com.ar\/bloginst_new\/index.php?rest_route=%2Fwp%2Fv2%2Fcategories&post=5941"},{"taxonomy":"post_tag","embeddable":true,"href":"https:\/\/www.revistacriterio.com.ar\/bloginst_new\/index.php?rest_route=%2Fwp%2Fv2%2Ftags&post=5941"}],"curies":[{"name":"wp","href":"https:\/\/api.w.org\/{rel}","templated":true}]}}