{"id":5944,"date":"2011-07-01T17:40:38","date_gmt":"2011-07-01T20:40:38","guid":{"rendered":"http:\/\/www.revistacriterio.com.ar\/bloginst_new\/?p=5944"},"modified":"2011-07-01T17:40:38","modified_gmt":"2011-07-01T20:40:38","slug":"mozart-a-dos-orillas","status":"publish","type":"post","link":"https:\/\/www.revistacriterio.com.ar\/bloginst_new\/?p=5944","title":{"rendered":"Mozart a dos orillas"},"content":{"rendered":"<p class=\"MsoNormal\" style=\"margin: 0cm 0cm 0pt; mso-layout-grid-align: none;\"><span style=\"color: black;\"><span style=\"font-size: small;\"><span style=\"font-family: Times New Roman;\"><a href=\"https:\/\/www.revistacriterio.com.ar\/bloginst_new\/wp-content\/uploads\/2011\/06\/laflautamagica-web1.jpg\"><img loading=\"lazy\" decoding=\"async\" class=\"alignleft size-thumbnail wp-image-5947\" title=\"laflautamagica-web1\" src=\"https:\/\/www.revistacriterio.com.ar\/bloginst_new\/wp-content\/uploads\/2011\/06\/laflautamagica-web1-120x120.jpg\" alt=\"laflautamagica-web1\" width=\"120\" height=\"120\" \/><\/a>La coincidencia quiso que en pocas semanas asistiera a la representaci\u00f3n de dos celebradas operas del repertorio mozartiano: <em>La Flauta M\u00e1gica<\/em>, obra de madurez (en Buenos Aires) y la gr\u00e1cil y bufa <em>Las bodas de F\u00edgaro <\/em>(en Madrid). Tan s\u00f3lo cinco a\u00f1os distan en su estreno vien\u00e9s una de la otra.<!--more--><em><a href=\"https:\/\/www.revistacriterio.com.ar\/bloginst_new\/wp-content\/uploads\/2011\/06\/lasbodasdefigaro-web1.jpg\"><img loading=\"lazy\" decoding=\"async\" class=\"alignright size-medium wp-image-5948\" title=\"lasbodasdefigaro-web1\" src=\"https:\/\/www.revistacriterio.com.ar\/bloginst_new\/wp-content\/uploads\/2011\/06\/lasbodasdefigaro-web1-300x196.jpg\" alt=\"lasbodasdefigaro-web1\" width=\"300\" height=\"196\" \/><\/a>La flauta m\u00e1gica <\/em>es una de las obras m\u00e1s frecuentadas de todos los tiempos. Por primera vez en mucho, tiempo el Teatro Col\u00f3n volvi\u00f3 al nivel que le dio fama. Se trat\u00f3 de una puesta sin fisuras, el director musical Fr\u00e9deric Chaslin imprimi\u00f3 agilidad al <em>tempo <\/em>de la partitura en sinton\u00eda con la coloratura <em>naive <\/em>con toques <em>kitsch <\/em>que eligi\u00f3 Sergio Ren\u00e1n para la escenograf\u00eda. El coliseo porte\u00f1o enfrentaba singular desaf\u00edo: a\u00fan en la memoria de muchos brillaba la audaz puesta que en 1996 hizo Beni Montresor y la ovaci\u00f3n que recibiera Sumi Jo, una impactante Reina de la Noche. En rigor, Aline Kutan nunca alcanz\u00f3 ese magnetismo y esa clara destreza vocal aunque tuvo un fraseo muy correcto.<\/span><\/span><\/span><\/p>\n<p class=\"MsoNormal\" style=\"margin: 0cm 0cm 0pt; mso-layout-grid-align: none;\"><span style=\"color: black;\"><span style=\"font-size: small;\"><span style=\"font-family: Times New Roman;\">Los aplausos fueron para el Papageno Markus Werba. Tambi\u00e9n festejaron a Lyuba Petrova (Pamina), y a Reinhard Hagen, pese a una indisposici\u00f3n vocal. Incluso fue aprobado Fernando Rad\u00f3 en su breve pero significativo papel de El Orador. La ovaci\u00f3n <\/span><\/span><\/span><span style=\"color: black;\"><span style=\"font-size: small;\"><span style=\"font-family: Times New Roman;\">tambi\u00e9n fue para Sergio Ren\u00e1n, que quiso nuevamente escenificar una \u00f3pera con videoproyecciones como en su momento <em>Lady Macbeth de Minsk <\/em>de Shostakovich, en este mismo escenario y en el del Teatro Real de Madrid.<\/span><\/span><\/span><\/p>\n<p class=\"MsoNormal\" style=\"margin: 0cm 0cm 0pt; mso-layout-grid-align: none;\"><span style=\"color: black;\"><span style=\"font-size: small;\"><span style=\"font-family: Times New Roman;\">Casi en paralelo, en la legendaria sala madrile\u00f1a tuvo lugar la representaci\u00f3n de <em>Las bodas de Figaro<\/em>, que Mozart estren\u00f3 en la \u00f3pera de Viena el 1\u00b0 de mayo de 1786. En este caso, la regie de Emilio Sagi, la reinterpret\u00f3 desde un hiperrealismo no exento de erotismo, que le brind\u00f3 especial clima al jard\u00edn sevillano del \u00faltimo acto, acorde con la ambientaci\u00f3n sugerida por Da Ponte. La labor orquestal de V\u00edctor Pablo P\u00e9rez fue ajustada a la partitura que retrotrae la acci\u00f3n a una idealizada Sevilla del siglo XVIII. Brillaron los patios y galer\u00edas gracias a la labor de Eduardo Bravo, y tuvo luz propia la soprano polaca Aleksandra Kurzak (Sussana), Annette Dasch (Condesa de Almaviva), Pietro Spagnoli (F\u00edgaro) y la revelaci\u00f3n de Alessandra Marianelli (Cherubito). Tambi\u00e9n se luci\u00f3 el argentino Ra\u00fal Gim\u00e9nez como Basilio.<\/span><\/span><\/span><\/p>\n<p class=\"MsoNormal\" style=\"margin: 0cm 0cm 0pt; mso-layout-grid-align: none;\"><span style=\"font-size: small;\"><span style=\"font-family: Times New Roman;\"><em><span style=\"color: black;\">Las bodas de F\u00edgaro <\/span><\/em><span style=\"color: black;\">es uno de los grandes cl\u00e1sicos de la \u00f3pera y una de las tres obras maestras que Mozart compuso sobre libretos de Lorenzo Da Ponte. Basada en la comedia <em>Le mariage de Figaro <\/em>de Beaumarchais, la obra de Mozart se concentra m\u00e1s en las relaciones interpersonales que en el car\u00e1cter social y pol\u00edtico del libro.<\/span><\/span><\/span><\/p>\n<p class=\"MsoNormal\" style=\"margin: 0cm 0cm 0pt; mso-layout-grid-align: none;\"><span style=\"color: black;\"><span style=\"font-size: small;\"><span style=\"font-family: Times New Roman;\">Estas dos grandes producciones contaron con una labor com\u00fan entre profesionales argentinos y espa\u00f1oles. La puesta del Col\u00f3n incluy\u00f3 a Juan Pedro de Gaspar en la escenograf\u00eda, Alvaro Luna en la animaci\u00f3n y la iluminaci\u00f3n de Juan G\u00f3mez Cornejo. La primera sala l\u00edrica de Espa\u00f1a cont\u00f3 con los argentinos Andr\u00e9s M\u00e1spero en la direcci\u00f3n del coro, y Ra\u00fal Gim\u00e9nez y Mar\u00eda Savastano en el reparto. El dise\u00f1o del vestuario de ambas, de car\u00e1cter fant\u00e1stico en <em>La flauta m\u00e1gica <\/em>y ajustado a la precisi\u00f3n hist\u00f3rica en <em>Las bodas de F\u00edgaro<\/em>, fue de Renata Schussheim.<\/span><\/span><\/span><\/p>\n","protected":false},"excerpt":{"rendered":"<p>La coincidencia quiso que en pocas semanas asistiera a la representaci\u00f3n de dos celebradas operas del repertorio mozartiano: La Flauta M\u00e1gica, obra de madurez (en&#8230;<\/p>\n","protected":false},"author":7,"featured_media":0,"comment_status":"open","ping_status":"open","sticky":false,"template":"","format":"standard","meta":{"_acf_changed":false,"_jetpack_newsletter_access":"","_jetpack_dont_email_post_to_subs":false,"_jetpack_newsletter_tier_id":0,"_jetpack_memberships_contains_paywalled_content":false,"_jetpack_memberships_contains_paid_content":false,"footnotes":""},"categories":[4],"tags":[129],"class_list":["post-5944","post","type-post","status-publish","format-standard","hentry","category-cultura","tag-mozart"],"acf":[],"jetpack_featured_media_url":"","jetpack_sharing_enabled":true,"jetpack_shortlink":"https:\/\/wp.me\/p6FC4i-1xS","_links":{"self":[{"href":"https:\/\/www.revistacriterio.com.ar\/bloginst_new\/index.php?rest_route=\/wp\/v2\/posts\/5944","targetHints":{"allow":["GET"]}}],"collection":[{"href":"https:\/\/www.revistacriterio.com.ar\/bloginst_new\/index.php?rest_route=\/wp\/v2\/posts"}],"about":[{"href":"https:\/\/www.revistacriterio.com.ar\/bloginst_new\/index.php?rest_route=\/wp\/v2\/types\/post"}],"author":[{"embeddable":true,"href":"https:\/\/www.revistacriterio.com.ar\/bloginst_new\/index.php?rest_route=\/wp\/v2\/users\/7"}],"replies":[{"embeddable":true,"href":"https:\/\/www.revistacriterio.com.ar\/bloginst_new\/index.php?rest_route=%2Fwp%2Fv2%2Fcomments&post=5944"}],"version-history":[{"count":0,"href":"https:\/\/www.revistacriterio.com.ar\/bloginst_new\/index.php?rest_route=\/wp\/v2\/posts\/5944\/revisions"}],"wp:attachment":[{"href":"https:\/\/www.revistacriterio.com.ar\/bloginst_new\/index.php?rest_route=%2Fwp%2Fv2%2Fmedia&parent=5944"}],"wp:term":[{"taxonomy":"category","embeddable":true,"href":"https:\/\/www.revistacriterio.com.ar\/bloginst_new\/index.php?rest_route=%2Fwp%2Fv2%2Fcategories&post=5944"},{"taxonomy":"post_tag","embeddable":true,"href":"https:\/\/www.revistacriterio.com.ar\/bloginst_new\/index.php?rest_route=%2Fwp%2Fv2%2Ftags&post=5944"}],"curies":[{"name":"wp","href":"https:\/\/api.w.org\/{rel}","templated":true}]}}