{"id":5986,"date":"2011-08-02T16:45:28","date_gmt":"2011-08-02T19:45:28","guid":{"rendered":"http:\/\/www.revistacriterio.com.ar\/bloginst_new\/?p=5986"},"modified":"2011-08-02T16:45:28","modified_gmt":"2011-08-02T19:45:28","slug":"la-honestidad-politica-un-valor-determinante","status":"publish","type":"post","link":"https:\/\/www.revistacriterio.com.ar\/bloginst_new\/?p=5986","title":{"rendered":"La honestidad pol\u00edtica, un valor determinante"},"content":{"rendered":"<p class=\"MsoNormal\" style=\"margin: 0cm 0cm 0pt;\"><span style=\"font-size: small; font-family: Times New Roman;\">Ser\u00eda razonable que nuestros pol\u00edticos situaran el valor de la honestidad por encima de la astucia, valor supremo en la Argentina, seg\u00fan Borges.<!--more--><\/span><span style=\"font-size: small;\"><span style=\"font-family: Times New Roman;\">Un periodista del diario <em>La Tribune<\/em><em> de Gen\u00e8ve <\/em>pregunt\u00f3 a Borges por qu\u00e9 hab\u00eda decidido vivir sus \u00faltimos d\u00edas en Suiza. Respondi\u00f3 que deseaba que sus restos descansaran en tierra suiza, donde la honestidad era el valor m\u00e1s alto de la vida, y no en suelo argentino, donde el valor supremo era la astucia.<em><\/em><\/span><\/span><\/p>\n<p class=\"MsoNormal\" style=\"margin: 0cm 0cm 0pt; mso-layout-grid-align: none;\"><span style=\"font-size: small; font-family: Times New Roman;\">Profundo conocedor de la identidad argentina, sus palabras hoy resuenan en nuestra memoria atra\u00eddas por la realidad pol\u00edtica. Si la astucia es la habilidad para enga\u00f1ar y lograr artificiosamente un fin, sus consecuencias son graves cuando se la practica en este terreno. De all\u00ed que los actos de quienes gobiernan o aspiran a hacerlo, deben reflejar no s\u00f3lo responsabilidad sino tambi\u00e9n verdad pues repercuten en toda la sociedad. Coincidimos con Borges: utilizamos con frecuencia procedimientos enga\u00f1osos que por habituales pasan inadvertidos. Y si alguien los enfrenta o se\u00f1ala su inconveniencia puede ser considerado, en el mejor de los casos, un ingenuo.<\/span><\/p>\n<p class=\"MsoNormal\" style=\"margin: 0cm 0cm 0pt; mso-layout-grid-align: none;\"><span style=\"font-size: small; font-family: Times New Roman;\">La presidenta Cristina Kirchner, en su discurso del 9 de julio \u00faltimo en Tucum\u00e1n, dijo que por primera vez los argentinos elegiremos a los candidatos en primarias abiertas, obligatorias y simult\u00e1neas el 14 de agosto, y exhort\u00f3 a votar ese d\u00eda \u201cpara que de aqu\u00ed en m\u00e1s no elijan las burocracias\u201d. El enga\u00f1o de su exhortaci\u00f3n consiste en que los candidatos m\u00e1s importantes ya fueron elegidos por la \u201cburocracia\u201d de la que ella form\u00f3 parte. Ning\u00fan partido nomin\u00f3 candidaturas a trav\u00e9s de internas democr\u00e1ticas o elecciones primarias. La intenci\u00f3n del Gobierno cuando impuls\u00f3 la ley de primarias fue otra, seg\u00fan explicamos anteriormente (CRITERIO N\u00ba 2369, p\u00e1g.11).<\/span><\/p>\n<p class=\"MsoNormal\" style=\"margin: 0cm 0cm 0pt; mso-layout-grid-align: none;\"><span style=\"font-size: small; font-family: Times New Roman;\">En una democracia normal, las elecciones primarias se diferencian de las generales. En nuestro caso, el acto del 14 de agosto tiene la caracter\u00edstica de una primera vuelta, por su obligatoriedad (seg\u00fan la ley argentina) y porque generar\u00e1 alianzas para enfrentar en octubre a su ganador. La elecci\u00f3n de octubre ser\u00e1 entonces una segunda vuelta con el ins\u00f3lito agregado de que podr\u00eda abrirse a una tercera.<\/span><\/p>\n<p class=\"MsoNormal\" style=\"margin: 0cm 0cm 0pt; mso-layout-grid-align: none;\"><span style=\"font-size: small; font-family: Times New Roman;\">Otra astucia pol\u00edtica fue la acordada por el entonces presidente Carlos Menem y el titular de la UCR, Ra\u00fal Alfons\u00edn, en el Pacto de Olivos (1994). Menem sugiri\u00f3 un sistema electoral que le permitiera f\u00e1cilmente la reelecci\u00f3n. Alfons\u00edn suscribi\u00f3 la ma\u00f1osa idea y la Argentina tiene as\u00ed un in\u00e9dito <em>ballottage <\/em>que puede consagrar presidente de la Naci\u00f3n en primera vuelta a quien no obtenga m\u00e1s del 50% de los votos. Nuestro <em>ballottage <\/em>\u2013a diferencia de otras democracias\u2013 <span style=\"mso-spacerun: yes;\">\u00a0<\/span>declara presidente a quien logra m\u00e1s del 45% de los votos. El artificio, incorporado a la Constituci\u00f3n, es un contrasentido que a\u00fan perdura.<\/span><\/p>\n<p class=\"MsoNormal\" style=\"margin: 0cm 0cm 0pt; mso-layout-grid-align: none;\"><span style=\"font-size: small; font-family: Times New Roman;\">Otro artificio son las ef\u00edmeras alianzas de cada ciclo electoral. En 2009 \u2013quiz\u00e1s pocos lo recuerden\u2013, se constituy\u00f3 el Acuerdo C\u00edvico Social con Elisa Carri\u00f3, Ricardo Alfons\u00edn y Hermes Binner, hoy candidatos presidenciales enfrentados entre s\u00ed. El Peronismo Federal o disidente reun\u00eda hace unos meses a Eduardo Duhalde y a Alberto Rodr\u00edguez Sa\u00e1; ahora confrontan sus aspiraciones. Francisco de Narv\u00e1ez, candidato a gobernador de Buenos Aires por ese mismo partido, comparte ahora el espacio pol\u00edtico con la UCR. La ambivalencia cre\u00f3 una dificultad a los estrategas de su campa\u00f1a: c\u00f3mo atraer el voto peronista con una boleta encabezada por el sello radical, con Ricardo Alfons\u00edn candidato a presidente.<\/span><\/p>\n<p class=\"MsoNormal\" style=\"margin: 0cm 0cm 0pt; mso-layout-grid-align: none;\"><span style=\"font-size: small; font-family: Times New Roman;\">Los ejemplos abundan y llevan a pensar que la honestidad, como valor determinante en la consideraci\u00f3n y seriedad de un pa\u00eds, necesita ser tenida en cuenta, como observaba Borges en su destino final. <\/span><\/p>\n","protected":false},"excerpt":{"rendered":"<p>Ser\u00eda razonable que nuestros pol\u00edticos situaran el valor de la honestidad por encima de la astucia, valor supremo en la Argentina, seg\u00fan Borges.<\/p>\n","protected":false},"author":7,"featured_media":0,"comment_status":"open","ping_status":"open","sticky":false,"template":"","format":"standard","meta":{"_acf_changed":false,"_jetpack_newsletter_access":"","_jetpack_dont_email_post_to_subs":false,"_jetpack_newsletter_tier_id":0,"_jetpack_memberships_contains_paywalled_content":false,"_jetpack_memberships_contains_paid_content":false,"footnotes":""},"categories":[6,3],"tags":[10,13,17,148,12],"class_list":["post-5986","post","type-post","status-publish","format-standard","hentry","category-nota-tapa","category-politica-economia","tag-candidatos","tag-conflictos","tag-educacion","tag-elecciones","tag-votos"],"acf":[],"jetpack_featured_media_url":"","jetpack_sharing_enabled":true,"jetpack_shortlink":"https:\/\/wp.me\/p6FC4i-1yy","_links":{"self":[{"href":"https:\/\/www.revistacriterio.com.ar\/bloginst_new\/index.php?rest_route=\/wp\/v2\/posts\/5986","targetHints":{"allow":["GET"]}}],"collection":[{"href":"https:\/\/www.revistacriterio.com.ar\/bloginst_new\/index.php?rest_route=\/wp\/v2\/posts"}],"about":[{"href":"https:\/\/www.revistacriterio.com.ar\/bloginst_new\/index.php?rest_route=\/wp\/v2\/types\/post"}],"author":[{"embeddable":true,"href":"https:\/\/www.revistacriterio.com.ar\/bloginst_new\/index.php?rest_route=\/wp\/v2\/users\/7"}],"replies":[{"embeddable":true,"href":"https:\/\/www.revistacriterio.com.ar\/bloginst_new\/index.php?rest_route=%2Fwp%2Fv2%2Fcomments&post=5986"}],"version-history":[{"count":0,"href":"https:\/\/www.revistacriterio.com.ar\/bloginst_new\/index.php?rest_route=\/wp\/v2\/posts\/5986\/revisions"}],"wp:attachment":[{"href":"https:\/\/www.revistacriterio.com.ar\/bloginst_new\/index.php?rest_route=%2Fwp%2Fv2%2Fmedia&parent=5986"}],"wp:term":[{"taxonomy":"category","embeddable":true,"href":"https:\/\/www.revistacriterio.com.ar\/bloginst_new\/index.php?rest_route=%2Fwp%2Fv2%2Fcategories&post=5986"},{"taxonomy":"post_tag","embeddable":true,"href":"https:\/\/www.revistacriterio.com.ar\/bloginst_new\/index.php?rest_route=%2Fwp%2Fv2%2Ftags&post=5986"}],"curies":[{"name":"wp","href":"https:\/\/api.w.org\/{rel}","templated":true}]}}