{"id":6471,"date":"2011-11-11T14:42:04","date_gmt":"2011-11-11T17:42:04","guid":{"rendered":"http:\/\/www.revistacriterio.com.ar\/bloginst_new\/?p=6471"},"modified":"2011-11-11T14:42:04","modified_gmt":"2011-11-11T17:42:04","slug":"libros-temas-grandes-para-chicos","status":"publish","type":"post","link":"https:\/\/www.revistacriterio.com.ar\/bloginst_new\/?p=6471","title":{"rendered":"Libros: Temas grandes para chicos"},"content":{"rendered":"<p class=\"MsoNormal\" style=\"line-height: normal; margin: 0cm 0cm 0pt; mso-layout-grid-align: none;\"><span style=\"font-family: &quot;Times New Roman&quot;,&quot;serif&quot;; font-size: 12pt;\">Cart\u00f3n y papeles<\/span><\/em><span style=\"font-size: 11pt;\"> re\u00fane los tres cuentos ganadores de los primeros premios del 7\u00ba concurso de cuentos infantiles los Ni\u00f1os del Mercosur, que anualmente convoca editorial Comunicarte.<!--more-->A diferencia de los libros que se plantean como neto objeto de consumo, estos cuentos asumen la certeza de que la literatura no tiene edad: infantil o adultos, es siempre literatura. Los a\u00f1os no son una traba que impide desplegar el lenguaje que requiere cualquier literatura. La elecci\u00f3n de estos tres cuentos pone de manifiesto otras decisiones: frente al imperio de lo fant\u00e1stico que ordena el mercado, se pueden encontrar excelentes caminos dentro del realismo; la realidad \u2013aun en sus aspectos m\u00e1s dif\u00edciles y dolorosos\u2013 puede ser motivo de relatos para ni\u00f1os.<\/span><\/p>\n<p class=\"MsoNormal\" style=\"text-align: left;\" align=\"left\"><span style=\"font-size: 11pt;\">\u201cCart\u00f3n y papeles\u201d, de Cecilia Pisos (1er. Premio), muestra el recorrido de Mayra, una nena cartonera, que va desde la villa donde vive hacia la ciudad buscando con qu\u00e9 llenar su carro. En el recorrido est\u00e1 la biblioteca y la posibilidad de llevarse en pr\u00e9stamo un libro que tiene a una princesa como protagonista. El cuento va tramando las dos historias: la de Mayra, en su d\u00eda dif\u00edcil, atravesado por la lucha para sobrevivir en un entorno hostil, y la de la princesa cautiva en una torre. Y rescata \u2013como el pr\u00edncipe de la historia a la princesa\u2013 el mundo distinto que la lectura devela a la cartonera.<\/span><\/p>\n<p class=\"MsoNormal\" style=\"text-align: left;\" align=\"left\"><span style=\"font-size: 11pt;\">La clave de \u201cLejos de Beto\u201d, de Hayd\u00e9e Oliva (2\u00ba Premio), es exhibir la posibilidad de abordar un tema sensible sin concesiones. Tambi\u00e9n en este relato la protagonista es una nena: por la situaci\u00f3n de su familia, Clara se va a vivir con una pareja sin hijos. Deja atr\u00e1s la miseria y encuentra cosas a las que no estaba acostumbrada\u2026 lindas palabras\u2026una cama limpia\u2026 un plato de comida rica. Pero tambi\u00e9n deja a Beto, su hermano a punto de cumplir a\u00f1os, lejos, all\u00e1 en la casa. Y la ausencia no se compensa con todo lo que tiene. <\/span><\/p>\n<p class=\"MsoNormal\" style=\"text-align: left;\" align=\"left\"><span style=\"font-size: 11pt;\">\u201cLa canoa\u201d, de Roberto Stelzer, se ubica en un \u00e1mbito distinto: el de la selva donde viven dos tribus, una en cada margen del r\u00edo. Son tribus pac\u00edficas, que comparten todo, hasta una canoa que no se sabe c\u00f3mo lleg\u00f3 al lugar. Y esa canoa, que no pertenec\u00eda a nadie, se va, arrastrada por la corriente. Y ella, de volver, nada. En la pelea por construir otra, comienza la confusi\u00f3n y la amenaza de una guerra. La bell\u00edsima edici\u00f3n biling\u00fce espa\u00f1ol-portugu\u00e9s incluye las dos versiones \u201ca cara y cruz\u201d. De un lado, la versi\u00f3n en espa\u00f1ol, ilustrada por Virginia Pi\u00f1\u00f3n; del otro, Papel\u00e3o e pap\u00e9is, en portugu\u00e9s, con las im\u00e1genes de Anabella L\u00f3pez. Im\u00e1genes y colores que dan cuenta de dos lecturas distintas del texto.<\/span><\/p>\n<p class=\"MsoNormal\" style=\"text-align: left;\" align=\"left\"><span style=\"font-size: 11pt;\">Ema Wolf preguntaba por qu\u00e9 darles a los chicos lo que uno mismo no tolerar\u00eda como lector. Esta serie de cuentos para chicos con \u201ctemas grandes\u201d pone de manifiesto que aspira a otro estatuto: la de la literatura para ni\u00f1os que pueden compartir con encanto los adultos.<\/span><\/p>\n","protected":false},"excerpt":{"rendered":"<p>Cart\u00f3n y papeles re\u00fane los tres cuentos ganadores de los primeros premios del 7\u00ba concurso de cuentos infantiles los Ni\u00f1os del Mercosur, que anualmente convoca&#8230;<\/p>\n","protected":false},"author":7,"featured_media":0,"comment_status":"open","ping_status":"open","sticky":false,"template":"","format":"standard","meta":{"_acf_changed":false,"_jetpack_newsletter_access":"","_jetpack_dont_email_post_to_subs":false,"_jetpack_newsletter_tier_id":0,"_jetpack_memberships_contains_paywalled_content":false,"_jetpack_memberships_contains_paid_content":false,"footnotes":""},"categories":[4],"tags":[13,197,31],"class_list":["post-6471","post","type-post","status-publish","format-standard","hentry","category-cultura","tag-conflictos","tag-infantil","tag-libros"],"acf":[],"jetpack_featured_media_url":"","jetpack_sharing_enabled":true,"jetpack_shortlink":"https:\/\/wp.me\/p6FC4i-1Gn","_links":{"self":[{"href":"https:\/\/www.revistacriterio.com.ar\/bloginst_new\/index.php?rest_route=\/wp\/v2\/posts\/6471","targetHints":{"allow":["GET"]}}],"collection":[{"href":"https:\/\/www.revistacriterio.com.ar\/bloginst_new\/index.php?rest_route=\/wp\/v2\/posts"}],"about":[{"href":"https:\/\/www.revistacriterio.com.ar\/bloginst_new\/index.php?rest_route=\/wp\/v2\/types\/post"}],"author":[{"embeddable":true,"href":"https:\/\/www.revistacriterio.com.ar\/bloginst_new\/index.php?rest_route=\/wp\/v2\/users\/7"}],"replies":[{"embeddable":true,"href":"https:\/\/www.revistacriterio.com.ar\/bloginst_new\/index.php?rest_route=%2Fwp%2Fv2%2Fcomments&post=6471"}],"version-history":[{"count":0,"href":"https:\/\/www.revistacriterio.com.ar\/bloginst_new\/index.php?rest_route=\/wp\/v2\/posts\/6471\/revisions"}],"wp:attachment":[{"href":"https:\/\/www.revistacriterio.com.ar\/bloginst_new\/index.php?rest_route=%2Fwp%2Fv2%2Fmedia&parent=6471"}],"wp:term":[{"taxonomy":"category","embeddable":true,"href":"https:\/\/www.revistacriterio.com.ar\/bloginst_new\/index.php?rest_route=%2Fwp%2Fv2%2Fcategories&post=6471"},{"taxonomy":"post_tag","embeddable":true,"href":"https:\/\/www.revistacriterio.com.ar\/bloginst_new\/index.php?rest_route=%2Fwp%2Fv2%2Ftags&post=6471"}],"curies":[{"name":"wp","href":"https:\/\/api.w.org\/{rel}","templated":true}]}}