{"id":6705,"date":"2012-01-11T19:30:27","date_gmt":"2012-01-11T22:30:27","guid":{"rendered":"http:\/\/www.revistacriterio.com.ar\/bloginst_new\/?p=6705"},"modified":"2012-01-11T19:30:27","modified_gmt":"2012-01-11T22:30:27","slug":"editorial-vacaciones-descanso-y-renovacion","status":"publish","type":"post","link":"https:\/\/www.revistacriterio.com.ar\/bloginst_new\/?p=6705","title":{"rendered":"Editorial: Vacaciones: descanso y renovaci\u00f3n"},"content":{"rendered":"<p class=\"MsoNormal\" style=\"margin: 0cm 0cm 0pt;\"><span style=\"font-family: &quot;Times New Roman&quot;,&quot;serif&quot;; font-size: 12pt;\"><a href=\"https:\/\/www.revistacriterio.com.ar\/bloginst_new\/wp-content\/uploads\/2012\/01\/familai1.jpg\"><img loading=\"lazy\" decoding=\"async\" class=\"alignleft size-thumbnail wp-image-6707\" title=\"familai1\" src=\"https:\/\/www.revistacriterio.com.ar\/bloginst_new\/wp-content\/uploads\/2012\/01\/familai1-120x120.jpg\" alt=\"familai1\" width=\"120\" height=\"120\" \/><\/a>Seguramente, muchos de nuestros lectores de mediana edad o ya mayores recordar\u00e1n, por experiencia directa o por relatos de familia, historias acerca de c\u00f3mo viv\u00edan nuestros abuelos, y habr\u00e1n suspirado ante esas escenas de una Buenos Aires casi pueblerina en comparaci\u00f3n con la actual, donde el trabajo y el descanso se alternaban con mayor armon\u00eda, y los atardeceres eran todav\u00eda momentos de serenidad y de reencuentro en la intimidad del hogar. <!--more--><a href=\"https:\/\/www.revistacriterio.com.ar\/bloginst_new\/wp-content\/uploads\/2012\/01\/familai.jpg\"><\/a>\u201cEstar en familia\u201d ocupaba entonces un lugar central en la vida, manifestado en largos tiempos compartidos, constituyendo una especie de <em style=\"mso-bidi-font-style: normal;\">cantus firmus<\/em> que desde la profundidad animaba el quehacer cotidiano. No hab\u00eda irrumpido todav\u00eda la televisi\u00f3n en nuestras comidas familiares silenci\u00e1ndonos con la prepotencia de sus im\u00e1genes, ni los celulares constantemente encendidos entrecortaban los di\u00e1logos hasta volverlos insostenibles, ni el Internet y las redes sociales difuminaban la diferencia entre estar solo y estar acompa\u00f1ado. Tampoco era usual esa multiplicaci\u00f3n incontrolada de actividades y compromisos que hoy abruma no s\u00f3lo a los adultos y a los j\u00f3venes, sino incluso, como por contagio, a los ni\u00f1os, convirtiendo muchas casas en im\u00e1genes de la dispersi\u00f3n, poco m\u00e1s que albergues para comer y dormir.<\/span><\/p>\n<p class=\"MsoNormal\" style=\"margin: 0cm 0cm 0pt;\"><span style=\"font-family: &quot;Times New Roman&quot;,&quot;serif&quot;; font-size: 12pt;\">Resulta entonces comprensible que en aquellos tiempos lejanos, \u201csalir de vacaciones\u201d no fuera experimentado como una necesidad colectiva de primer orden, y se viera m\u00e1s bien como un lujo de sectores sociales acomodados. En la actualidad, por el contrario, esto ha cambiado de modo dram\u00e1tico.<\/span><\/p>\n<p class=\"MsoNormal\" style=\"margin: 0cm 0cm 0pt;\"><span style=\"font-family: &quot;Times New Roman&quot;,&quot;serif&quot;; font-size: 12pt;\">Basta observar lo que sucede durante los fines de semana largos, cuando verdaderas multitudes se lanzan a las rutas, desafiando pron\u00f3sticos meteorol\u00f3gicos adversos, cortes de vecinos que aprovechan la ocasi\u00f3n para ventilar sus protestas, y exasperantes congestiones de tr\u00e1nsito, s\u00f3lo para encontrar en el mar o en el campo un par\u00e9ntesis, por breve que sea, a una vida que se ha vuelto en muchos sentidos asfixiante y humanamente no sustentable.<\/span><\/p>\n<p class=\"MsoNormal\" style=\"margin: 0cm 0cm 0pt;\"><span style=\"font-family: &quot;Times New Roman&quot;,&quot;serif&quot;; font-size: 12pt;\">Las vacaciones hoy no son para nosotros un lujo, sino una imperiosa necesidad. Nos hace falta un tiempo y un \u00e1mbito propicios para liberarnos del estr\u00e9s, recuperar la calma, volver a ser capaces de estar juntos s\u00f3lo por el gusto de hacerlo y reencontrarnos, o incluso redescubrirnos, poniendo en palabras los pensamientos y sentimientos que durante el a\u00f1o han permanecido ocultos o inexpresados. En esos breves d\u00edas, afrontamos el desaf\u00edo de recuperar ese sustrato de afecto y cercan\u00eda que sostienen y dan sentido a toda nuestra actividad.<\/span><\/p>\n<p class=\"MsoNormal\" style=\"margin: 0cm 0cm 0pt;\"><span style=\"font-family: &quot;Times New Roman&quot;,&quot;serif&quot;; font-size: 12pt;\">Aunque materialmente las posibilidades de vacacionar se han extendido en la actualidad a amplios sectores sociales, no es f\u00e1cil tomar conciencia de su sentido y su importancia, evitando convertirlas en meras prolongaciones de nuestro modo de vivir durante el a\u00f1o. A veces simplemente se traslada a otro escenario la misma agitaci\u00f3n, la misma ansiedad, los mismos desencuentros de todos los d\u00edas. Otras veces el ocio, vivido sin imaginaci\u00f3n o sin el deseo o la posibilidad de comunicarse, desemboca en tedio y frustraci\u00f3n. No es de extra\u00f1ar que mucha gente regrese de sus vacaciones malhumorada, deprimida, o incluso aliviada de retomar la rutina de la cual pocos d\u00edas antes quer\u00eda escapar.<\/span><\/p>\n<p class=\"MsoNormal\" style=\"margin: 0cm 0cm 0pt;\"><span style=\"font-family: &quot;Times New Roman&quot;,&quot;serif&quot;; font-size: 12pt;\">Sin embargo, esto no tiene por qu\u00e9 ser as\u00ed. El tiempo de descanso puede ser algo m\u00e1s que un simple par\u00e9ntesis, fugaz e ilusorio, en una existencia opresiva y sin alma. Aun cuando sea breve, puede ser una ocasi\u00f3n para volver a encontrarse consigo mismo y con los dem\u00e1s, para fortalecer los lazos de afecto y experimentar la alegr\u00eda de estar juntos, y sobre todo para levantar la mirada hacia Dios y recuperar la conciencia de que la vida es, ante todo, un inmenso don para ser compartido, celebrado y agradecido.<\/span><\/p>\n","protected":false},"excerpt":{"rendered":"<p>Seguramente, muchos de nuestros lectores de mediana edad o ya mayores recordar\u00e1n, por experiencia directa o por relatos de familia, historias acerca de c\u00f3mo viv\u00edan&#8230;<\/p>\n","protected":false},"author":7,"featured_media":0,"comment_status":"open","ping_status":"open","sticky":false,"template":"","format":"standard","meta":{"_acf_changed":false,"_jetpack_newsletter_access":"","_jetpack_dont_email_post_to_subs":false,"_jetpack_newsletter_tier_id":0,"_jetpack_memberships_contains_paywalled_content":false,"_jetpack_memberships_contains_paid_content":false,"footnotes":""},"categories":[7],"tags":[101,17,126,217],"class_list":["post-6705","post","type-post","status-publish","format-standard","hentry","category-editoriales","tag-dialogo","tag-educacion","tag-familia","tag-vacaciones"],"acf":[],"jetpack_featured_media_url":"","jetpack_sharing_enabled":true,"jetpack_shortlink":"https:\/\/wp.me\/p6FC4i-1K9","_links":{"self":[{"href":"https:\/\/www.revistacriterio.com.ar\/bloginst_new\/index.php?rest_route=\/wp\/v2\/posts\/6705","targetHints":{"allow":["GET"]}}],"collection":[{"href":"https:\/\/www.revistacriterio.com.ar\/bloginst_new\/index.php?rest_route=\/wp\/v2\/posts"}],"about":[{"href":"https:\/\/www.revistacriterio.com.ar\/bloginst_new\/index.php?rest_route=\/wp\/v2\/types\/post"}],"author":[{"embeddable":true,"href":"https:\/\/www.revistacriterio.com.ar\/bloginst_new\/index.php?rest_route=\/wp\/v2\/users\/7"}],"replies":[{"embeddable":true,"href":"https:\/\/www.revistacriterio.com.ar\/bloginst_new\/index.php?rest_route=%2Fwp%2Fv2%2Fcomments&post=6705"}],"version-history":[{"count":0,"href":"https:\/\/www.revistacriterio.com.ar\/bloginst_new\/index.php?rest_route=\/wp\/v2\/posts\/6705\/revisions"}],"wp:attachment":[{"href":"https:\/\/www.revistacriterio.com.ar\/bloginst_new\/index.php?rest_route=%2Fwp%2Fv2%2Fmedia&parent=6705"}],"wp:term":[{"taxonomy":"category","embeddable":true,"href":"https:\/\/www.revistacriterio.com.ar\/bloginst_new\/index.php?rest_route=%2Fwp%2Fv2%2Fcategories&post=6705"},{"taxonomy":"post_tag","embeddable":true,"href":"https:\/\/www.revistacriterio.com.ar\/bloginst_new\/index.php?rest_route=%2Fwp%2Fv2%2Ftags&post=6705"}],"curies":[{"name":"wp","href":"https:\/\/api.w.org\/{rel}","templated":true}]}}