{"id":6894,"date":"2012-04-02T15:44:33","date_gmt":"2012-04-02T18:44:33","guid":{"rendered":"http:\/\/www.revistacriterio.com.ar\/bloginst_new\/?p=6894"},"modified":"2012-04-02T15:44:33","modified_gmt":"2012-04-02T18:44:33","slug":"editorial-el-secuestro-de-la-realidad","status":"publish","type":"post","link":"https:\/\/www.revistacriterio.com.ar\/bloginst_new\/?p=6894","title":{"rendered":"Editorial: El secuestro de la realidad"},"content":{"rendered":"<p class=\"MsoNormal\" style=\"line-height: normal; margin: 0cm 0cm 0pt;\"><span style=\"font-family: &quot;Times New Roman&quot;,&quot;serif&quot;;\"><span style=\"font-size: small;\">La ret\u00f3rica pol\u00edtica del actual gobierno nacional ha traspuesto el t\u00e9rmino \u201csecuestro\u201d de su escalofriante realidad literal al terreno de la met\u00e1fora, con una aplicaci\u00f3n decididamente menor: el \u201csecuestro de los goles\u201d.<!--more-->\u00a0Por qu\u00e9 no, entonces, jerarquizar la met\u00e1fora, aplic\u00e1ndola a una realidad inmensamente m\u00e1s importante: la funci\u00f3n de la verdad y la veracidad en la vida social. En este sentido, asistimos hoy a lo que se podr\u00eda llamar \u201cel secuestro de la realidad\u201d, que se viene perpetrando gradualmente a lo largo de los \u00faltimos a\u00f1os, tergiversando estad\u00edsticas, impidiendo el acceso a la informaci\u00f3n p\u00fablica, sustituyendo la transparencia republicana de los actos de gobierno por un sistem\u00e1tico secretismo, desmantelando mecanismos de control, evitando el intercambio con la prensa libre, dilapidando ingentes recursos p\u00fablicos en propaganda pol\u00edtica partidaria, verticalizando hasta el extremo los procesos de decisi\u00f3n, y construyendo relatos que omiten o disfrazan los aspectos m\u00e1s b\u00e1sicos y visibles de la realidad. Todo ello tiene un fin claro: el monopolio discursivo, la imposici\u00f3n de una interpretaci\u00f3n \u00fanica y \u00faltima de la realidad, la difusi\u00f3n con los medios del Estado de una ideolog\u00eda con visos de religi\u00f3n laica, vitalizada por la confrontaci\u00f3n permanente. Este prop\u00f3sito encierra, de modo por ahora virtual, una indisimulable violencia: si s\u00f3lo una voz tiene derecho a hacerse escuchar, a saber, la que resuena a trav\u00e9s del micr\u00f3fono presidencial con el respaldo de todo el poder, las restantes deben llamarse a silencio o transformarse en meros ecos de aquella fuente original de sentido.<\/span><\/span><\/p>\n<p class=\"MsoNormal\" style=\"line-height: normal; margin: 0cm 0cm 0pt;\"><span style=\"font-family: &quot;Times New Roman&quot;,&quot;serif&quot;;\"><span style=\"font-size: small;\">Pero el mon\u00f3logo \u201cdesde lo alto\u201d, agresivo y autoritario, escapa inevitablemente al control de quienes lo generan, y se expande en todos los sectores de la sociedad y en distintas direcciones, desgarrando fibra a fibra el tejido de la amistad social, y produciendo un vac\u00edo de di\u00e1logo y de comunicaci\u00f3n que es ocupado invariablemente por la confrontaci\u00f3n de poderes f\u00e1cticos. Los reclamos ya no se canalizan en el debate p\u00fablico orientado a su composici\u00f3n, sino que se expresan directamente en medidas de hecho, cada vez m\u00e1s prepotentes, arbitrarias, y desconsideradas para con los leg\u00edtimos derechos e intereses de otros. Medios de transporte paralizados a expensas de millones de usuarios, huelgas \u201cpreventivas\u201d o de presi\u00f3n en el curso de negociaciones salariales, cortes sistem\u00e1ticos de avenidas y autopistas vitales, bloqueos de f\u00e1bricas, por poner s\u00f3lo algunos ejemplos de lo dif\u00edcil que nos est\u00e1 resultando a los argentinos vivir en sociedad.<\/span><\/span><\/p>\n<p class=\"MsoNormal\" style=\"line-height: normal; margin: 0cm 0cm 0pt;\"><span style=\"font-family: &quot;Times New Roman&quot;,&quot;serif&quot;;\"><span style=\"font-size: small;\">Sin duda, en fen\u00f3menos como \u00e9stos son reconocibles los \u201cdemonios\u201d de nuestra cultura, que no son monopolio de un gobierno, un partido o un sector social, pero tambi\u00e9n es cierto que una responsabilidad especial corresponde a las autoridades que, luego de invocarlos en su provecho, se transforman en v\u00edctimas de su propio aquelarre.<\/span><\/span><\/p>\n<p class=\"MsoNormal\" style=\"line-height: normal; margin: 0cm 0cm 0pt;\"><span style=\"font-family: &quot;Times New Roman&quot;,&quot;serif&quot;;\"><span style=\"font-size: small;\">Nada podr\u00eda ser m\u00e1s ilustrativo de esta situaci\u00f3n que la cat\u00e1strofe ferroviaria de Once. Ante los 51 muertos y m\u00e1s de 700 heridos, la reacci\u00f3n presidencial se inici\u00f3 con un silencio prolongado e inexplicable, seguido de un discurso encendido, solipsista y autoexculpatorio, para concluir con una m\u00f3dica e incruenta liturgia de expiaci\u00f3n: el inconfesado pedido de renuncia al Secretario de Transporte. Nuevamente el secuestro de la realidad: dif\u00edcilmente, en el estado actual de las instituciones, pueda indagarse seriamente la verdad acerca de la oscura trama de los subsidios, la corrupci\u00f3n de los empresarios o la impericia de los organismos de control. Lo m\u00e1s probable a esta altura es que el descalabro del sistema ferroviario que esta tragedia puso de manifiesto quede oculto bajo el r\u00f3tulo inocuo que la presidenta le asign\u00f3: \u201cuna asignatura pendiente\u201d.<\/span><\/span><\/p>\n","protected":false},"excerpt":{"rendered":"<p>La ret\u00f3rica pol\u00edtica del actual gobierno nacional ha traspuesto el t\u00e9rmino \u201csecuestro\u201d de su escalofriante realidad literal al terreno de la met\u00e1fora, con una aplicaci\u00f3n&#8230;<\/p>\n","protected":false},"author":7,"featured_media":0,"comment_status":"open","ping_status":"open","sticky":false,"template":"","format":"standard","meta":{"_acf_changed":false,"_jetpack_newsletter_access":"","_jetpack_dont_email_post_to_subs":false,"_jetpack_newsletter_tier_id":0,"_jetpack_memberships_contains_paywalled_content":false,"_jetpack_memberships_contains_paid_content":false,"footnotes":""},"categories":[7],"tags":[261,26,262,263,12],"class_list":["post-6894","post","type-post","status-publish","format-standard","hentry","category-editoriales","tag-gobierno","tag-independencia","tag-once","tag-realidad","tag-votos"],"acf":[],"jetpack_featured_media_url":"","jetpack_sharing_enabled":true,"jetpack_shortlink":"https:\/\/wp.me\/p6FC4i-1Nc","_links":{"self":[{"href":"https:\/\/www.revistacriterio.com.ar\/bloginst_new\/index.php?rest_route=\/wp\/v2\/posts\/6894","targetHints":{"allow":["GET"]}}],"collection":[{"href":"https:\/\/www.revistacriterio.com.ar\/bloginst_new\/index.php?rest_route=\/wp\/v2\/posts"}],"about":[{"href":"https:\/\/www.revistacriterio.com.ar\/bloginst_new\/index.php?rest_route=\/wp\/v2\/types\/post"}],"author":[{"embeddable":true,"href":"https:\/\/www.revistacriterio.com.ar\/bloginst_new\/index.php?rest_route=\/wp\/v2\/users\/7"}],"replies":[{"embeddable":true,"href":"https:\/\/www.revistacriterio.com.ar\/bloginst_new\/index.php?rest_route=%2Fwp%2Fv2%2Fcomments&post=6894"}],"version-history":[{"count":0,"href":"https:\/\/www.revistacriterio.com.ar\/bloginst_new\/index.php?rest_route=\/wp\/v2\/posts\/6894\/revisions"}],"wp:attachment":[{"href":"https:\/\/www.revistacriterio.com.ar\/bloginst_new\/index.php?rest_route=%2Fwp%2Fv2%2Fmedia&parent=6894"}],"wp:term":[{"taxonomy":"category","embeddable":true,"href":"https:\/\/www.revistacriterio.com.ar\/bloginst_new\/index.php?rest_route=%2Fwp%2Fv2%2Fcategories&post=6894"},{"taxonomy":"post_tag","embeddable":true,"href":"https:\/\/www.revistacriterio.com.ar\/bloginst_new\/index.php?rest_route=%2Fwp%2Fv2%2Ftags&post=6894"}],"curies":[{"name":"wp","href":"https:\/\/api.w.org\/{rel}","templated":true}]}}