{"id":6912,"date":"2012-04-02T16:21:57","date_gmt":"2012-04-02T19:21:57","guid":{"rendered":"http:\/\/www.revistacriterio.com.ar\/bloginst_new\/?p=6912"},"modified":"2012-04-02T16:21:57","modified_gmt":"2012-04-02T19:21:57","slug":"comentario-unicos-en-el-mundo","status":"publish","type":"post","link":"https:\/\/www.revistacriterio.com.ar\/bloginst_new\/?p=6912","title":{"rendered":"Comentario: \u00danicos en el mundo"},"content":{"rendered":"<p class=\"MsoNormal\" style=\"line-height: normal; margin: 0cm 0cm 0pt;\"><span style=\"font-family: &quot;Times New Roman&quot;,&quot;serif&quot;;\"><span style=\"font-size: small;\">Con el fin de mantener forzadamente la balanza comercial y la paridad cambiaria, la Argentina se orienta hacia un auto bloqueo econ\u00f3mico.<!--more--><\/span><\/span><span style=\"font-family: &quot;Times New Roman&quot;,&quot;serif&quot;;\"><span style=\"font-size: small;\">Una de las tareas que mantuvo ocupado en las \u00faltimas semanas al secretario de Comercio Interior,Guillermo Moreno, es adoctrinar al sector empresario en las bases del modelo econ\u00f3mico para que puedan manejarse como peces en el agua con las nuevas reglas: estricto control de importaciones, de precios y de compra de divisas.<\/span><\/span><\/p>\n<p class=\"MsoNormal\" style=\"line-height: normal; margin: 0cm 0cm 0pt;\"><span style=\"font-family: &quot;Times New Roman&quot;,&quot;serif&quot;;\"><span style=\"font-size: small;\">Detr\u00e1s se inscribe el objetivo de alcanzar unsuper\u00e1vit de entre 10 mil y 12 mil millones de d\u00f3lares para 2012 seg\u00fan sus declaraciones, aunque la pol\u00edtica aplicada en comercio exterior atente contra las potenciales exportaciones en el largo plazo. En efecto, las trabas que se imponen al ingreso de productos impiden a las industrias contar con algunos insumos necesarios para la producci\u00f3n para consumo local. Estas decisiones, adjudicadas por los analistas pol\u00edticos a Moreno, exceden ampliamente su cargo. Esta desmedida falta de l\u00edmites en cuanto a las atribuciones que en la pr\u00e1ctica asume no concuerda con los alcances naturales de su rol y vulnera claramente una saludable relaci\u00f3n con otras \u00e1reas del gobierno. Tan es as\u00ed que, informalmente, en los pasillos de la Casa Rosada suele escucharse que Moreno ocupa, en la pr\u00e1ctica, el privilegiado liderazgo en las decisiones sobre el rumbo econ\u00f3mico. Las consecuencias no son s\u00f3lo econ\u00f3micas sino tambi\u00e9n pol\u00edticas; en definitiva, los rumores erosionan el perfil de otros miembros del gabinete con cargos de mayor peso y representatividad: desde su superior en el Ministerio de Econom\u00eda, Hern\u00e1n Lorenzino, hasta otros ministros y funcionarios como D\u00e9bora Giorgi, Julio De Vido y Ricardo Echegaray.<\/span><\/span><\/p>\n<p class=\"MsoNormal\" style=\"line-height: normal; margin: 0cm 0cm 0pt;\"><span style=\"font-family: &quot;Times New Roman&quot;,&quot;serif&quot;;\"><span style=\"font-size: small;\">Existieron muchas experiencias de control de precios en la historia econ\u00f3mica. Algunas fueron exitosas en cuanto a preservar el poder adquisitivo de los sectores menos pudientes, pero no pocas fracasaron, lo cual refleja la complejidad de la medida. En la Argentina actual, los controles de precios intentan ser un mecanismo de control de la inflaci\u00f3n en el corto plazo, sin embargo, a largo plazo, el aparente equilibrio puede descontrolarse y tener fuertes consecuencias. No es un aspecto menor que se haya sumado una medida a\u00fan m\u00e1s intervencionista: la obligaci\u00f3n de informar listas de precios \u2013en ciertos casos, tambi\u00e9n costos\u2013 para las empresas que quieran importar, sea cual fuere el bien en cuesti\u00f3n. Auto fijarse precios m\u00e1ximos es condici\u00f3n con la firma de un \u201cacuerdo\u201d de exportaciones que equilibre la balanza de comercio exterior empresa por empresa. Esto conduce a situaciones por completo artificiales y sin ning\u00fan sentido econ\u00f3mico: firmas del sector automotor o de indumentaria exportando vinos, man\u00edes, aceites o c\u00edtricos son algunos ejemplos. En todos los casos se trata de exportaciones preexistentes, que tendr\u00edan lugar de cualquier forma y que constituyen un extra costo para los importadores sin ning\u00fan aporte de valor real, el cual naturalmente en alg\u00fan momento impactar\u00e1 en los precios al p\u00fablico. Una iniciativa \u00fanica en el mundo de los negocios internacionales.<\/span><\/span><\/p>\n<p class=\"MsoNormal\" style=\"line-height: normal; margin: 0cm 0cm 0pt;\"><span style=\"font-family: &quot;Times New Roman&quot;,&quot;serif&quot;;\"><span style=\"font-size: small;\">Por si fuera poco, el sistema de \u201cventanilla \u00fanica\u201d para las importaciones que se intent\u00f3 instrumentar fue r\u00e1pidamente distorsionado con la implementaci\u00f3n de la Declaraci\u00f3n Jurada Anticipada de Importaci\u00f3n, impulsada por el secretario Moreno, considerando que los funcionarios que en la actualidad deben dar una opini\u00f3n t\u00e9cnica sobre las mismas tienen que procesar unas 400 DJAI por d\u00eda por persona, es decir, unas 40 por hora, y de la m\u00e1s diversa \u00edndole: insumos, herramientas, medicamentos, partes y repuestos de maquinarias\u2026 Dif\u00edcil imaginar una evaluaci\u00f3n apropiada y una aprobaci\u00f3n seria en esas condiciones. El resultado en el mediano plazo no puede ser m\u00e1s que el desorden y el retraso en los tr\u00e1mites de la mayor\u00eda de las empresas y la aprobaci\u00f3n, no asegurada, de las importaciones de aquellos que hayan aceptado y logrado firmar \u201cacuerdos de exportaci\u00f3n y de listas de precios\u201d; en el largo plazo, un ins\u00f3lito bloqueo comercial planificado \u201cdesde adentro\u201d. Las consecuencias en un extremo pueden apreciarse en la econom\u00eda cubana luego de d\u00e9cadas de bloqueo comercial impuesto desde el exterior. Ninguna econom\u00eda moderna puede auto abastecerse. As\u00ed, lafalta de reglas y referentes claros est\u00e1 paralizandomuchos proyectos de inversi\u00f3n productiva: en el mundo en el que vivimos ning\u00fan empresario decidir\u00eda instalar una industria en un pa\u00eds que no le garantice el acceso a los insumos, materias primas o componentes importados que demande y no pueda proyectar un escenario m\u00ednimo de cinco a\u00f1os con reglas estables.<\/span><\/span><\/p>\n<p class=\"MsoNormal\" style=\"line-height: normal; margin: 0cm 0cm 0pt;\"><span style=\"font-family: &quot;Times New Roman&quot;,&quot;serif&quot;;\"><span style=\"font-size: small;\">A su turno, los empresarios tampoco han demostrado unidad y coherencia en sus planteos. Y persisten diferencias de intereses entre grandes empresas, pymes y peque\u00f1os comerciantes, aunque todos est\u00e1n sometidos a condiciones de precios, cupos, formas de pago y ausencia de m\u00ednimas reglas estables y previsibles. Lamentablemente, en algunos casos y rubros parece regir la regla del \u201cs\u00e1lvese quien pueda\u201d; ya se habla incluso de una potencial fractura en la Uni\u00f3n entre un grupo de \u201cangole\u00f1os\u201d y otro de \u201cbrasile\u00f1os\u201d. Sin una se\u00f1al clara por parte del empresariado tampoco podr\u00e1 equilibrarse el poder desmedido que dentro del Gobierno tiene la actual Secretar\u00eda de Comercio Exterior.<\/span><\/span><\/p>\n<p class=\"MsoNormal\" style=\"line-height: normal; margin: 0cm 0cm 0pt;\"><span style=\"font-family: &quot;Times New Roman&quot;,&quot;serif&quot;;\"><span style=\"font-size: small;\">Guillermo Moreno no es m\u00e1s que un engranaje de la cadena de errores en la que est\u00e1 atrapada la econom\u00eda argentina, hoy un engranaje que la misma Presidenta ha ubicado en un lugar preferencial y con un poder al que no se le conoce a\u00fan el l\u00edmite. Luego de su viaje a Angola, pa\u00eds que tiene un presidente en el ejercicio del poder desde 1979 que aboli\u00f3 la divisi\u00f3n entre los tres poderes del Estado en la nueva Constituci\u00f3n de 2010, el secretario de Comercio Interior remarc\u00f3 como uno de los logros de la misi\u00f3n comercial haber avanzado en la posibilidad de exportar a aquel pa\u00eds \u201cknowhow\u201d argentino para el armado de ferias de la mano de quienes hoy administran la feria La Salada. Tiempos dif\u00edciles para nuestra econom\u00eda interna, tambi\u00e9n para nuestra inserci\u00f3n en el mundo. Inestabilidad de precios, frenos a la inversi\u00f3n y a lo largo de los meses falta de bienes importados y tambi\u00e9n nacionales. No es dif\u00edcil prever que el rumbo que se est\u00e1 tomando tendr\u00e1 implicancias que hoy el Gobierno no est\u00e1 evaluando, al igual que ocurri\u00f3 con el problema del abastecimiento energ\u00e9tico o con el deterioro de la red ferroviaria tantas veces preanunciados. El relato tiene siempre su l\u00edmite en la realidad y en los hechos, especialmente en el campo de la econom\u00eda, en un mundo que tiene como la conexi\u00f3n y la integraci\u00f3n.<\/span><\/span><\/p>\n<p class=\"MsoNormal\" style=\"line-height: normal; margin: 0cm 0cm 0pt;\"><span style=\"font-family: &quot;Times New Roman&quot;,&quot;serif&quot;;\"><span style=\"font-size: small;\">\u00a0<\/span><\/span><\/p>\n","protected":false},"excerpt":{"rendered":"<p>Con el fin de mantener forzadamente la balanza comercial y la paridad cambiaria, la Argentina se orienta hacia un auto bloqueo econ\u00f3mico.<\/p>\n","protected":false},"author":7,"featured_media":0,"comment_status":"open","ping_status":"open","sticky":false,"template":"","format":"standard","meta":{"_acf_changed":false,"_jetpack_newsletter_access":"","_jetpack_dont_email_post_to_subs":false,"_jetpack_newsletter_tier_id":0,"_jetpack_memberships_contains_paywalled_content":false,"_jetpack_memberships_contains_paid_content":false,"footnotes":""},"categories":[3],"tags":[269,75,270,271,272],"class_list":["post-6912","post","type-post","status-publish","format-standard","hentry","category-politica-economia","tag-balanza-comercial","tag-crisis","tag-economia","tag-guillermo-moreno","tag-importaciones"],"acf":[],"jetpack_featured_media_url":"","jetpack_sharing_enabled":true,"jetpack_shortlink":"https:\/\/wp.me\/p6FC4i-1Nu","_links":{"self":[{"href":"https:\/\/www.revistacriterio.com.ar\/bloginst_new\/index.php?rest_route=\/wp\/v2\/posts\/6912","targetHints":{"allow":["GET"]}}],"collection":[{"href":"https:\/\/www.revistacriterio.com.ar\/bloginst_new\/index.php?rest_route=\/wp\/v2\/posts"}],"about":[{"href":"https:\/\/www.revistacriterio.com.ar\/bloginst_new\/index.php?rest_route=\/wp\/v2\/types\/post"}],"author":[{"embeddable":true,"href":"https:\/\/www.revistacriterio.com.ar\/bloginst_new\/index.php?rest_route=\/wp\/v2\/users\/7"}],"replies":[{"embeddable":true,"href":"https:\/\/www.revistacriterio.com.ar\/bloginst_new\/index.php?rest_route=%2Fwp%2Fv2%2Fcomments&post=6912"}],"version-history":[{"count":0,"href":"https:\/\/www.revistacriterio.com.ar\/bloginst_new\/index.php?rest_route=\/wp\/v2\/posts\/6912\/revisions"}],"wp:attachment":[{"href":"https:\/\/www.revistacriterio.com.ar\/bloginst_new\/index.php?rest_route=%2Fwp%2Fv2%2Fmedia&parent=6912"}],"wp:term":[{"taxonomy":"category","embeddable":true,"href":"https:\/\/www.revistacriterio.com.ar\/bloginst_new\/index.php?rest_route=%2Fwp%2Fv2%2Fcategories&post=6912"},{"taxonomy":"post_tag","embeddable":true,"href":"https:\/\/www.revistacriterio.com.ar\/bloginst_new\/index.php?rest_route=%2Fwp%2Fv2%2Ftags&post=6912"}],"curies":[{"name":"wp","href":"https:\/\/api.w.org\/{rel}","templated":true}]}}