{"id":7068,"date":"2012-06-01T16:46:37","date_gmt":"2012-06-01T19:46:37","guid":{"rendered":"http:\/\/www.revistacriterio.com.ar\/bloginst_new\/?p=7068"},"modified":"2012-06-01T16:46:37","modified_gmt":"2012-06-01T19:46:37","slug":"defensores-del-ser-nacional","status":"publish","type":"post","link":"https:\/\/www.revistacriterio.com.ar\/bloginst_new\/?p=7068","title":{"rendered":"Defensores del \u201cser nacional\u201d"},"content":{"rendered":"<p class=\"MsoNormal\" style=\"margin: 0cm 0cm 0pt;\"><span style=\"mso-ansi-language: ES-AR;\"><span style=\"font-size: small;\"><span style=\"font-family: Times New Roman;\"><a href=\"https:\/\/www.revistacriterio.com.ar\/bloginst_new\/wp-content\/uploads\/2012\/06\/reato-videla-web.jpg\"><img loading=\"lazy\" decoding=\"async\" class=\"alignleft size-thumbnail wp-image-7072\" title=\"reato-videla-web\" src=\"https:\/\/www.revistacriterio.com.ar\/bloginst_new\/wp-content\/uploads\/2012\/06\/reato-videla-web-120x120.jpg\" alt=\"reato-videla-web\" width=\"120\" height=\"120\" \/><\/a>El autor de <em style=\"mso-bidi-font-style: normal;\">Disposici\u00f3n Final, la confesi\u00f3n de Videla sobre los desaparecidos<\/em>, el libro que recientemente publica las declaraciones del ex dictador en torno a los cr\u00edmenes durante la \u00faltima dictadura, retoma aqu\u00ed las relaciones entre la c\u00fapula militar y la Iglesia de aquellos a\u00f1os. <!--more--><\/span><\/span><\/span><span style=\"mso-ansi-language: ES-AR;\"><span style=\"font-size: small;\"><span style=\"font-family: Times New Roman;\">Jorge Rafael Videla est\u00e1 convencido de que \u201cDios nunca me solt\u00f3 la mano\u201d, ni siquiera cuando su dictadura mat\u00f3 a miles de detenidos y luego hizo desaparecer sus cuerpos para que la gente no se enterara, \u201cpara no provocar protestas dentro y fuera del pa\u00eds\u201d. Y apela a la noci\u00f3n de \u201cguerra justa\u201d de santo Tom\u00e1s para justificar \u201cla guerra contra la subversi\u00f3n\u201d.<\/span><\/span><\/span><\/p>\n<p class=\"MsoNormal\" style=\"margin: 0cm 0cm 0pt;\"><span style=\"mso-ansi-language: ES-AR;\"><span style=\"font-size: small;\"><span style=\"font-family: Times New Roman;\">En ese marco, Videla califica como \u201cmuy buena\u201d la relaci\u00f3n con la c\u00fapula de la Iglesia cat\u00f3lica durante sus cinco a\u00f1os de gobierno (1976\/1981), aunque destaca que \u201cla Iglesia no era adicta a nosotros; ten\u00edamos nuestros encontronazos, pero, como instituci\u00f3n, se manejaba con prudencia: dec\u00eda lo que ten\u00eda que decir sin crearnos situaciones insostenibles\u201d.<\/span><\/span><\/span><\/p>\n<p class=\"MsoNormal\" style=\"margin: 0cm 0cm 0pt;\"><span style=\"mso-ansi-language: ES-AR;\"><span style=\"font-size: small;\"><span style=\"font-family: Times New Roman;\">Y agrega: \u201cEn el plano individual, yo ten\u00eda una relaci\u00f3n excelente con monse\u00f1or (Adolfo) Tortolo, por ejemplo: era un santo. El cardenal (Ra\u00fal) Primatesta era un hombre comprensivo; no digo que aplaudiera lo que est\u00e1bamos haciendo, pero no era un (Vicente) Zazpe, que tambi\u00e9n integraba la mesa ejecutiva del episcopado y nos pon\u00eda en aprietos\u201d. <\/span><\/span><\/span><\/p>\n<p class=\"MsoNormal\" style=\"margin: 0cm 0cm 0pt;\"><span style=\"mso-ansi-language: ES-AR;\"><span style=\"font-size: small;\"><span style=\"font-family: Times New Roman;\">Tortolo era amigo y confesor de Videla y de su familia, y fue el principal respaldo de la dictadura en la Iglesia desde su triple condici\u00f3n de arzobispo de Paran\u00e1, vicario general de las Fuerzas Armadas y titular del episcopado. <\/span><\/span><\/span><\/p>\n<p class=\"MsoNormal\" style=\"margin: 0cm 0cm 0pt;\"><span style=\"mso-ansi-language: ES-AR;\"><span style=\"font-size: small;\"><span style=\"font-family: Times New Roman;\">A dos meses del golpe, Primatesta reemplaz\u00f3 a Tortolo al frente de la Iglesia y eso moder\u00f3 el respaldo activo de la c\u00fapula a la dictadura, aunque el apoyo sigui\u00f3 por varias razones, seg\u00fan interpreto:<\/span><\/span><\/span><\/p>\n<p class=\"MsoNormal\" style=\"margin: 0cm 0cm 0pt;\"><span style=\"mso-ansi-language: ES-AR;\"><span style=\"font-size: small;\"><span style=\"font-family: Times New Roman;\">-Videla y los militares se presentaban como los defensores del \u201cser nacional\u201d, que era \u201coccidental y cristiano\u201d, y como los guardianes del patrimonio espiritual condensado en la f\u00f3rmula \u201cDios, Patria y Familia\u201d.<\/span><\/span><\/span><\/p>\n<p class=\"MsoNormal\" style=\"margin: 0cm 0cm 0pt;\"><span style=\"mso-ansi-language: ES-AR;\"><span style=\"font-size: small;\"><span style=\"font-family: Times New Roman;\">-Ese discurso resultaba muy atractivo para el episcopado; unificaba a los sectores conservadores con los moderados en la ardua disputa interna que ambas l\u00edneas manten\u00edan contra los grupos progresistas.<\/span><\/span><\/span><\/p>\n<p class=\"MsoNormal\" style=\"margin: 0cm 0cm 0pt;\"><span style=\"mso-ansi-language: ES-AR;\"><span style=\"font-size: small;\"><span style=\"font-family: Times New Roman;\">-La Iglesia lleg\u00f3 al golpe dividida por esa disputa interna, que la hab\u00eda politizado de una manera tal que, a la hora de responder a los pedidos de ayuda de las v\u00edctimas, pesaron m\u00e1s los c\u00e1lculos pol\u00edticos, como la conveniencia de no aparecer debilitando a un gobierno en plena lucha contra la guerrilla, que la preocupaci\u00f3n genuina por los derechos humanos de los detenidos desaparecidos. <\/span><\/span><\/span><\/p>\n<p class=\"MsoNormal\" style=\"margin: 0cm 0cm 0pt;\"><span style=\"mso-ansi-language: ES-AR;\"><span style=\"font-size: small;\"><span style=\"font-family: Times New Roman;\">-Es probable que los grupos moderados sintieran culpa porque no hab\u00edan podido evitar que en el pasado reciente la guerrilla, en especial Montoneros, hubiera reclutado buena parte de sus integrantes en la juventud cat\u00f3lica.<\/span><\/span><\/span><\/p>\n<p class=\"MsoNormal\" style=\"margin: 0cm 0cm 0pt;\"><span style=\"mso-ansi-language: ES-AR;\"><span style=\"font-size: small;\"><span style=\"font-family: Times New Roman;\">-Muchos obispos y sacerdotes han afirmado que les costaba creer que un cat\u00f3lico ferviente como Videla fuera capaz de encabezar una represi\u00f3n en la que secuestraban, torturaban, mataban y hac\u00edan desaparecer personas.<\/span><\/span><\/span><\/p>\n<p class=\"MsoNormal\" style=\"margin: 0cm 0cm 0pt;\"><span style=\"mso-ansi-language: ES-AR;\"><span style=\"font-size: small;\"><span style=\"font-family: Times New Roman;\">Es, con matices, lo que argumentaba el cardenal P\u00edo Laghi, que fue Nuncio durante la dictadura y termin\u00f3 acusado de c\u00f3mplice. \u201c\u00bfC\u00f3mo iba a suponer que estaba tratando con monstruos, capaces de arrojar personas desde los aviones y otras atrocidades semejantes?\u201d, se defendi\u00f3 Laghi en diciembre de 2000.<\/span><\/span><\/span><\/p>\n<p class=\"MsoNormal\" style=\"margin: 0cm 0cm 0pt;\"><span style=\"mso-ansi-language: ES-AR;\"><span style=\"font-size: small;\"><span style=\"font-family: Times New Roman;\">Luego del golpe, Laghi prefiri\u00f3 cultivar una relaci\u00f3n cordial, diplom\u00e1tica, con los jefes militares, como, por ejemplo, el almirante Emilio Massera, y preocuparse por casos puntuales de secuestrados o posibles v\u00edctimas. Laghi logr\u00f3 salvar a varias personas, pero comparte con la Iglesia argentina el mismo cuestionamiento: su falta de firmeza en la defensa de los derechos humanos.<\/span><\/span><\/span><\/p>\n<p class=\"MsoNormal\" style=\"margin: 0cm 0cm 0pt;\"><span style=\"mso-ansi-language: ES-AR;\"><span style=\"font-size: small;\"><span style=\"font-family: Times New Roman;\">Se argumenta que una actitud diferente de, por ejemplo, Primatesta y Laghi, como la que tuvieron frente a la guerra con Chile, que evit\u00f3 milagrosamente aquella locura, podr\u00eda haber salvado muchas vidas. Eso pudo haber sido as\u00ed aunque fueron situaciones distintas: en aquel conflicto lim\u00edtrofe un sector de la dictadura, encabezado por Videla y Roberto Viola, no quer\u00eda ir a la guerra, mientras que en la represi\u00f3n el frente militar actu\u00f3 sin fisuras.<\/span><\/span><\/span><\/p>\n<p class=\"MsoNormal\" style=\"margin: 0cm 0cm 0pt;\"><span style=\"mso-ansi-language: ES-AR;\"><span style=\"font-size: small;\"><span style=\"font-family: Times New Roman;\">De todos modos, aunque Laghi y el episcopado se preocuparon en todo momento por no romper con el gobierno, en especial con Videla y Viola, que eran vistos como \u201cmoderados\u201d, fueron tomando mayor distancia del r\u00e9gimen a partir del 4 de julio de 1976, cuando la sangre manch\u00f3 directamente a la estructura de la Iglesia con la Masacre de San Patricio, el asesinato de tres sacerdotes y dos seminaristas palotinos en la Iglesia de San Patricio, en el barrio de Belgrano.<\/span><\/span><\/span><\/p>\n<p class=\"MsoNormal\" style=\"margin: 0cm 0cm 0pt;\"><span style=\"mso-ansi-language: ES-AR;\"><span style=\"font-size: small;\"><span style=\"font-family: Times New Roman;\">En la c\u00e1rcel federal de Campo de Mayo, Videla sostiene que el asesinato de los palotinos fue \u201cun acto de torpeza tremenda\u201d. Dijo: \u201cHab\u00eda dos seminaristas muy comprometidos con la subversi\u00f3n, que eran militantes montoneros, pero el problema pod\u00eda haber sido evitado; deriv\u00f3 en una confrontaci\u00f3n innecesaria con la Iglesia, que no nos lastimaba. Pod\u00edamos haberle pedido a la Iglesia que los sacaran del pa\u00eds, por ejemplo a Venezuela, y lo habr\u00edan hecho, si comprensi\u00f3n les sobraba\u201d. <\/span><\/span><\/span><\/p>\n<p class=\"MsoNormal\" style=\"margin: 0cm 0cm 0pt;\"><span style=\"mso-ansi-language: ES-AR;\"><span style=\"font-size: small;\"><span style=\"font-family: Times New Roman;\">Dos semanas despu\u00e9s de la matanza de los cinco palotinos, el domingo 18 de julio de 1976, un grupo de civiles armados que se identificaron como polic\u00edas federales secuestr\u00f3 en la parroquia de Chamical, en La Rioja, a los sacerdotes Gabriel Longueville y Carlos de Dios Murias, quienes fueron torturados y luego asesinados. A la semana, fue acribillado el laico Wenceslao Pedernera, en Sa\u00f1ogasta. Y el 4 de agosto, el obispo Enrique Angelelli, que ven\u00eda investigando y denunciando los asesinatos en su di\u00f3cesis, muri\u00f3 al volcar la camioneta en la que viajaba, en un supuesto accidente que muchos califican como un asesinato.<\/span><\/span><\/span><\/p>\n<p class=\"MsoNormal\" style=\"margin: 0cm 0cm 0pt;\"><span style=\"mso-ansi-language: ES-AR;\"><span style=\"font-size: small;\"><span style=\"font-family: Times New Roman;\">Luego de todas esas muertes, Laghi se reuni\u00f3 con Videla y con Viola. El 31 de agosto de 1976, en el cable n\u00famero 5.684, calificado como secreto, el embajador estadounidense Robert Hill inform\u00f3 a su gobierno que Laghi les hab\u00eda contado c\u00f3mo fueron esos encuentros para \u201cdiscutir las fricciones entre la Iglesia y el gobierno\u201d.<\/span><\/span><\/span><\/p>\n<p class=\"MsoNormal\" style=\"margin: 0cm 0cm 0pt;\"><span style=\"mso-ansi-language: ES-AR;\"><span style=\"font-size: small;\"><span style=\"font-family: Times New Roman;\">\u201cLaghi dijo \u2013se\u00f1al\u00f3 Hill\u2013 que les hab\u00eda indicado a Videla y a Viola que la Iglesia no quer\u00eda confrontar con el gobierno, pero que el gobierno deb\u00eda tomar medidas si quer\u00eda evitar esa confrontaci\u00f3n\u201d, como \u201cfrenar a quienes parec\u00edan creer que los sacerdotes eran blancos despejados, seguros, para el asesinato\u201d.<\/span><\/span><\/span><\/p>\n<p class=\"MsoNormal\" style=\"margin: 0cm 0cm 0pt;\"><span style=\"mso-ansi-language: ES-AR;\"><span style=\"font-size: small;\"><span style=\"font-family: Times New Roman;\">En un plano m\u00e1s general, Laghi les advirti\u00f3 que \u201clas declaraciones de la Iglesia sobre las violaciones a los derechos humanos hasta ahora han sido muy moderadas. Sin embargo, si las violaciones contin\u00faan, la Iglesia tendr\u00e1 que tomar una posici\u00f3n dura\u201d, seg\u00fan inform\u00f3 el diplom\u00e1tico estadounidense.<\/span><\/span><\/span><\/p>\n<p class=\"MsoNormal\" style=\"margin: 0cm 0cm 0pt;\"><span style=\"mso-ansi-language: ES-AR;\"><span style=\"font-family: Times New Roman; font-size: small;\">\u00a0<\/span><\/span><\/p>\n<p class=\"MsoNormal\" style=\"margin: 0cm 0cm 0pt;\"><span style=\"font-size: small;\"><span style=\"font-family: Times New Roman;\"><em style=\"mso-bidi-font-style: normal;\"><span lang=\"ES\">El autor es periodista y licenciado en Ciencia Pol\u00edtica, editor ejecutivo de la revista Fortuna. Escribi\u00f3, entre otros, los libros <\/span><\/em><strong><span style=\"font-weight: normal; mso-bidi-font-weight: bold;\" lang=\"ES\"><a href=\"http:\/\/especiales.perfil.com\/rucci\/\" target=\"_blank\"><span style=\"color: windowtext; text-decoration: none; text-underline: none;\">Operaci\u00f3n Traviata<\/span><\/a><\/span><\/strong><em style=\"mso-bidi-font-style: normal;\"><span lang=\"ES\"> y <\/span><\/em><strong><span style=\"font-weight: normal; mso-bidi-font-weight: bold;\" lang=\"ES\"><a href=\"http:\/\/docs.perfil.com\/2010\/09\/09\/ceferino-reato-el-bautismo-de-fuego\/\" target=\"_blank\"><span style=\"color: windowtext; text-decoration: none; text-underline: none;\">Operaci\u00f3n Primicia<\/span><\/a><\/span><\/strong><em style=\"mso-bidi-font-style: normal;\"><span lang=\"ES\">.<\/span><\/em><\/span><\/span><em style=\"mso-bidi-font-style: normal;\"><\/em><\/p>\n","protected":false},"excerpt":{"rendered":"<p>El autor de Disposici\u00f3n Final, la confesi\u00f3n de Videla sobre los desaparecidos, el libro que recientemente publica las declaraciones del ex dictador en torno a&#8230;<\/p>\n","protected":false},"author":7,"featured_media":0,"comment_status":"open","ping_status":"open","sticky":false,"template":"","format":"standard","meta":{"_acf_changed":false,"_jetpack_newsletter_access":"","_jetpack_dont_email_post_to_subs":false,"_jetpack_newsletter_tier_id":0,"_jetpack_memberships_contains_paywalled_content":false,"_jetpack_memberships_contains_paid_content":false,"footnotes":""},"categories":[8,3],"tags":[14,329,330,331,332],"class_list":["post-7068","post","type-post","status-publish","format-standard","hentry","category-iglesia","category-politica-economia","tag-iglesia","tag-laghi","tag-primatesta","tag-tortolo","tag-videla"],"acf":[],"jetpack_featured_media_url":"","jetpack_sharing_enabled":true,"jetpack_shortlink":"https:\/\/wp.me\/p6FC4i-1Q0","_links":{"self":[{"href":"https:\/\/www.revistacriterio.com.ar\/bloginst_new\/index.php?rest_route=\/wp\/v2\/posts\/7068","targetHints":{"allow":["GET"]}}],"collection":[{"href":"https:\/\/www.revistacriterio.com.ar\/bloginst_new\/index.php?rest_route=\/wp\/v2\/posts"}],"about":[{"href":"https:\/\/www.revistacriterio.com.ar\/bloginst_new\/index.php?rest_route=\/wp\/v2\/types\/post"}],"author":[{"embeddable":true,"href":"https:\/\/www.revistacriterio.com.ar\/bloginst_new\/index.php?rest_route=\/wp\/v2\/users\/7"}],"replies":[{"embeddable":true,"href":"https:\/\/www.revistacriterio.com.ar\/bloginst_new\/index.php?rest_route=%2Fwp%2Fv2%2Fcomments&post=7068"}],"version-history":[{"count":0,"href":"https:\/\/www.revistacriterio.com.ar\/bloginst_new\/index.php?rest_route=\/wp\/v2\/posts\/7068\/revisions"}],"wp:attachment":[{"href":"https:\/\/www.revistacriterio.com.ar\/bloginst_new\/index.php?rest_route=%2Fwp%2Fv2%2Fmedia&parent=7068"}],"wp:term":[{"taxonomy":"category","embeddable":true,"href":"https:\/\/www.revistacriterio.com.ar\/bloginst_new\/index.php?rest_route=%2Fwp%2Fv2%2Fcategories&post=7068"},{"taxonomy":"post_tag","embeddable":true,"href":"https:\/\/www.revistacriterio.com.ar\/bloginst_new\/index.php?rest_route=%2Fwp%2Fv2%2Ftags&post=7068"}],"curies":[{"name":"wp","href":"https:\/\/api.w.org\/{rel}","templated":true}]}}