{"id":7078,"date":"2012-06-01T17:09:40","date_gmt":"2012-06-01T20:09:40","guid":{"rendered":"http:\/\/www.revistacriterio.com.ar\/bloginst_new\/?p=7078"},"modified":"2012-06-01T17:09:40","modified_gmt":"2012-06-01T20:09:40","slug":"olimpiadas-un-homenaje-polemico","status":"publish","type":"post","link":"https:\/\/www.revistacriterio.com.ar\/bloginst_new\/?p=7078","title":{"rendered":"Olimp\u00edadas: un homenaje pol\u00e9mico"},"content":{"rendered":"<p class=\"MsoNormal\" style=\"line-height: normal; margin: 0cm 0cm 0pt;\"><span style=\"font-family: &quot;Times New Roman&quot;,&quot;serif&quot;; font-size: 12pt;\" lang=\"ES\"><a href=\"https:\/\/www.revistacriterio.com.ar\/bloginst_new\/wp-content\/uploads\/2012\/05\/fattori-web.jpg\"><img loading=\"lazy\" decoding=\"async\" class=\"alignleft size-thumbnail wp-image-7079\" title=\"fattori-web\" src=\"https:\/\/www.revistacriterio.com.ar\/bloginst_new\/wp-content\/uploads\/2012\/05\/fattori-web-120x120.jpg\" alt=\"fattori-web\" width=\"120\" height=\"120\" \/><\/a>Que los Juegos Ol\u00edmpicos 2012 se realicen en Inglaterra fue el disparador para un <em style=\"mso-bidi-font-style: normal;\">spot <\/em>publicitario lanzado por el Gobierno nacional que envolvi\u00f3 a la Argentina en una innecesaria disputa. <!--more--><\/span><span style=\"font-family: &quot;Times New Roman&quot;,&quot;serif&quot;; font-size: 12pt;\" lang=\"ES\">El controvertido aviso de la Argentina muestra a Fernando Zylberberg, de la selecci\u00f3n de hockey, entrenando en las islas Malvinas. Fue presentado como un \u201chomenaje a los h\u00e9roes y ca\u00eddos\u201d en el conflicto, y culmina con una frase estridente: \u201cPara competir en suelo ingl\u00e9s entrenamos en suelo argentino\u201d.<\/span><\/p>\n<p class=\"MsoNormal\" style=\"line-height: normal; margin: 0cm 0cm 0pt;\"><span style=\"font-family: &quot;Times New Roman&quot;,&quot;serif&quot;; font-size: 12pt;\" lang=\"ES\">Como era de esperarse, la pol\u00e9mica no tard\u00f3 en llegar: las idas y vueltas en torno a los permisos necesarios para la filmaci\u00f3n (hay versiones que sostienen que las autoridades malvinenses desconoc\u00edan el hecho), los reclamos por parte del Gobierno del Reino Unido para que el <em style=\"mso-bidi-font-style: normal;\">spot<\/em> fuera retirado del aire y la carta de disculpas enviada por la casa matriz de la agencia Young and Rubicam (cuya sede en la Argentina fue la encargada de realizarlo).<\/span><\/p>\n<p class=\"MsoNormal\" style=\"line-height: normal; margin: 0cm 0cm 0pt;\"><span style=\"font-family: &quot;Times New Roman&quot;,&quot;serif&quot;; font-size: 12pt;\" lang=\"ES\">El Comit\u00e9 Ol\u00edmpico Internacional, por su parte, tambi\u00e9n conden\u00f3 la actitud del Gobierno argentino. Pero, \u00bfcu\u00e1l es el trasfondo de la discusi\u00f3n? La Carta Ol\u00edmpica, el documento que rige y reglamenta el desarrollo de los Juegos, expresa claramente que no deben ser utilizados con fines pol\u00edticos. En efecto, el llamado \u201cesp\u00edritu ol\u00edmpico\u201d es una declaraci\u00f3n de fraternidad entre los pa\u00edses que participan. Tanto los equipos como los competidores no pueden llevar marcas de patrocinadores en su indumentaria y, pese a no obtener retribuciones econ\u00f3micas, los profesionales que deciden jugar reconocen que el orgullo de ganar una medalla supera al de cualquier otro triunfo.<\/span><\/p>\n<p class=\"MsoNormal\" style=\"line-height: normal; margin: 0cm 0cm 0pt;\"><span style=\"font-family: &quot;Times New Roman&quot;,&quot;serif&quot;; font-size: 12pt;\" lang=\"ES\">Sin embargo, y a pesar de los loables valores que defiende esta competencia, muchas veces el apoyo al propio equipo se convierte en una suerte de manifestaci\u00f3nde exacerbado nacionalismo donde, en palabras de Beatriz Sarlo, la bandera se convierte en camiseta.<span style=\"mso-spacerun: yes;\">\u00a0 <\/span><\/span><\/p>\n<p class=\"MsoNormal\" style=\"line-height: normal; margin: 0cm 0cm 0pt;\"><span style=\"font-family: &quot;Times New Roman&quot;,&quot;serif&quot;; font-size: 12pt;\" lang=\"ES\">En la Argentina, en particular, se despierta una especie de \u201cfiebre ol\u00edmpica\u201d y es f\u00e1cil escuchar, durante los d\u00edas de competencia, comentarios de todo tipo. Es com\u00fan, adem\u00e1s, que el p\u00fablico se valga de estas manifestaciones deportivas para mostrar sus reticencias con respecto a otros pa\u00edses generadas por hechos provenientes de la pol\u00edtica. Y es el rencor a los brit\u00e1nicos lo que m\u00e1s se deja ver en estas circunstancias en nuestro caso.<\/span><\/p>\n<p class=\"MsoNormal\" style=\"line-height: normal; margin: 0cm 0cm 0pt;\"><span style=\"font-family: &quot;Times New Roman&quot;,&quot;serif&quot;; font-size: 12pt;\" lang=\"ES\">Pero esta vez se fue demasiado lejos. Es cierto que el azar quiso que los Juegos Ol\u00edmpicos se disputaran en territorio ingl\u00e9s a treinta a\u00f1os del conflicto por la soberan\u00eda de las islas Malvinas. Pero nada justifica la realizaci\u00f3n y difusi\u00f3n del <em style=\"mso-bidi-font-style: normal;\">spot <\/em>pedido por la Presidencia. Desde la Casa Rosada fue presentado como un \u201chomenaje a los ca\u00eddos y h\u00e9roes\u201d durante el conflicto. Sin embargo, la intenci\u00f3n que lo atraviesa parece estar m\u00e1s emparentada con necesidades pol\u00edticas del momento que con el mero recordatorio. La pol\u00edtica, entonces, volvi\u00f3 a mezclarse, y mal, con el deporte, casi como siguiendo la l\u00ednea del F\u00fatbol para Todos y del Automovilismo para Todos.<\/span><\/p>\n<p class=\"MsoNormal\" style=\"line-height: normal; margin: 0cm 0cm 0pt;\"><span style=\"font-family: &quot;Times New Roman&quot;,&quot;serif&quot;; font-size: 12pt;\" lang=\"ES\">Sin embargo, la Argentina no es precursora en esto de utilizar a los Juegos Ol\u00edmpicos para expresar descontentos pol\u00edticos. Tres casos de la historia de la competencia as\u00ed lo demuestran. El primero sucedi\u00f3 en 1931, cuando el COI decidi\u00f3 que Berl\u00edn fuera la sede de los Juegos de Verano 1936 y que tambi\u00e9n fuera Alemania quien albergara los de Invierno (ambos equivalentes a los Juegos Ol\u00edmpicos de hoy). Se pens\u00f3 que ser\u00eda lo mejor ya que, por una parte, los germanos recuperaban con ello la organizaci\u00f3n de competencias internacionales tras la Primera Guerra Mundial. Y, por otro, era una especie de resarcimiento, ya que que las Olimp\u00edadas de 1916 hubieran debido realizarse en Berl\u00edn, pero fueron suspendidas por el conflicto internacional de entonces. <\/span><\/p>\n<p class=\"MsoNormal\" style=\"line-height: normal; margin: 0cm 0cm 0pt;\"><span style=\"font-family: &quot;Times New Roman&quot;,&quot;serif&quot;; font-size: 12pt;\" lang=\"ES\">Para 1936 el partido nazi hab\u00eda ganado las elecciones y los primeros signos de antisemitismo estaban muy presentes. Esto provoc\u00f3 que diversos integrantes del Comit\u00e9 Ol\u00edmpico cuestionaran la designaci\u00f3n de ese pa\u00eds temiendo que las cuestiones pol\u00edtico-religiosas tergiversaran el esp\u00edritu de los Juegos. Por pedido del mismo COI, en los meses previos y durante las competencias, se quitaron de las calles los carteles y leyendas ofensivas hacia los jud\u00edos. Sin embargo, los eventos se ti\u00f1eron de la est\u00e9tica nazi y se considera que fue la primera vez que se utilizaron como veh\u00edculo de propaganda pol\u00edtica.<\/span><\/p>\n<p class=\"MsoNormal\" style=\"line-height: normal; margin: 0cm 0cm 0pt;\"><span style=\"font-family: &quot;Times New Roman&quot;,&quot;serif&quot;; font-size: 12pt;\" lang=\"ES\">Los Juegos de M\u00e9xico 1968 quedaron marcados por un gesto de reivindicaci\u00f3n por parte de dos atletas afroamericanos. En los Estados Unidos corr\u00edan d\u00edas de much\u00edsima violencia racial, donde el <em style=\"mso-bidi-font-style: normal;\">apartheid<\/em> era moneda corriente. Fue entonces que, al subir al podio de los 200 metros llanos de atletismo por sus medallas de oro y bronce, Tommie Smith y John Carlos alzaron el pu\u00f1o cubierto con un guante negro y bajaron sus cabezas mientras sonaba el himno de su pa\u00eds. Este gesto correspond\u00eda a los Panteras Negras, un movimiento que buscaba revindicar los derechos de los afroamericanos en los Estados Unidos. La actitud fue acompa\u00f1ada y apoyada por el atleta australiano Peter Norman, que fue medalla de plata en dicha competencia. Como consecuencia los tres fueron expulsados tanto de la competencia como de la villa ol\u00edmpica. Smith formaba parte del Proyecto Ol\u00edmpico por los Derechos Humanos, movimiento creado por Henry Edwards, un soci\u00f3logo que militaba en la l\u00ednea de Malcom X.<\/span><\/p>\n<p class=\"MsoNormal\" style=\"line-height: normal; margin: 0cm 0cm 0pt;\"><span style=\"font-family: &quot;Times New Roman&quot;,&quot;serif&quot;; font-size: 12pt;\" lang=\"ES\">En 1972 Alemania volver\u00eda a ser escenario de una muestra de conflicto pol\u00edtico, pero en esta oportunidad el incidente tuvo como protagonistas a un grupo de terroristas palestinos y a la delegaci\u00f3n israel\u00ed. En la madrugada del 5 de septiembre, ocho miembros de la agrupaci\u00f3n Septiembre Negro, avalada en ese entonces por el partido Al-Fatah y la organizaci\u00f3n por la Liberaci\u00f3n de Palestina, secuestraron y asesinaron a once integrantes de la representaci\u00f3n jud\u00eda dentro de la villa ol\u00edmpica para exigirle a Israel, ante la comunidad internacional, la liberaci\u00f3n de m\u00e1s de 200 palestinos presos.<\/span><\/p>\n<p class=\"MsoNormal\" style=\"line-height: normal; margin: 0cm 0cm 0pt;\"><span style=\"font-family: &quot;Times New Roman&quot;,&quot;serif&quot;; font-size: 12pt;\" lang=\"ES\">Como se ve, hist\u00f3ricamente la relaci\u00f3n de los Juegos con la pol\u00edtica no fue siempre la mejor. Un gesto de madurez como naci\u00f3n es separar las cuestiones. S\u00f3lo resta esperar que la delegaci\u00f3n argentina as\u00ed lo entienda y d\u00e9 un testimonio de fraternidad y de juego limpio sin importar en qu\u00e9 suelo tienen lugar las competencias.<a name=\"_GoBack\"><\/a> <\/span><\/p>\n","protected":false},"excerpt":{"rendered":"<p>Que los Juegos Ol\u00edmpicos 2012 se realicen en Inglaterra fue el disparador para un spot publicitario lanzado por el Gobierno nacional que envolvi\u00f3 a la&#8230;<\/p>\n","protected":false},"author":7,"featured_media":0,"comment_status":"open","ping_status":"open","sticky":false,"template":"","format":"standard","meta":{"_acf_changed":false,"_jetpack_newsletter_access":"","_jetpack_dont_email_post_to_subs":false,"_jetpack_newsletter_tier_id":0,"_jetpack_memberships_contains_paywalled_content":false,"_jetpack_memberships_contains_paid_content":false,"footnotes":""},"categories":[3,5],"tags":[335,336,264,337],"class_list":["post-7078","post","type-post","status-publish","format-standard","hentry","category-politica-economia","category-sociedad","tag-disputa","tag-inglaterra","tag-malvinas","tag-olimpiadas"],"acf":[],"jetpack_featured_media_url":"","jetpack_sharing_enabled":true,"jetpack_shortlink":"https:\/\/wp.me\/p6FC4i-1Qa","_links":{"self":[{"href":"https:\/\/www.revistacriterio.com.ar\/bloginst_new\/index.php?rest_route=\/wp\/v2\/posts\/7078","targetHints":{"allow":["GET"]}}],"collection":[{"href":"https:\/\/www.revistacriterio.com.ar\/bloginst_new\/index.php?rest_route=\/wp\/v2\/posts"}],"about":[{"href":"https:\/\/www.revistacriterio.com.ar\/bloginst_new\/index.php?rest_route=\/wp\/v2\/types\/post"}],"author":[{"embeddable":true,"href":"https:\/\/www.revistacriterio.com.ar\/bloginst_new\/index.php?rest_route=\/wp\/v2\/users\/7"}],"replies":[{"embeddable":true,"href":"https:\/\/www.revistacriterio.com.ar\/bloginst_new\/index.php?rest_route=%2Fwp%2Fv2%2Fcomments&post=7078"}],"version-history":[{"count":0,"href":"https:\/\/www.revistacriterio.com.ar\/bloginst_new\/index.php?rest_route=\/wp\/v2\/posts\/7078\/revisions"}],"wp:attachment":[{"href":"https:\/\/www.revistacriterio.com.ar\/bloginst_new\/index.php?rest_route=%2Fwp%2Fv2%2Fmedia&parent=7078"}],"wp:term":[{"taxonomy":"category","embeddable":true,"href":"https:\/\/www.revistacriterio.com.ar\/bloginst_new\/index.php?rest_route=%2Fwp%2Fv2%2Fcategories&post=7078"},{"taxonomy":"post_tag","embeddable":true,"href":"https:\/\/www.revistacriterio.com.ar\/bloginst_new\/index.php?rest_route=%2Fwp%2Fv2%2Ftags&post=7078"}],"curies":[{"name":"wp","href":"https:\/\/api.w.org\/{rel}","templated":true}]}}