{"id":8028,"date":"2013-03-06T16:21:53","date_gmt":"2013-03-06T19:21:53","guid":{"rendered":"http:\/\/staging.winguweb.org\/2014\/revistacriterio\/bloginst\/?p=8028"},"modified":"2013-03-06T16:21:53","modified_gmt":"2013-03-06T19:21:53","slug":"la-linea-ausente","status":"publish","type":"post","link":"https:\/\/www.revistacriterio.com.ar\/bloginst_new\/?p=8028","title":{"rendered":"La l\u00ednea ausente"},"content":{"rendered":"<p>El ilustrador de Criterio Juan Carlos Espeche muri\u00f3 el pasado 21 de diciembre. Excepcional en su estilo de una sola l\u00ednea, lograba que sus im\u00e1genes austeras revelaran lo mejor de los textos que acompa\u00f1aban.<!--more--><a href=\"http:\/\/staging.winguweb.org\/2014\/revistacriterio\/bloginst\/wp-content\/uploads\/2013\/03\/espeche.jpg\"><img loading=\"lazy\" decoding=\"async\" class=\"alignright size-medium wp-image-8029\" title=\"espeche\" src=\"https:\/\/staging.winguweb.org\/2014\/revistacriterio\/bloginst\/wp-content\/uploads\/2013\/03\/espeche-300x180.jpg\" alt=\"espeche\" width=\"300\" height=\"180\" \/><\/a> Con buen humor, sensibilidad y dedicaci\u00f3n, Juan Carlos Espeche recib\u00eda cada mes dos art\u00edculos de la revista, generalmente los m\u00e1s dif\u00edciles de acompa\u00f1ar con fotograf\u00edas, y con un marcador negro y una hoja en blanco, en originales l\u00edneas continuas, les daba vida con figuras y gestos. El pasado 21 de diciembre muri\u00f3 sorpresivamente, a los 78 a\u00f1os. Para recordarlo ilustra esta p\u00e1gina el \u00faltimo dibujo que nos dej\u00f3, a\u00fan in\u00e9dito, a partir del reciente libro <em>La infancia de Jes\u00fas<\/em>, de Benedicto XVI, donde puede verse a un Jes\u00fas adolescente predicando en el templo de Jerusal\u00e9n para la fiesta de Pascua. Adem\u00e1s, publicamos nuevamente el poema del cr\u00edtico de arte Rafael Squirru dedicado a Espeche.<\/p>\n<p>Ya lo dijo Klee<\/p>\n<p>el color es el peso<\/p>\n<p>y la l\u00ednea, la medida.<\/p>\n<p>\u00bfEs que se puede pedir<\/p>\n<p>en tal sentido<\/p>\n<p>algo m\u00e1s mesurado<\/p>\n<p>que los dibujos<\/p>\n<p>de Espeche Gil?<\/p>\n<p>En ellos la l\u00ednea<\/p>\n<p>lo resuelve todo.<\/p>\n<p>Ininterrumpidas figuras<\/p>\n<p>y lo que las rodea.<\/p>\n<p>Es una l\u00ednea que no afloja;<\/p>\n<p>sin saltos ni sobresaltos<\/p>\n<p>se desliza sobre el papel<\/p>\n<p>con la naturalidad<\/p>\n<p>del arroyo que serpentea<\/p>\n<p>desde la monta\u00f1a.<\/p>\n<p>Confiarse a la l\u00ednea de Espeche<\/p>\n<p>es confiarse<\/p>\n<p>al barco<\/p>\n<p>que llega a puerto seguro<\/p>\n<p>con un experto al tim\u00f3n.<\/p>\n<p>Rafael Squirru<\/p>\n","protected":false},"excerpt":{"rendered":"<p>El ilustrador de Criterio Juan Carlos Espeche muri\u00f3 el pasado 21 de diciembre. Excepcional en su estilo de una sola l\u00ednea, lograba que sus im\u00e1genes&#8230;<\/p>\n","protected":false},"author":7,"featured_media":0,"comment_status":"open","ping_status":"open","sticky":false,"template":"","format":"standard","meta":{"_acf_changed":false,"_jetpack_newsletter_access":"","_jetpack_dont_email_post_to_subs":false,"_jetpack_newsletter_tier_id":0,"_jetpack_memberships_contains_paywalled_content":false,"_jetpack_memberships_contains_paid_content":false,"footnotes":""},"categories":[4],"tags":[143,1035,850],"class_list":["post-8028","post","type-post","status-publish","format-standard","hentry","category-cultura","tag-ilustracion","tag-juan-carlos-espeche","tag-squirru"],"acf":[],"jetpack_featured_media_url":"","jetpack_sharing_enabled":true,"jetpack_shortlink":"https:\/\/wp.me\/p6FC4i-25u","_links":{"self":[{"href":"https:\/\/www.revistacriterio.com.ar\/bloginst_new\/index.php?rest_route=\/wp\/v2\/posts\/8028","targetHints":{"allow":["GET"]}}],"collection":[{"href":"https:\/\/www.revistacriterio.com.ar\/bloginst_new\/index.php?rest_route=\/wp\/v2\/posts"}],"about":[{"href":"https:\/\/www.revistacriterio.com.ar\/bloginst_new\/index.php?rest_route=\/wp\/v2\/types\/post"}],"author":[{"embeddable":true,"href":"https:\/\/www.revistacriterio.com.ar\/bloginst_new\/index.php?rest_route=\/wp\/v2\/users\/7"}],"replies":[{"embeddable":true,"href":"https:\/\/www.revistacriterio.com.ar\/bloginst_new\/index.php?rest_route=%2Fwp%2Fv2%2Fcomments&post=8028"}],"version-history":[{"count":0,"href":"https:\/\/www.revistacriterio.com.ar\/bloginst_new\/index.php?rest_route=\/wp\/v2\/posts\/8028\/revisions"}],"wp:attachment":[{"href":"https:\/\/www.revistacriterio.com.ar\/bloginst_new\/index.php?rest_route=%2Fwp%2Fv2%2Fmedia&parent=8028"}],"wp:term":[{"taxonomy":"category","embeddable":true,"href":"https:\/\/www.revistacriterio.com.ar\/bloginst_new\/index.php?rest_route=%2Fwp%2Fv2%2Fcategories&post=8028"},{"taxonomy":"post_tag","embeddable":true,"href":"https:\/\/www.revistacriterio.com.ar\/bloginst_new\/index.php?rest_route=%2Fwp%2Fv2%2Ftags&post=8028"}],"curies":[{"name":"wp","href":"https:\/\/api.w.org\/{rel}","templated":true}]}}