{"id":8162,"date":"2013-04-05T18:04:03","date_gmt":"2013-04-05T21:04:03","guid":{"rendered":"http:\/\/staging.winguweb.org\/2014\/revistacriterio\/bloginst\/?p=8162"},"modified":"2013-04-05T18:04:03","modified_gmt":"2013-04-05T21:04:03","slug":"el-momento-de-la-oracion","status":"publish","type":"post","link":"https:\/\/www.revistacriterio.com.ar\/bloginst_new\/?p=8162","title":{"rendered":"El momento de la Oraci\u00f3n"},"content":{"rendered":"<p class=\"MsoNormal\"><span>La presentaci\u00f3n del nuevo Papa logr\u00f3 establecer un puente de comunicaci\u00f3n y oraci\u00f3n entre el obispo y su feligres\u00eda. <!--more--><\/span> \u201cLe pido que rece por m\u00ed\u201d. Esta es una frase que todo aquel que tuvo ocasi\u00f3n de mantener una reuni\u00f3n con el cardenal Jorge Bergoglio seguramente escuch\u00f3 en el momento de la despedida. El voy a rezar por usted estaba t\u00e1cito, la solicitud del rezo del laico por el sacerdote se explicitaba intencionalmente. Cuando se escuchaba por primera vez sonaba como un pedido extra\u00f1o, fuera de contexto, acaso porque generalmente se lo asocia a situaciones de cierta gravedad. Lo particular del pedido hac\u00eda que uno pensara en la ocurrencia de algo extraordinario, un suceso trascendental que requer\u00eda una oraci\u00f3n especial. Pero no, era sencillamente el ejercicio de uno de los h\u00e1bitos m\u00e1s puros y trascendentes que puede desarrollar un creyente, rezar los unos por los otros, todos los d\u00edas, ante ocasiones cotidianas. Rezar en general por la paz en el mundo pero a la vez rezar por personas espec\u00edficas, por aquellos que queremos y tenemos m\u00e1s cerca y tambi\u00e9n por aquellos con los cuales nada compartimos. Rezar por nuestros pastores y dirigentes para que lleven adelante con ejemplaridad y justicia sus tareas. Ciertamente en la formaci\u00f3n espiritual y en las caracter\u00edsticas personales de extrema humildad del cardenal Bergoglio debe estar impl\u00edcito este acento en la oraci\u00f3n de los unos por los otros, acaso remarcado por la impronta de la experiencia de fragmentaci\u00f3n social y necesidad de pacificaci\u00f3n que en los \u00faltimos a\u00f1os vivimos en el pa\u00eds.<\/p>\n<p class=\"MsoNormal\"><span>Francisco nos regal\u00f3 uno de los m\u00e1s bellos momentos que recuerde la Iglesia en la presentaci\u00f3n de un Papa. El pedido al pueblo de Roma para que recen por \u00e9l demandando la bendici\u00f3n de Dios antes de \u00e9l poder darles su bendici\u00f3n como su nuevo Obispo, inclinando la cabeza frente a ellos, es una imagen que perdurar\u00e1 por siempre en nuestras memorias. \u00bfExiste una imagen m\u00e1s conmovedora y llena de significado? \u00bfExiste una mejor manera de mostrar c\u00f3mo guiar una familia, un equipo, un pa\u00eds, que este sencillo y enorme gesto? Es la imagen de un obispo en relaci\u00f3n directa con su feligres\u00eda, estableciendo un puente de comunicaci\u00f3n y oraci\u00f3n que se transita en ambos sentidos, no en uno solo. Los atuendos sencillos, los gestos de humildad y las palabras llanas marcaron claramente el inicio de un papado que seguramente traer\u00e1 aire fresco a la Iglesia. <\/span><\/p>\n<p class=\"MsoNormal\"><span>Como argentinos podemos estar muy contentos de contar con un Papa criado en esta tierra, que ha caminado las mismas calles que nosotros caminamos, que supo compartir las mismas penurias y se alegr\u00f3 con nuestras alegr\u00edas. Como cristianos debemos estar agradecidos a Dios por darnos un Papa que represente con tanta fidelidad al buen pastor, al pescador de hombres, a aquel que da todo por los dem\u00e1s y que con su ejemplo de sencillez es capaz de conquistar los corazones y cambiar los comportamientos. Recemos por nosotros, los unos por los otros, por nuestra Iglesia, y por el papa Francisco, tal como \u00e9l nos pide y nos ense\u00f1a.<\/span><\/p>\n","protected":false},"excerpt":{"rendered":"<p>La presentaci\u00f3n del nuevo Papa logr\u00f3 establecer un puente de comunicaci\u00f3n y oraci\u00f3n entre el obispo y su feligres\u00eda.<\/p>\n","protected":false},"author":7,"featured_media":0,"comment_status":"open","ping_status":"open","sticky":false,"template":"","format":"standard","meta":{"_acf_changed":false,"_jetpack_newsletter_access":"","_jetpack_dont_email_post_to_subs":false,"_jetpack_newsletter_tier_id":0,"_jetpack_memberships_contains_paywalled_content":false,"_jetpack_memberships_contains_paid_content":false,"footnotes":""},"categories":[8],"tags":[80,366,538,1064],"class_list":["post-8162","post","type-post","status-publish","format-standard","hentry","category-iglesia","tag-bergoglio","tag-comunicacion","tag-francisco","tag-oracion"],"acf":[],"jetpack_featured_media_url":"","jetpack_sharing_enabled":true,"jetpack_shortlink":"https:\/\/wp.me\/p6FC4i-27E","_links":{"self":[{"href":"https:\/\/www.revistacriterio.com.ar\/bloginst_new\/index.php?rest_route=\/wp\/v2\/posts\/8162","targetHints":{"allow":["GET"]}}],"collection":[{"href":"https:\/\/www.revistacriterio.com.ar\/bloginst_new\/index.php?rest_route=\/wp\/v2\/posts"}],"about":[{"href":"https:\/\/www.revistacriterio.com.ar\/bloginst_new\/index.php?rest_route=\/wp\/v2\/types\/post"}],"author":[{"embeddable":true,"href":"https:\/\/www.revistacriterio.com.ar\/bloginst_new\/index.php?rest_route=\/wp\/v2\/users\/7"}],"replies":[{"embeddable":true,"href":"https:\/\/www.revistacriterio.com.ar\/bloginst_new\/index.php?rest_route=%2Fwp%2Fv2%2Fcomments&post=8162"}],"version-history":[{"count":0,"href":"https:\/\/www.revistacriterio.com.ar\/bloginst_new\/index.php?rest_route=\/wp\/v2\/posts\/8162\/revisions"}],"wp:attachment":[{"href":"https:\/\/www.revistacriterio.com.ar\/bloginst_new\/index.php?rest_route=%2Fwp%2Fv2%2Fmedia&parent=8162"}],"wp:term":[{"taxonomy":"category","embeddable":true,"href":"https:\/\/www.revistacriterio.com.ar\/bloginst_new\/index.php?rest_route=%2Fwp%2Fv2%2Fcategories&post=8162"},{"taxonomy":"post_tag","embeddable":true,"href":"https:\/\/www.revistacriterio.com.ar\/bloginst_new\/index.php?rest_route=%2Fwp%2Fv2%2Ftags&post=8162"}],"curies":[{"name":"wp","href":"https:\/\/api.w.org\/{rel}","templated":true}]}}