{"id":8398,"date":"2013-06-12T20:35:52","date_gmt":"2013-06-12T23:35:52","guid":{"rendered":"http:\/\/staging.winguweb.org\/2014\/revistacriterio\/bloginst\/?p=8398"},"modified":"2013-06-12T20:35:52","modified_gmt":"2013-06-12T23:35:52","slug":"un-frente-opositor-unidos-para-cambiar","status":"publish","type":"post","link":"https:\/\/www.revistacriterio.com.ar\/bloginst_new\/?p=8398","title":{"rendered":"Un frente opositor: Unidos para cambiar"},"content":{"rendered":"<p class=\"MsoNormal\"><span><a href=\"http:\/\/staging.winguweb.org\/2014\/revistacriterio\/bloginst\/wp-content\/uploads\/2013\/06\/unidos.jpg\"><img loading=\"lazy\" decoding=\"async\" class=\"alignleft size-thumbnail wp-image-8399\" title=\"unidos\" src=\"https:\/\/staging.winguweb.org\/2014\/revistacriterio\/bloginst\/wp-content\/uploads\/2013\/06\/unidos-120x120.jpg\" alt=\"unidos\" width=\"120\" height=\"120\" \/><\/a>Dirigentes peronistas no kirchneristas recientemente integrados en la agrupaci\u00f3n \u201cUnidos para Cambiar\u201d plantearon como prioritario un cambio en la actual pol\u00edtica exterior de la Argentina.<!--more--><\/span><\/p>\n<p class=\"MsoNormal\">El pasado primero de mayo, cuatro dirigentes no cristinistas, provenientes de distintas orientaciones originadas dentro del tronco peronista \u2013el gobernador Jos\u00e9 Manuel De la Sota, el sindicalista Hugo Moyano, el dirigente Francisco De Narv\u00e1ez y el ex ministro y candidato presidencial Roberto Lavagna\u2013, publicaron una solicitada de fuerte orientaci\u00f3n opositora. En ella dieron a conocer los prop\u00f3sitos que los animan en un frente pol\u00edtico con vistas a las pr\u00f3ximas elecciones, para la formaci\u00f3n de una nueva mayor\u00eda parlamentaria.<\/p>\n<p class=\"MsoNormal\"><span> El documento consta de dos partes: una preambular y otra donde se vuelcan los objetivos que animan a sus autores. Seg\u00fan la segunda parte, la Uni\u00f3n para Cambiar se ha constituido para \u201cdefender la Constituci\u00f3n; los derechos humanos de los trabajadores, jubilados y todos los argentinos, la independencia del Poder Judicial, la libertad, el desarrollo econ\u00f3mico, la justicia social y el federalismo. Y para ponerle LIMITE en el 2013 al autoritarismo creciente del gobierno nacional&#8230;. e inicie la democracia del di\u00e1logo\u201d.<br \/>\nSus firmantes se proponen, asimismo, \u201caportar soluciones concretas que terminen con la inflaci\u00f3n, los injustos impuestos al trabajo y la producci\u00f3n, la violencia de la inseguridad y la precarizaci\u00f3n del empleo. Para dar a luz el federalismo econ\u00f3mico y la igualdad de oportunidades a todas las provincias argentinas con una nueva ley de coparticipaci\u00f3n federal de impuestos\u201d. Finalmente, anuncian su voluntad de \u201ccomenzar a construir una gran alternativa de gobierno en 2015, basada en el di\u00e1logo, el respeto, la convivencia; y en nuevas ideas. Para asumir la obligatoria necesidad de pol\u00edticas de Estado que excluyan de las disputas electorales los asuntos estrat\u00e9gicos para el futuro de la Patria\u201d.<br \/>\nEn la parte preambular del documento, donde se formulan cr\u00edticas a la gesti\u00f3n del actual gobierno, tambi\u00e9n se proponen cambios en la orientaci\u00f3n de la gesti\u00f3n pol\u00edtica del contexto externo de la Argentina. El punto de partida es \u201cla enorme oportunidad de progreso que el mundo le ofrece a nuestro pa\u00eds\u201d y el desconcierto que la realidad argentina de hoy genera en el mundo. \u00c9ste no puede creer \u201cque estemos rifando la oportunidad hist\u00f3rica que nos brinda la actual situaci\u00f3n internacional\u201d.<br \/>\nEn el documento se denuncia la concepci\u00f3n del actual gobierno, que proyecta err\u00f3neamente en el exterior su visi\u00f3n ideol\u00f3gica interna, pretendiendo llevarnos as\u00ed \u201chacia un eje internacional equivocado\u201d. \u201cArgentina \u2013prosigue\u2013 tiene que estar con las naciones que buscan el progreso, la paz, el orden y la justicia social en democracia y libertad\u201d.<br \/>\nAdem\u00e1s de las consideraciones precedentes, el documento afirma que la necesidad de \u201cconstruir una alianza estrat\u00e9gica con Brasil es el camino m\u00e1s inteligente y veloz para desarrollarnos como nunca antes. Y promover la uni\u00f3n con el resto de los pa\u00edses de la regi\u00f3n, para ser los principales proveedores de alimentos elaborados y biocombustibles del nuevo mapa de la demanda mundial\u201d.<br \/>\nPor \u00faltimo, menciona \u201cla necesidad de pol\u00edticas de Estado que excluyan de las disputas electorales los asuntos estrat\u00e9gicos para el futuro de la Patria\u201d.<br \/>\nLa iniciativa presentada denota una toma de conciencia sobre la importancia de generar un cambio en profundidad en la actual orientaci\u00f3n ideol\u00f3gica y la pol\u00edtica de enfrentamientos hasta ahora seguida, y su reorientaci\u00f3n hacia una pol\u00edtica exterior con perspectivas de consenso interno y continuidad como condici\u00f3n de su \u00e9xito. Al mismo tiempo, ratifica la importancia de una s\u00f3lida relaci\u00f3n bilateral con el Brasil y la regi\u00f3n a la que pertenecemos, en el marco de un modelo productivo congruente con nuestras posibilidades en la actual coyuntura externa.<br \/>\nSer\u00e1 interesante observar si estas propuestas logran la adhesi\u00f3n de dirigentes de otras banderas pol\u00edticas, o si al menos se da lugar a un di\u00e1logo que permita alcanzar nuevos consensos respecto del importante componente exterior de la pol\u00edtica argentina.<\/span><\/p>\n","protected":false},"excerpt":{"rendered":"<p>Dirigentes peronistas no kirchneristas recientemente integrados en la agrupaci\u00f3n \u201cUnidos para Cambiar\u201d plantearon como prioritario un cambio en la actual pol\u00edtica exterior de la Argentina.<\/p>\n","protected":false},"author":3,"featured_media":0,"comment_status":"open","ping_status":"open","sticky":false,"template":"","format":"standard","meta":{"_acf_changed":false,"_jetpack_newsletter_access":"","_jetpack_dont_email_post_to_subs":false,"_jetpack_newsletter_tier_id":0,"_jetpack_memberships_contains_paywalled_content":false,"_jetpack_memberships_contains_paid_content":false,"footnotes":""},"categories":[3],"tags":[148,175,189,1135],"class_list":["post-8398","post","type-post","status-publish","format-standard","hentry","category-politica-economia","tag-elecciones","tag-oposicion","tag-peronismo","tag-unidos-para-cambiar"],"acf":[],"jetpack_featured_media_url":"","jetpack_sharing_enabled":true,"jetpack_shortlink":"https:\/\/wp.me\/p6FC4i-2bs","_links":{"self":[{"href":"https:\/\/www.revistacriterio.com.ar\/bloginst_new\/index.php?rest_route=\/wp\/v2\/posts\/8398","targetHints":{"allow":["GET"]}}],"collection":[{"href":"https:\/\/www.revistacriterio.com.ar\/bloginst_new\/index.php?rest_route=\/wp\/v2\/posts"}],"about":[{"href":"https:\/\/www.revistacriterio.com.ar\/bloginst_new\/index.php?rest_route=\/wp\/v2\/types\/post"}],"author":[{"embeddable":true,"href":"https:\/\/www.revistacriterio.com.ar\/bloginst_new\/index.php?rest_route=\/wp\/v2\/users\/3"}],"replies":[{"embeddable":true,"href":"https:\/\/www.revistacriterio.com.ar\/bloginst_new\/index.php?rest_route=%2Fwp%2Fv2%2Fcomments&post=8398"}],"version-history":[{"count":0,"href":"https:\/\/www.revistacriterio.com.ar\/bloginst_new\/index.php?rest_route=\/wp\/v2\/posts\/8398\/revisions"}],"wp:attachment":[{"href":"https:\/\/www.revistacriterio.com.ar\/bloginst_new\/index.php?rest_route=%2Fwp%2Fv2%2Fmedia&parent=8398"}],"wp:term":[{"taxonomy":"category","embeddable":true,"href":"https:\/\/www.revistacriterio.com.ar\/bloginst_new\/index.php?rest_route=%2Fwp%2Fv2%2Fcategories&post=8398"},{"taxonomy":"post_tag","embeddable":true,"href":"https:\/\/www.revistacriterio.com.ar\/bloginst_new\/index.php?rest_route=%2Fwp%2Fv2%2Ftags&post=8398"}],"curies":[{"name":"wp","href":"https:\/\/api.w.org\/{rel}","templated":true}]}}