{"id":8422,"date":"2013-06-14T15:49:48","date_gmt":"2013-06-14T18:49:48","guid":{"rendered":"http:\/\/staging.winguweb.org\/2014\/revistacriterio\/bloginst\/?p=8422"},"modified":"2013-06-14T15:49:48","modified_gmt":"2013-06-14T18:49:48","slug":"maduro-y-el-futuro-de-venezuela","status":"publish","type":"post","link":"https:\/\/www.revistacriterio.com.ar\/bloginst_new\/?p=8422","title":{"rendered":"Maduro y el futuro de Venezuela"},"content":{"rendered":"<p class=\"MsoNormal\"><span><a href=\"http:\/\/staging.winguweb.org\/2014\/revistacriterio\/bloginst\/wp-content\/uploads\/2013\/06\/poirier-venezuela.jpg\"><img loading=\"lazy\" decoding=\"async\" class=\"alignleft size-thumbnail wp-image-8423\" title=\"poirier-venezuela\" src=\"https:\/\/staging.winguweb.org\/2014\/revistacriterio\/bloginst\/wp-content\/uploads\/2013\/06\/poirier-venezuela-120x120.jpg\" alt=\"poirier-venezuela\" width=\"120\" height=\"120\" \/><\/a>Impresiones de una reciente visita a Caracas en tiempos convulsionados.<!--more--><\/span><\/p>\n<p class=\"MsoNormal\"><a href=\"http:\/\/staging.winguweb.org\/2014\/revistacriterio\/bloginst\/wp-content\/uploads\/2013\/06\/poirier-venezuela-2.jpg\"><img loading=\"lazy\" decoding=\"async\" class=\"alignleft size-medium wp-image-8424\" title=\"poirier-venezuela-2\" src=\"https:\/\/staging.winguweb.org\/2014\/revistacriterio\/bloginst\/wp-content\/uploads\/2013\/06\/poirier-venezuela-2-300x225.jpg\" alt=\"poirier-venezuela-2\" width=\"300\" height=\"225\" \/><\/a>Visitar por unos d\u00edas la ciudad de Caracas, tal como me sucedi\u00f3 a principios de mayo, significa encontrarse con la enorme tensi\u00f3n que origin\u00f3 el dudoso resultado de las elecciones que llevaron a Nicol\u00e1s Maduro a ocupar la presidencia y a negarse a todo posible recuento de votos. Impresionan la censura oficialista a la prensa y el atropello del gobierno sobre la oposici\u00f3n: cuando estaba anunciado que hablar\u00eda el l\u00edder Henrique Capriles por un canal de televisi\u00f3n, se anticip\u00f3 Maduro en cadena, mientras en la ciudad se o\u00edan millares de cacerolas y bocinas que protestaron durante toda una hora contra el gesto del nuevo presidente.<\/p>\n<p class=\"MsoNormal\"><span>Llegu\u00e9 al aeropuerto de Caracas el 1\u00b0 de mayo, al d\u00eda siguiente del vergonzoso ataque a los legisladores opositores por parte de los chavistas en el recinto de la Asamblea Nacional. Desde el aeropuerto, junto al mar, el camino a Caracas sube entre las laderas de las monta\u00f1as hasta los 800 metros. A un lado y otro se extienden las infinitas villas miseria, algunas pintadas por el gobierno con vivos colores. <\/span><\/p>\n<p class=\"MsoNormal\"><span>Hubo ese d\u00eda manifestaciones y ausencia de noticias en los medios oficialistas, que son casi todos. El discurso de Maduro fue de una pobreza conceptual y de una violencia llamativas. Y ahora enfrenta tambi\u00e9n profundas desinteligencias dentro del oficialismo. Todo parece ocuparlo una ret\u00f3rica carente de conceptos, con un abuso de acusaciones que se repiten sin ton ni son, tales como \u201cfascistas\u201d, \u201cburgueses\u201d, \u201ccapitalistas\u201d, \u201cantipatriotas\u201d\u2026 En efecto, en la famosa \u201cesquina caliente\u201d donde se manifiestan los pro Ch\u00e1vez, frente a la hermosa plaza central, una mujer primero y un hombre despu\u00e9s descalificaban a todo opositor tild\u00e1ndolos de enemigos de la revoluci\u00f3n. Afirmaban que ellos \u201ctienen mucho amor\u201d y que defienden a capa y espada \u201cel proceso revolucionario\u201d. Siempre aparece alguna oportuna cita de Sim\u00f3n Bol\u00edvar. En las calles, infinitas fotos de Hugo Ch\u00e1vez y de Nicol\u00e1s Maduro van acompa\u00f1adas por leyendas: \u201cDe tus manos brota lluvia de vida. \u00a1Te amamos!\u201d o \u201cMaduro, desde mi coraz\u00f3n\u201d o \u201cCh\u00e1vez, te lo juro: mi voto es pa\u2019 Maduro\u201d. <\/span><\/p>\n<p class=\"MsoNormal\"><span>La inseguridad es la m\u00e1s alta del continente: hubo 120 mil muertos en atracos y raptos en los \u00faltimos diez a\u00f1os. Hay desabastecimiento, faltan aceite, harina, az\u00facar, detergente para la vajilla y papel higi\u00e9nico\u2026 En un restaurante del imponente Monte \u00c1vila, desde donde se domina toda la ciudad,\u00a0 se disculp\u00f3 el mozo porque \u201cpor falta de insumos no hay cocina\u201d. Reci\u00e9n al d\u00eda siguiente prob\u00e9 en el desayuno las famosas arepas fritas de harina de ma\u00edz.<\/span><\/p>\n<p class=\"MsoNormal\"><span>En la catedral est\u00e1n enterrados los padres de quien so\u00f1\u00f3 la Gran Colombia, una de las familias m\u00e1s aristocr\u00e1ticas y ricas de su tiempo. <\/span><span lang=\"ES\">Sim\u00f3n Jos\u00e9 Antonio de la Sant\u00edsima Trinidad Bol\u00edvar y Palacios Ponte y Blanco, nacido en Caracas el 24 de julio de 1783,\u00a0 sufri\u00f3 la temprana muerte de sus padres y fue educado por t\u00edos. Muy joven se cas\u00f3 en Madrid con una dama espa\u00f1ola, que muri\u00f3 un a\u00f1o despu\u00e9s en Venezuela. Bol\u00edvar sent\u00eda admiraci\u00f3n por Napole\u00f3n, el emperador de Europa, y so\u00f1aba algo an\u00e1logo para Am\u00e9rica del Sur. Vale la pena leer al respecto la novela de Gabriel Garc\u00eda M\u00e1rquez <em>El general en su laberinto<\/em>. Fue Bol\u00edvar quien, en septiembre de 1815, escribi\u00f3 desde Jamaica: \u201cHe arado en el mar y he sembrado en el viento\u201d.<\/span><\/p>\n<p class=\"MsoNormal\"><span lang=\"ES\">Fui a la catedral antes de visitar el Museo Hist\u00f3rico, y pude conocer la popular escultura\u00a0 del Nazareno con su t\u00fanica de terciopelo morado bordado con oro, <em>La \u00faltima cena inconclusa<\/em>,<em> <\/em>de Arturo Michelena, en la capilla de los cardenales. Y, m\u00e1s tarde, el monumento a Sim\u00f3n Bol\u00edvar con esa frase suya pronunciada despu\u00e9s de un terremoto, que le encantaba a Ch\u00e1vez: \u201cSi se opone la naturaleza, lucharemos contra ella y haremos que nos obedezca\u201d. <\/span><\/p>\n<p class=\"MsoNormal\"><span>El hombre fuerte, que est\u00e1 detr\u00e1s de Maduro y es el referente de las Fuerzas Armadas, responde al nombre de Diosdado Cabello. El programa de gobierno, seg\u00fan se dice en los corredores, surge de Cuba. Nadie ignora que Ch\u00e1vez admiraba sin reparos a Fidel Castro y que Maduro se form\u00f3 pol\u00edticamente en La Habana. Venezuela (que tiene casi 20 millones de habitantes, de los cuales ocho radicados en la capital) est\u00e1 dividido en dos mitades irreconciliables. El d\u00f3lar oficial se cotiza a 6.30 bol\u00edvares; en el cambio paralelo, a 23. La nafta es regalada: cuesta m\u00e1s una botellita de agua que llenar de combustible el tanque del autom\u00f3vil. El tr\u00e1nsito de Caracas es endiablado; el subterr\u00e1neo, en cambio, muy bueno aunque siempre atestado de gente. El plato t\u00edpico es el \u201cpabell\u00f3n criollo\u201d, con carne mechada y pl\u00e1tanos fritos. Se oyen todav\u00eda las canciones del m\u00edtico Sim\u00f3n D\u00edaz. Las melod\u00edas caribe\u00f1as o llaneras est\u00e1n siempre presentes. La Virgen de Coromoto es la gran protectora de los humildes. <\/span><\/p>\n<p class=\"MsoNormal\"><span>Muchos j\u00f3venes, sobre todo los universitarios, se demuestran contrarios a Maduro, por la falta de libertades y de futuro. El actual presidente es seguidor de Sai Baba; su predecesor lo era de los ritos afro-americanos. <\/span><\/p>\n<p class=\"MsoNormal\"><span>En los taxis hay que acordar el precio antes de emprender el viaje. Se pueden gustar los helados cubanos de fresa y chocolate en Copelia. Cuba env\u00eda adem\u00e1s m\u00e9dicos, cuya preparaci\u00f3n no convence a los profesionales venezolanos, y reparten medicamentos gen\u00e9ricos de industria desconocida. Uno tiene siempre la impresi\u00f3n de estar en un pa\u00eds militarizado, pero cuya delincuencia no s\u00f3lo no desciende sino que crece.<\/span><\/p>\n<p class=\"MsoNormal\"><span>En la conferencia que di sobre Francisco, el primer Papa latinoamericano, tuve ocasi\u00f3n de conocer personas de diferentes realidades eclesiales, j\u00f3venes y adultos, religiosos y laicos. La entrevista que me concedi\u00f3 el nuncio apost\u00f3lico, monse\u00f1or Pietro Parolin, me sirvi\u00f3 de mucho para entender algunas situaciones y, sobre todo, la compleja y tirante relaci\u00f3n del Gobierno y la Iglesia.<\/span><\/p>\n<p class=\"MsoNormal\"><span>Venezuela es un pa\u00eds potencialmente rico: tiene much\u00edsimo petr\u00f3leo, gas, minerales. Pero carece de industrias y debe importar todo tipo de productos. M\u00e1s de la mitad de los puestos de trabajo son estatales.<\/span><\/p>\n<p class=\"MsoNormal\"><span>Frente al hermoso Museo de Bellas Artes (con obras de Juan Gris, Georges Braque, Pablo Picasso, Diego Rivera, Marcel Duchamp, Fernand Leger, Umberto Boccioni, Emilio Pettoruti, Kasimir Malevich y Piet Mondrian o Alejandro Otero, entre otros) visit\u00e9 el de Ciencias, donde me ofrecieron estampas de Ch\u00e1vez con frases alusivas a la cultura y al desarrollo cient\u00edfico revolucionarios. Por la calle se interpretan escenas de teatro popular en contra de la colonia y en favor de la libertad del pueblo.<\/span><\/p>\n<p class=\"MsoNormal\"><span>En la Feria del Libro, en la Plaza Francia, la mayor parte del material expuesto, que no era poco, se demostraba favorable a la oposici\u00f3n. Pude, sin embargo, comprar algunos vol\u00famenes subsidiados por el chavismo, muy econ\u00f3micos y de apoyo al relato del r\u00e9gimen.<\/span><\/p>\n","protected":false},"excerpt":{"rendered":"<p>Impresiones de una reciente visita a Caracas en tiempos convulsionados.<\/p>\n","protected":false},"author":3,"featured_media":0,"comment_status":"open","ping_status":"open","sticky":false,"template":"","format":"standard","meta":{"_acf_changed":false,"_jetpack_newsletter_access":"","_jetpack_dont_email_post_to_subs":false,"_jetpack_newsletter_tier_id":0,"_jetpack_memberships_contains_paywalled_content":false,"_jetpack_memberships_contains_paid_content":false,"footnotes":""},"categories":[3,5],"tags":[1086,333,120,1146,334],"class_list":["post-8422","post","type-post","status-publish","format-standard","hentry","category-politica-economia","category-sociedad","tag-capriles","tag-chavez","tag-democracia","tag-madero","tag-venezuela"],"acf":[],"jetpack_featured_media_url":"","jetpack_sharing_enabled":true,"jetpack_shortlink":"https:\/\/wp.me\/p6FC4i-2bQ","_links":{"self":[{"href":"https:\/\/www.revistacriterio.com.ar\/bloginst_new\/index.php?rest_route=\/wp\/v2\/posts\/8422","targetHints":{"allow":["GET"]}}],"collection":[{"href":"https:\/\/www.revistacriterio.com.ar\/bloginst_new\/index.php?rest_route=\/wp\/v2\/posts"}],"about":[{"href":"https:\/\/www.revistacriterio.com.ar\/bloginst_new\/index.php?rest_route=\/wp\/v2\/types\/post"}],"author":[{"embeddable":true,"href":"https:\/\/www.revistacriterio.com.ar\/bloginst_new\/index.php?rest_route=\/wp\/v2\/users\/3"}],"replies":[{"embeddable":true,"href":"https:\/\/www.revistacriterio.com.ar\/bloginst_new\/index.php?rest_route=%2Fwp%2Fv2%2Fcomments&post=8422"}],"version-history":[{"count":0,"href":"https:\/\/www.revistacriterio.com.ar\/bloginst_new\/index.php?rest_route=\/wp\/v2\/posts\/8422\/revisions"}],"wp:attachment":[{"href":"https:\/\/www.revistacriterio.com.ar\/bloginst_new\/index.php?rest_route=%2Fwp%2Fv2%2Fmedia&parent=8422"}],"wp:term":[{"taxonomy":"category","embeddable":true,"href":"https:\/\/www.revistacriterio.com.ar\/bloginst_new\/index.php?rest_route=%2Fwp%2Fv2%2Fcategories&post=8422"},{"taxonomy":"post_tag","embeddable":true,"href":"https:\/\/www.revistacriterio.com.ar\/bloginst_new\/index.php?rest_route=%2Fwp%2Fv2%2Ftags&post=8422"}],"curies":[{"name":"wp","href":"https:\/\/api.w.org\/{rel}","templated":true}]}}