{"id":8683,"date":"2013-08-10T12:30:11","date_gmt":"2013-08-10T15:30:11","guid":{"rendered":"http:\/\/staging.winguweb.org\/2014\/revistacriterio\/bloginst\/?p=8683"},"modified":"2013-08-10T12:30:11","modified_gmt":"2013-08-10T15:30:11","slug":"las-huelgas-contra-peron","status":"publish","type":"post","link":"https:\/\/www.revistacriterio.com.ar\/bloginst_new\/?p=8683","title":{"rendered":"Las huelgas contra Per\u00f3n"},"content":{"rendered":"<p class=\"MsoNormal\" align=\"left\"><span lang=\"ES\"><a href=\"http:\/\/staging.winguweb.org\/2014\/revistacriterio\/bloginst\/wp-content\/uploads\/2013\/08\/peron.jpg\"><img loading=\"lazy\" decoding=\"async\" class=\"alignright size-thumbnail wp-image-8684\" title=\"peron\" src=\"https:\/\/staging.winguweb.org\/2014\/revistacriterio\/bloginst\/wp-content\/uploads\/2013\/08\/peron-120x120.jpg\" alt=\"peron\" width=\"120\" height=\"120\" \/><\/a>El autor no s\u00f3lo sostiene que las huelgas existieron sino que fueron declaradas ilegales, tuvieron cesantes y varios dirigentes gremiales quedaron detenidos.<!--more--><\/span><\/p>\n<p class=\"MsoNormal\" align=\"left\">Es frecuente escuchar de los viejos dirigentes sindicales\u00a0 que \u201ca Per\u00f3n no le hac\u00edan huelgas porque les daba todo lo que ped\u00edan\u201d. Pero esta es una frase. S\u00f3lo una frase, no es la verdad. Lo cierto es que Per\u00f3n pens\u00f3 siempre en t\u00e9rminos militares, nunca con mentalidad civil. Primero porque no lo era y segundo porque toda su formaci\u00f3n estuvo signada por el ej\u00e9rcito. As\u00ed fue como pudo decir en 1944, desde la Secretar\u00eda de Trabajo y Previsi\u00f3n, que \u201cel mejor sindicato, el mejor gremio organizado somos nosotros, los soldados, y les aconsejo en este sentido para que puedan conseguir la cohesi\u00f3n y la fuerza que hemos obtenido nosotros\u201d. Les ped\u00eda que formaran un sistema vertical de subordinaci\u00f3n. Se trataba de modificar los cuadros sindicales para establecer una organizaci\u00f3n piramidal y colocar en la c\u00faspide a uno de los hombres de m\u00e1s confianza. Esto se hab\u00eda experimentado en Italia y se lo llam\u00f3 fascismo. All\u00e1 el hombre de confianza era Benito Mussolini, quien defini\u00f3 el modelo en <em>El esp\u00edritu de la revoluci\u00f3n fascista<\/em> (Ltterae Sociedad Editorial Americana, 1941).<\/p>\n<p class=\"MsoNormal\" align=\"left\"><span lang=\"ES\">Los gremios de la carne, municipales, bancarios, de seguros, gr\u00e1ficos y ferroviarios hicieron paros entre 1946 y 1951 que fueron declarados ilegales y reprimidos por el primer peronismo. No contaban con el apoyo de la CGT, en manos de subordinados al gobierno, y los l\u00edderes huelguistas fueron a parar todos a la c\u00e1rcel. Las huelgas eran ilegales, no formaban parte de los famosos Derechos del Trabajador, que se incorporaron a las nueva Constituci\u00f3n en 1949.<\/span><\/p>\n<p class=\"MsoNormal\" align=\"left\"><strong><span lang=\"ES\">El gremio de la carne<\/span><\/strong><\/p>\n<p class=\"MsoNormal\" align=\"left\"><span lang=\"ES\">El 24 de octubre de 1946 un diputado peronista, Cipriano Reyes \u2013que proven\u00eda del Sindicato\u00a0 Aut\u00f3nomo de la Carne\u2013, acaudillaba a la multitud de trabajadores de ese gremio instalados en las escalinatas del Congreso de la Naci\u00f3n a la espera de que la C\u00e1mara de Diputados sancionara una ley ya aprobada en marzo por el Senado, que los beneficiaba.<\/span><\/p>\n<p class=\"MsoNormal\" align=\"left\"><span lang=\"ES\">Con un meg\u00e1fono, desde un ventanal del edificio, se les pidi\u00f3 tranquilidad. Rato despu\u00e9s fue el presidente de la c\u00e1mara, Ricardo C\u00e9sar Guardo, quien los pacific\u00f3, al decirles que una comisi\u00f3n se encargar\u00eda de estudiar \u00fanicamente el problema de los obreros de la carne. \u201cLa integran los diputados peronistas Rumbo, Montiel, Arga\u00f1a, Rouggier y Albrieu\u201d, les dijo para conformarlos. Pero no lo logr\u00f3: \u201c\u00a1Queremos all\u00ed al diputado Reyes!\u201d, bramaron los obreros de Berisso, Z\u00e1rate, Avellaneda y Rosario que hab\u00edan acompa\u00f1ado a la delegaci\u00f3n obrera. Cipriano encar\u00f3 a la comisi\u00f3n: \u201cHay que apurar esto. La gente no se va quedar aqu\u00ed hasta las doce de la noche esperando que se apruebe la ley. Son varios miles los que vinieron desde Berisso\u201d. <\/span><\/p>\n<p class=\"MsoNormal\" align=\"left\"><span lang=\"ES\">De pronto se levant\u00f3 la sesi\u00f3n. Los huelguistas vieron arriar la bandera y la emprendieron a botellazos contra el edificio. La polic\u00eda intent\u00f3 poner orden, pero tambi\u00e9n fue alcanzada por los proyectiles. Hubo una docena de obreros y cinco polic\u00edas heridos. Todos se iban desilusionados en los trenes que los devolv\u00edan a sus hogares. \u00bfHab\u00eda que empezar de nuevo?<\/span><\/p>\n<p class=\"MsoNormal\" align=\"left\"><strong><span lang=\"ES\">Los municipales y la basura<\/span><\/strong><\/p>\n<p class=\"MsoNormal\" align=\"left\"><span lang=\"ES\">La inc\u00f3gnita comenzar\u00eda a brotar tambi\u00e9n entre los obreros municipales, al a\u00f1o siguiente, con motivo de un reclamo de mejoras salariales, iniciado en los corralones de la Boca y Barracas. En la ma\u00f1ana del 29 de mayo de 1947 una caravana de carros basureros y chatas municipales invadi\u00f3 el centro de la Capital y se detuvo frente a la Direcci\u00f3n de Limpieza, en Libertad 560. Por boca del delegado, Miguel Pizzi, las autoridades comunales supieron de que se trataba: \u201c\u00a1Con seis pesos diarios no se puede vivir, por eso pedimos un sueldo m\u00ednimo de 250, m\u00e1s el salario familiar y la bonificaci\u00f3n por hijos!\u201d, vocifer\u00f3, trepado a uno de los carros. Se sab\u00eda que en la Intendencia se hab\u00edan aumentado los sueldos de 1.800 a 3.000 pesos y que hab\u00eda dos huelguistas presos. Al d\u00eda siguiente el paro se extendi\u00f3 a todo el gremio y las calles se inundaron de basura sin recoger, cuando el clima \u2013poco invernal\u2013 elevaba la temperatura a 26 grados y la humedad al 90 por ciento.<\/span><\/p>\n<p class=\"MsoNormal\" align=\"left\"><span lang=\"ES\">\u201c\u00a1Esto hay que arreglarlo enseguida, estamos entre inmundicias!\u201d, le reclam\u00f3 Per\u00f3n al intendente Emilio Siri. \u201c\u00a1Pero si el sindicato no apoya la huelga! \u00bfCon quien voy a hablar?\u201d, le respondi\u00f3.<\/span><\/p>\n<p class=\"MsoNormal\" align=\"left\"><span lang=\"ES\">El sindicato, intervenido por el gobierno desde 1944, hab\u00eda desconocido el paro. Este era espont\u00e1neo, fuera de los c\u00e1lculos sindicales. La reacci\u00f3n oficial no se hizo esperar y fue el Director de Trabajo y Acci\u00f3n Social Directa, Hugo A. Mercante, quien declar\u00f3 ilegal la huelga.<\/span><\/p>\n<p class=\"MsoNormal\" align=\"left\"><span lang=\"ES\">A pesar de las amenazas de exoneraci\u00f3n, el ausentismo segu\u00eda\u00a0 siendo total en la Direcci\u00f3n de Limpieza. Las sanciones dejaron en la calle a 2.038 trabajadores y hubo detenidos por incitar a la medida de fuerza. El m\u00e1s activo era el dirigente socialista Francisco P\u00e9rez Leir\u00f3s, a quien el interventor Alberto Forcada hab\u00eda desalojado, tres a\u00f1os antes, de la Secretar\u00eda General de la Uni\u00f3n Obreros y Empleados Municipales.<\/span><\/p>\n<p class=\"MsoNormal\" align=\"left\"><span lang=\"ES\">La huelga termin\u00f3 el 7 de junio, con un triunfo parcial de las autoridades municipales (parte de las demandas gremiales fueron satisfechas, a pesar de la ilegalidad del paro) y la reincorporaci\u00f3n de los cesantes.<\/span><\/p>\n<p class=\"MsoNormal\" align=\"left\"><strong><span lang=\"ES\">Los bancarios de paro<\/span><\/strong><\/p>\n<p class=\"MsoNormal\" align=\"left\"><span lang=\"ES\">El 17 de octubre de 1947, cuatro meses despu\u00e9s de la huelga municipal, el congreso de la CGT resolv\u00eda que s\u00f3lo ser\u00edan apoyadas aquellas huelgas que \u201ccontaran con el aval del Presidente\u201d. Las quejas por los paros ilegales no se trataron y quedaron diluidas en los corrillos de la gran asamblea. Esto oblig\u00f3 a los gremios a idear organismos paralelos que presionaran sobre los sindicatos adheridos a la CGT. Los bancarios, por ejemplo, crearon una comisi\u00f3n pro reforma del escalaf\u00f3n para gestionar ante la Asociaci\u00f3n Bancaria las mejoras necesarias. <\/span><\/p>\n<p class=\"MsoNormal\" align=\"left\"><span lang=\"ES\">Los empleados de banco conformaron siempre un gremio de clase media, pero reci\u00e9n se hicieron o\u00edr en marzo del a\u00f1o siguiente. Para ello debieron organizar una manifestaci\u00f3n frente a la Secretar\u00eda de Trabajo y recorrer las calles c\u00e9ntricas, hasta que la polic\u00eda montada decidi\u00f3 correrlos a sablazos. Como la Bancaria no hac\u00eda nada, los miembros de la comisi\u00f3n paralela apelaron al reclamo de una asamblea extraordinaria del gremio. Los dirigentes renunciaron entonces a sus cargos y abrieron as\u00ed las puertas a la intervenci\u00f3n, un recurso oficial para dominar el sindicato legalmente. Los interventores fueron Manuel P. Varela y Jos\u00e9 Boede, pero el gremio no les respond\u00eda; apoyaba al otro organismo, \u00a0donde estaban los huelguistas. El l\u00edder de \u00e9stos era el socialista Haroldo Costa, delegado del Banco Espa\u00f1ol, quien reclamaba un sueldo b\u00e1sico de 400 pesos y de 1.000 para quienes cumpl\u00edan 25 a\u00f1os de servicio. Esto comprometi\u00f3 a todos, incluyendo a los peronistas, debido a la inoperancia de la Bancaria, el sindicato cegetista. Las cosas empeoraron cuando Evita les neg\u00f3 una entrevista y se envi\u00f3, en cambio, \u00a0un escuadr\u00f3n de la polic\u00eda que volvi\u00f3 a cargar sobre ellos. <\/span><\/p>\n<p class=\"MsoNormal\" align=\"left\"><span lang=\"ES\">La situaci\u00f3n deriv\u00f3 en un paro de brazos ca\u00eddos, el 23 de marzo, y hubo una negativa a acatar intimaciones, como la del presidente del Banco Provincia, Arturo Jauretche, quien los conmin\u00f3 a \u201ctrabajar o abandonar la casa en diez minutos\u201d (all\u00ed, en San Mart\u00edn 137, se hab\u00edan dado cita todos los huelguistas). Trabajo y Previsi\u00f3n anunci\u00f3 que se declaraba ilegal el movimiento de huelga en los bancos, \u00a0intim\u00f3 al personal a reanudar sus tareas y traslad\u00f3 a la Polic\u00eda Federal la responsabilidad de \u201cgarantizar la libertad de trabajo\u201d. Pero la huelga se extendi\u00f3 a\u00fan m\u00e1s: se adhirieron los empleados del IAPI, la Caja de Ahorros, el Banco Municipal y el Instituto de Inversiones Inmobiliarias. El paro contagi\u00f3 a la Asociaci\u00f3n de Empleados de Compa\u00f1\u00edas de Seguros, Reaseguros, Capitalizaci\u00f3n y Ahorros. <\/span><\/p>\n<p class=\"MsoNormal\" align=\"left\"><span lang=\"ES\">En definitiva: ganaron la huelga, les pagaron lo que ped\u00edan, tambi\u00e9n los d\u00edas no trabajados, y se reincorporaron todos los cesantes. Dos a\u00f1os despu\u00e9s, en julio de 1950, los bancarios hicieron un movimiento para obtener un reajuste de salarios y la normalizaci\u00f3n de la Bancaria. Costa areng\u00f3 otra vez al gremio y un d\u00eda despu\u00e9s la polic\u00eda lo secuestr\u00f3 junto con el delegado Miguel Alabau. Los bancos Espa\u00f1ol, Italia y Franc\u00e9s se paralizaron en defensa de quienes estuvieron cuatro d\u00edas detenidos, hasta que fueron liberados el 6 de julio. Bajaron de un celular en el Espa\u00f1ol, donde el gerente los pase\u00f3 por todas las secciones para convencer al personal de que estaban libres, sin pensar que sus rostros \u2013barbudos y somnolientos\u2013 iban a despertar una ovaci\u00f3n entre los empleados. Los huelguistas se organizaron entonces en el Movimiento Popular Bancario, paralelo a la Asociaci\u00f3n.<\/span><\/p>\n<p class=\"MsoNormal\" align=\"left\"><span lang=\"ES\">El 1 de agosto hubo otra huelga, tambi\u00e9n declarada ilegal, que se cobr\u00f3 nuevas v\u00edctimas: fueron exonerados todos los delegados del Hipotecario y 80 empleados del Banco Industrial. \u201cLa polic\u00eda nos detuvo veinte d\u00edas en Villa Devoto, lo suficiente como para debilitar al Movimiento Popular. La huelga se quebr\u00f3 cuando las cesant\u00edas llegaron a dos mil empleados\u201d, recordar\u00eda Haroldo Costa.<\/span><\/p>\n<p class=\"MsoNormal\" align=\"left\"><strong><span lang=\"ES\">Los gr\u00e1ficos sin diarios<\/span><\/strong><\/p>\n<p class=\"MsoNormal\" align=\"left\"><span lang=\"ES\">El gremio gr\u00e1fico corri\u00f3 tambi\u00e9n similar suerte en marzo de 1949, durante la huelga que paraliz\u00f3 los talleres y silenci\u00f3 los diarios durante treinta d\u00edas. El gobierno se hab\u00eda convertido en empresario y regenteaba el grupo que formaba la cadena de medios adictos, aunque con escasa generosidad patronal. Los sueldos de los peones eran muy bajos y el conflicto estall\u00f3 en una asamblea de la Gr\u00e1fica, realizada en la Federaci\u00f3n de Box. En las elecciones del gremio la lista peronista acababa de ganar al grupo tradicional que acaudillaba Riego Ribas (radical), y se pretend\u00eda forzar la aprobaci\u00f3n del convenio con una vieja treta: someterlo a votaci\u00f3n por signos y, sin contar las manos levantadas, declarar \u201cevidente mayor\u00eda\u201d aunque fuese una ostensible minor\u00eda. Ese fue el momento desencadenante, pues a nadie escapaba que las flamantes autoridades de la Federaci\u00f3n Gr\u00e1fica defend\u00edan los intereses empresarios por lealtad pol\u00edtica, contra la voluntad de los delegados gremiales.<\/span><\/p>\n<p class=\"MsoNormal\" align=\"left\"><span lang=\"ES\">Sin contar con el sindicato cegetista se form\u00f3 un comit\u00e9 de huelga con los delegados de los principales talleres. Empezaron con paros parciales y como llovieron las cesant\u00edas, se declar\u00f3 la huelga general. Los acaudillaba Radam\u00e9s Augusto Grano (socialista), quien llevaba la voz cantante de los huelguistas. El paro detuvo la salida de los diarios <em>La Raz\u00f3n<\/em>, <em>Cr\u00edtica, Noticias Gr\u00e1ficas, Democracia, El l\u00edder y El Laborista<\/em>; la excepci\u00f3n fue <em>El Mundo<\/em>, de Editorial Haynes, donde el gobierno oblig\u00f3 a trabajar a los presidiarios que sab\u00edan manejar las linotipos.<\/span><\/p>\n<p class=\"MsoNormal\" align=\"left\"><span lang=\"ES\">Por haber sido superados, renunciaron todos los cegetistas y facilitaron la intervenci\u00f3n de la Gr\u00e1fica, en donde se nombr\u00f3 a Cecilio Conditi con plenos poderes. Pero con la ilegalidad, decretada por la Secretar\u00eda de Trabajo, los gr\u00e1ficos detenidos llegaron a sumar 312 y eso los endureci\u00f3 todav\u00eda m\u00e1s. Grano recordar\u00eda que \u201cse pudieron soportar treinta d\u00edas, hasta que trajeron carneros de Chile y Uruguay a trabajar en los talleres\u201d.<\/span><\/p>\n<p class=\"MsoNormal\" align=\"left\"><span lang=\"ES\">Quienes no acataban las directivas del gobierno estaban condenados a un destino inevitable, que comenzaba con la declaraci\u00f3n de ilegalidad y terminaba con las cesant\u00edas masivas. Fue un camino que tambi\u00e9n recorrieron los trabajadores textiles, metal\u00fargicos, telef\u00f3nicos, plomeros, navales, portuarios, mar\u00edtimos, papeleros, azucareros y los obreros de las construcci\u00f3n.<\/span><\/p>\n<p class=\"MsoNormal\" align=\"left\"><span lang=\"ES\">\u201cDurante el peronismo en ascenso, tan s\u00f3lo en la Capital Federal hubo 387 huelgas, que involucraron a 951.624 obreros y empleados\u201d, dice Jorge Correa, en <em>Los jerarcas sindicales<\/em> (Editorial Obrador, 1972); datos que deber\u00edan conocer quienes hoy exaltan el liderazgo de Per\u00f3n.<\/span><\/p>\n<p class=\"MsoNormal\" align=\"left\"><strong><span lang=\"ES\">Los ferroviarios movilizados<\/span><\/strong><\/p>\n<p class=\"MsoNormal\" align=\"left\"><span lang=\"ES\">Tambi\u00e9n los ferroviarios iniciaron un paro a principios de 1951, estimulados por su tradici\u00f3n socialista. Como la Uni\u00f3n Ferroviaria (cegetista) estaba paralizada, el gremio no la reconoc\u00eda y se cre\u00f3 la Junta Consultiva de Emergencia, que denunci\u00f3 una prohibici\u00f3n a los se\u00f1aleros de reunirse libremente en Temperley. La Junta convoc\u00f3 a los obreros a expresar su\u00a0 repudio a la intervenci\u00f3n frente al local de la Uni\u00f3n Ferroviaria, en Independencia 2880. \u201cEl resultado fue una tremenda represi\u00f3n policial, que disolvi\u00f3 la reuni\u00f3n a los sablazos\u201d, recordar\u00eda Antonio Scipione, ex presidente de la Ferroviaria y miembro de la Junta Consultiva.<\/span><\/p>\n<p class=\"MsoNormal\" align=\"left\"><span lang=\"ES\">A principios de 1951 Evita anduvo recorriendo los talleres ferroviarios para pedir a los obreros que carnerearan: \u201c\u00bfY ustedes, por qu\u00e9 est\u00e1n en huelga?\u201d, les pregunt\u00f3; y le contestaron: \u201c\u00bfSabe qu\u00e9 pasa, se\u00f1ora? Que cerraron los locales de la Uni\u00f3n Ferroviaria. Y eso, la verdad, est\u00e1 mal. Usted no se enoje, pero est\u00e1 mal\u2026\u201d. <\/span><\/p>\n<p class=\"MsoNormal\" align=\"left\"><span lang=\"ES\">El 23 de enero se declar\u00f3 la ilegalidad del paro y fueron cesanteados los 40 miembros de la Junta. Al otro d\u00eda, Per\u00f3n convoc\u00f3 a los dirigentes cegetistas y les anunci\u00f3 la inmediata movilizaci\u00f3n militar de los ferroviarios: \u201cEsos ingratos \u2013dijo\u2013 que nos pagan con una huelga inconsulta\u201d. Cuando reuni\u00f3 a los cegetistas en la Casa Rosada, advirti\u00f3: \u201cLes voy a aplicar la ley. Voy a decretar la movilizaci\u00f3n militar. El que vaya a trabajar estar\u00e1 movilizado; y el que no vaya ser\u00e1 procesado e ir\u00e1 a los cuarteles para ser juzgado por la justicia militar, de acuerdo con el c\u00f3digo de justicia militar\u201d. <\/span><\/p>\n<p class=\"MsoNormal\" align=\"left\"><span lang=\"ES\">Una de sus m\u00e1s conocidas definiciones dec\u00eda: \u201cDentro de la ley todo, fuera de la ley nada\u201d. \u00bfPero cu\u00e1l ley? \u00bfLa ley militar? Aplicada, adem\u00e1s, por un decreto posterior que no proven\u00eda del Congreso de la Naci\u00f3n. Fue por eso que Per\u00f3n les pidi\u00f3 a todos los cegetistas \u201cautorizaci\u00f3n para tomar las medidas que correspondan, a fin de poner en su lugar a radicales, comunistas, anarquistas y socialistas que est\u00e1n actuando\u201d. Y anticip\u00f3: \u201cLes he de aplicar la ley a esos se\u00f1ores; he de entregarlos a la justicia federal, acus\u00e1ndolos de violar la ley de seguridad del Estado, para que se entiendan con los jueces que son los que van a juzgar, ya que yo no estoy para eso\u201d. <\/span><\/p>\n<p class=\"MsoNormal\" align=\"left\"><span lang=\"ES\">Esa misma noche comenz\u00f3 la movilizaci\u00f3n militar y el paro se levant\u00f3. Las c\u00e1rceles se poblaron de centenares de huelguistas y 2 mil se quedaron sin trabajo. La lista completa de cesantes se public\u00f3 en <em>Democracia<\/em> (diario oficialista) el 25 de enero de 1951.<\/span><\/p>\n<p class=\"MsoNormal\" align=\"left\"><span lang=\"ES\">Como se ve, no es cierto que no hubiera huelgas contra el gobierno de Per\u00f3n. Las hubo, se las declar\u00f3 ilegales; tuvieron cesantes y sus dirigentes fueron a parar a Villa Devoto.<\/span><\/p>\n","protected":false},"excerpt":{"rendered":"<p>El autor no s\u00f3lo sostiene que las huelgas existieron sino que fueron declaradas ilegales, tuvieron cesantes y varios dirigentes gremiales quedaron detenidos.<\/p>\n","protected":false},"author":3,"featured_media":0,"comment_status":"open","ping_status":"open","sticky":false,"template":"","format":"standard","meta":{"_acf_changed":false,"_jetpack_newsletter_access":"","_jetpack_dont_email_post_to_subs":false,"_jetpack_newsletter_tier_id":0,"_jetpack_memberships_contains_paywalled_content":false,"_jetpack_memberships_contains_paid_content":false,"footnotes":""},"categories":[3,5],"tags":[1241,1242,1243,1244,1245,341,764],"class_list":["post-8683","post","type-post","status-publish","format-standard","hentry","category-politica-economia","category-sociedad","tag-amenazas","tag-gremios","tag-huelgas","tag-ilegalidad","tag-paro","tag-peron","tag-victimas"],"acf":[],"jetpack_featured_media_url":"","jetpack_sharing_enabled":true,"jetpack_shortlink":"https:\/\/wp.me\/p6FC4i-2g3","_links":{"self":[{"href":"https:\/\/www.revistacriterio.com.ar\/bloginst_new\/index.php?rest_route=\/wp\/v2\/posts\/8683","targetHints":{"allow":["GET"]}}],"collection":[{"href":"https:\/\/www.revistacriterio.com.ar\/bloginst_new\/index.php?rest_route=\/wp\/v2\/posts"}],"about":[{"href":"https:\/\/www.revistacriterio.com.ar\/bloginst_new\/index.php?rest_route=\/wp\/v2\/types\/post"}],"author":[{"embeddable":true,"href":"https:\/\/www.revistacriterio.com.ar\/bloginst_new\/index.php?rest_route=\/wp\/v2\/users\/3"}],"replies":[{"embeddable":true,"href":"https:\/\/www.revistacriterio.com.ar\/bloginst_new\/index.php?rest_route=%2Fwp%2Fv2%2Fcomments&post=8683"}],"version-history":[{"count":0,"href":"https:\/\/www.revistacriterio.com.ar\/bloginst_new\/index.php?rest_route=\/wp\/v2\/posts\/8683\/revisions"}],"wp:attachment":[{"href":"https:\/\/www.revistacriterio.com.ar\/bloginst_new\/index.php?rest_route=%2Fwp%2Fv2%2Fmedia&parent=8683"}],"wp:term":[{"taxonomy":"category","embeddable":true,"href":"https:\/\/www.revistacriterio.com.ar\/bloginst_new\/index.php?rest_route=%2Fwp%2Fv2%2Fcategories&post=8683"},{"taxonomy":"post_tag","embeddable":true,"href":"https:\/\/www.revistacriterio.com.ar\/bloginst_new\/index.php?rest_route=%2Fwp%2Fv2%2Ftags&post=8683"}],"curies":[{"name":"wp","href":"https:\/\/api.w.org\/{rel}","templated":true}]}}