{"id":8777,"date":"2013-09-18T13:39:21","date_gmt":"2013-09-18T16:39:21","guid":{"rendered":"http:\/\/staging.winguweb.org\/2014\/revistacriterio\/bloginst\/?p=8777"},"modified":"2013-09-18T13:39:21","modified_gmt":"2013-09-18T16:39:21","slug":"un-pastor-con-olor-a-oveja","status":"publish","type":"post","link":"https:\/\/www.revistacriterio.com.ar\/bloginst_new\/?p=8777","title":{"rendered":"Un pastor con olor a oveja"},"content":{"rendered":"<p class=\"MsoNormal\"><span><a href=\"http:\/\/staging.winguweb.org\/2014\/revistacriterio\/bloginst\/wp-content\/uploads\/2013\/09\/brcohero.jpg\"><img loading=\"lazy\" decoding=\"async\" class=\"alignright size-thumbnail wp-image-8778\" title=\"brcohero\" src=\"https:\/\/staging.winguweb.org\/2014\/revistacriterio\/bloginst\/wp-content\/uploads\/2013\/09\/brcohero-120x120.jpg\" alt=\"brcohero\" width=\"120\" height=\"120\" \/><\/a>El 14 de este mes se llev\u00f3 a cabo la beatificaci\u00f3n del Cura Brochero, emblem\u00e1tico pionero de la promoci\u00f3n de la comunidad de Traslasierra, en C\u00f3rdoba.<!--more--><\/span><\/p>\n<p class=\"MsoNormal\"><a href=\"http:\/\/staging.winguweb.org\/2014\/revistacriterio\/bloginst\/wp-content\/uploads\/2013\/09\/brochero_2033098437.jpg\"><img loading=\"lazy\" decoding=\"async\" class=\"alignleft size-medium wp-image-8779\" title=\"brochero_2033098437\" src=\"https:\/\/staging.winguweb.org\/2014\/revistacriterio\/bloginst\/wp-content\/uploads\/2013\/09\/brochero_2033098437-300x225.jpg\" alt=\"brochero_2033098437\" width=\"300\" height=\"225\" \/><\/a>En diciembre de 2012, el papa Benedicto XVI firm\u00f3 la autorizaci\u00f3n para que el padre Jos\u00e9 Gabriel del Rosario Brochero (1840-1914) sea beatificado. La celebraci\u00f3n ser\u00e1 el 14 de septiembre en Villa Cura Brochero, a 140  kil\u00f3metros de la ciudad de C\u00f3rdoba, en el Valle de Traslasierra.<\/p>\n<p class=\"MsoNormal\"><span>La Iglesia cordobesa comenz\u00f3 el camino hacia la beatificaci\u00f3n en la d\u00e9cada del \u201860. En 2000, un ni\u00f1o de 11 meses sufri\u00f3 un grave accidente viajando a Villa Cura Brochero. Sus padres le pidieron al beato que intercediera para su salvaci\u00f3n, y hoy tiene 13 a\u00f1os.\u00a0 En mayo de 2012 una junta m\u00e9dica del Vaticano concluy\u00f3 que la recuperaci\u00f3n no ten\u00eda explicaci\u00f3n cient\u00edfica.<\/span><\/p>\n<p class=\"MsoNormal\"><strong><span>Evangelizaci\u00f3n y promoci\u00f3n humana <\/span><\/strong><\/p>\n<p class=\"MsoNormal\"><span>Conozco a Brochero desde hace a\u00f1os, y pude experimentar su presencia y su mensaje. Sus restos descansan en una b\u00f3veda ubicada dentro de la iglesia Nuestra Se\u00f1ora del Tr\u00e1nsito, conectada con el Museo Brocheriano. Al final de cada misa, son venerados por una procesi\u00f3n de serranos y peregrinos. Brochero sigue estando presente a un siglo de su muerte. <\/span><\/p>\n<p class=\"MsoNormal\"><span>Es que este sacerdote vivi\u00f3 activamente procurando mejorar las condiciones de vida de los habitantes de Traslasierra, realizando un permanente esfuerzo tanto por la evangelizaci\u00f3n como por la promoci\u00f3n de la persona. Brochero se encontr\u00f3 con una gran pobreza y desolaci\u00f3n en el oeste cordob\u00e9s. \u00bfC\u00f3mo evangelizar en un radio de 120 kil\u00f3metros, con limitadas v\u00edas de comunicaci\u00f3n? Su gesta evangelizadora tuvo dos aspectos: salir al encuentro de cada serrano, viajando kil\u00f3metros sobre su imprescindible mula malacara, y ofrecer la realizaci\u00f3n de los ejercicios espirituales de san Ignacio de Loyola. Avanz\u00f3 hacia las fronteras, \u201cde tal manera que la unci\u00f3n llegue a todos, tambi\u00e9n a las \u2018periferias\u2019, all\u00ed donde nuestro pueblo fiel m\u00e1s lo espera y valora\u201d, se\u00f1al\u00f3 el papa Francisco el 28 de marzo de este a\u00f1o a prop\u00f3sito de su beatificaci\u00f3n.<\/span><\/p>\n<p class=\"MsoNormal\"><span>Brochero hab\u00eda conocido los ejercicios en su estada en C\u00f3rdoba. Imagin\u00f3 que la fuerza de ocho d\u00edas de retiro espiritual, una vez al a\u00f1o, ser\u00eda una fuente de conversi\u00f3n para los habitantes de su curato. Fue persuadiendo persona a persona de ir durante tres d\u00edas, a lomo de mula, cruzando las Altas Cumbres hasta C\u00f3rdoba, para practicar los ejercicios. M\u00e1s tarde, Brochero encar\u00f3 la construcci\u00f3n de la Casa de Ejercicios Espirituales pr\u00f3xima a la iglesia de Villa del Tr\u00e1nsito. Se construy\u00f3 con materiales de la regi\u00f3n y estuvo a cargo de los propios serranos.<\/span><\/p>\n<p class=\"MsoNormal\"><span>La evangelizaci\u00f3n vino de la mano de la cultura del trabajo. Entre 1877 y 1914, la Casa registr\u00f3 m\u00e1s de 70 mil asistentes. Por supuesto, Brochero adem\u00e1s realiz\u00f3 y promovi\u00f3 el surgimiento de una decena de capillas y templos. Tambi\u00e9n construy\u00f3 escuelas, porque sab\u00eda que la educaci\u00f3n era imprescindible para los habitantes marginados. Reclam\u00f3 a los gobiernos nacional y provincial por edificios escolares y no dud\u00f3 en pedir audiencia con funcionarios como Miguel Ju\u00e1rez Celman o Ram\u00f3n C\u00e1rcano, el Perito Moreno e Hip\u00f3lito Yrigoyen. En 1880 inaugur\u00f3 una nueva construcci\u00f3n realizada con su gente, el Colegio de Ni\u00f1as, en la misma manzana de la Casa de Ejercicios (hoy Museo Brocheriano) y la iglesia. <\/span><\/p>\n<p class=\"MsoNormal\"><span>No se qued\u00f3 en el asistencialismo; por el contrario, estimul\u00f3 el progreso de los serranos, induci\u00e9ndolos a la disciplina, vida sana, educaci\u00f3n y trabajo, ense\u00f1\u00e1ndoles capacidades agropecuarias y en la construcci\u00f3n. En cuanto a los pobres y enfermos, siempre fue generoso en su asistencia, tanto en dinero como en tiempo. No hizo distinciones: si bien ten\u00eda fuertes contactos con prominentes hombres de gobierno de la \u00e9poca, no dud\u00f3 en reunirse en su escondite de las sierras con el montonero Santos Guayama, y lamentablemente no pudo impedir que fuera fusilado por parte del Ej\u00e9rcito nacional.<\/span><\/p>\n<p class=\"MsoNormal\"><strong><span>Desarrollo econ\u00f3mico y social<\/span><\/strong><\/p>\n<p class=\"MsoNormal\"><span>Sus bi\u00f3grafos <\/span><span lang=\"ES\">Ram\u00f3n <\/span><span>C\u00e1rcano, Efra\u00edn Bischoff, Del Forno y Burbridge en la actualidad, entre otros, lo describen como un hombre que puso mucha energ\u00eda para lograr el desarrollo regional del oeste cordob\u00e9s, al tiempo que impuls\u00f3 una gran obra evangelizadora \u00a0Al respecto, es imperdible el Canto Brocheriano de Carlos Di Fulvio.<\/span><\/p>\n<p class=\"MsoNormal\"><span>Brochero sab\u00eda que sin caminos y comunicaciones con la capital provincial no habr\u00eda desarrollo econ\u00f3mico ni cultural para su regi\u00f3n. Por eso promovi\u00f3 la construcci\u00f3n de m\u00e1s de 200 km de caminos, uniendo las localidades de todo el curato: 66 caminos vecinales entre los que se destaca la Cuesta de Altautina, que une Villa Cura Brochero con Villa Dolores, y el largo camino carretero que comunica Villa de Soto con Villa Dolores. <\/span><\/p>\n<p class=\"MsoNormal\"><span>Tambi\u00e9n logr\u00f3 el dise\u00f1o y la construcci\u00f3n parcial del antiguo camino de las Altas Cumbres para conectar su curato con C\u00f3rdoba, en el conocido como \u201cde la herradura\u201d, hoy se\u00f1alizado como Camino Brocheriano. Organiz\u00f3 a los pobladores para construirlo, incluyendo puentes de piedra que a\u00fan hoy se conservan. El trabajo culmin\u00f3 en 1915 luego de su muerte, a cargo de su amigo y gobernador C\u00e1rcano. Brochero implement\u00f3 adem\u00e1s el correo a caballo y el tel\u00e9grafo, y logr\u00f3 la instalaci\u00f3n de un sucursal del Banco de la Provincia. <\/span><\/p>\n<p class=\"MsoNormal\"><span>Las obras de riego fueron otras de sus prioridades, por la necesidad de llevar agua a las chacras. Si bien no pudo realizar los dos diques que so\u00f1aba, el de Jaime y el de Ambul, construy\u00f3 otras obras de irrigaci\u00f3n como el acueducto Los Chiflones en el r\u00edo Panaholma, el dique y los canales de agua en Chaves, el canal de riego en La Gloria y la toma de Aguirre. Con estas obras se logr\u00f3 mejorar el comercio y la industria local. <\/span><\/p>\n<p class=\"MsoNormal\"><span>Sin dudas una de las obras m\u00e1s so\u00f1ada por Brochero fue el proyecto del ferrocarril de Traslasierra, que hubiera unido Villa Dolores con Villa de Soto, para transportar las riquezas agropecuarias, forestales y mineras de la regi\u00f3n. Desde 1905 llev\u00f3 a cabo infructuosas e incesantes gestiones con distintas personalidades, pero la obra no se hizo. <\/span><\/p>\n<p class=\"MsoNormal\"><span>No quedan dudas de que Brochero promovi\u00f3 el desarrollo regional y el empleo, el desarrollo humano, social y econ\u00f3mico, siempre sin\u00f3nimos de evangelizaci\u00f3n, porque a la vez que predic\u00f3 el Evangelio trabaj\u00f3 por la promoci\u00f3n humana.<\/span><\/p>\n<p class=\"MsoNormal\"><strong><span>Con la gracia de la pasi\u00f3n <\/span><\/strong><\/p>\n<p class=\"MsoNormal\"><span>Brochero tuvo la humanamente dif\u00edcil gracia de sobrellevar, en sus \u00faltimos seis a\u00f1os, la prueba de la enfermedad, pues se contagi\u00f3 lepra visitando enfermos, lo que lo sumergi\u00f3 en el aislamiento social. Adem\u00e1s, la ceguera avanz\u00f3 fuertemente desde 1910. La muerte lo encontr\u00f3 el 26 de enero de 1914 en la pobreza total, acompa\u00f1ado de un sacerdote asistente, en un final con algunas similitudes al de san Francisco de As\u00eds. <\/span><\/p>\n<p class=\"MsoNormal\"><span>Fue un modelo de vida cristiana para sacerdotes y tambi\u00e9n para laicos. El hecho de haber desempe\u00f1ado su ministerio sacerdotal en un relativamente desconocido rinc\u00f3n de la geograf\u00eda argentina probablemente haya limitado el conocimiento de su vasta obra evangelizadora y humana. Como se\u00f1al\u00f3 el papa Francisco en la citada misa crismal, un \u201cpastor seg\u00fan el coraz\u00f3n de Dios, quien fue ungido para ungir al pueblo fiel, un verdadero pastor con olor a oveja\u201d.<\/span><\/p>\n<p class=\"MsoNormal\"><span> <\/span><\/p>\n<p class=\"MsoNormal\"><span> <\/span><\/p>\n","protected":false},"excerpt":{"rendered":"<p>El 14 de este mes se llev\u00f3 a cabo la beatificaci\u00f3n del Cura Brochero, emblem\u00e1tico pionero de la promoci\u00f3n de la comunidad de Traslasierra, en&#8230;<\/p>\n","protected":false},"author":3,"featured_media":0,"comment_status":"open","ping_status":"open","sticky":false,"template":"","format":"standard","meta":{"_acf_changed":false,"_jetpack_newsletter_access":"","_jetpack_dont_email_post_to_subs":false,"_jetpack_newsletter_tier_id":0,"_jetpack_memberships_contains_paywalled_content":false,"_jetpack_memberships_contains_paid_content":false,"footnotes":""},"categories":[8,5],"tags":[1270,1271,1272,215,1273],"class_list":["post-8777","post","type-post","status-publish","format-standard","hentry","category-iglesia","category-sociedad","tag-beatificacion","tag-brochero","tag-cordoba","tag-evangelizacion","tag-promocion"],"acf":[],"jetpack_featured_media_url":"","jetpack_sharing_enabled":true,"jetpack_shortlink":"https:\/\/wp.me\/p6FC4i-2hz","_links":{"self":[{"href":"https:\/\/www.revistacriterio.com.ar\/bloginst_new\/index.php?rest_route=\/wp\/v2\/posts\/8777","targetHints":{"allow":["GET"]}}],"collection":[{"href":"https:\/\/www.revistacriterio.com.ar\/bloginst_new\/index.php?rest_route=\/wp\/v2\/posts"}],"about":[{"href":"https:\/\/www.revistacriterio.com.ar\/bloginst_new\/index.php?rest_route=\/wp\/v2\/types\/post"}],"author":[{"embeddable":true,"href":"https:\/\/www.revistacriterio.com.ar\/bloginst_new\/index.php?rest_route=\/wp\/v2\/users\/3"}],"replies":[{"embeddable":true,"href":"https:\/\/www.revistacriterio.com.ar\/bloginst_new\/index.php?rest_route=%2Fwp%2Fv2%2Fcomments&post=8777"}],"version-history":[{"count":0,"href":"https:\/\/www.revistacriterio.com.ar\/bloginst_new\/index.php?rest_route=\/wp\/v2\/posts\/8777\/revisions"}],"wp:attachment":[{"href":"https:\/\/www.revistacriterio.com.ar\/bloginst_new\/index.php?rest_route=%2Fwp%2Fv2%2Fmedia&parent=8777"}],"wp:term":[{"taxonomy":"category","embeddable":true,"href":"https:\/\/www.revistacriterio.com.ar\/bloginst_new\/index.php?rest_route=%2Fwp%2Fv2%2Fcategories&post=8777"},{"taxonomy":"post_tag","embeddable":true,"href":"https:\/\/www.revistacriterio.com.ar\/bloginst_new\/index.php?rest_route=%2Fwp%2Fv2%2Ftags&post=8777"}],"curies":[{"name":"wp","href":"https:\/\/api.w.org\/{rel}","templated":true}]}}