{"id":8863,"date":"2013-10-07T20:03:53","date_gmt":"2013-10-07T23:03:53","guid":{"rendered":"http:\/\/staging.winguweb.org\/2014\/revistacriterio\/bloginst\/?p=8863"},"modified":"2013-10-07T20:03:53","modified_gmt":"2013-10-07T23:03:53","slug":"inquietudes-en-la-previa-electoral-chilena","status":"publish","type":"post","link":"https:\/\/www.revistacriterio.com.ar\/bloginst_new\/?p=8863","title":{"rendered":"Inquietudes en la previa electoral chilena"},"content":{"rendered":"<p class=\"MsoNormal\"><span><a href=\"http:\/\/staging.winguweb.org\/2014\/revistacriterio\/bloginst\/wp-content\/uploads\/2013\/10\/bache.jpg\"><img loading=\"lazy\" decoding=\"async\" class=\"alignleft size-thumbnail wp-image-8864\" title=\"bache\" src=\"https:\/\/staging.winguweb.org\/2014\/revistacriterio\/bloginst\/wp-content\/uploads\/2013\/10\/bache-120x120.jpg\" alt=\"bache\" width=\"120\" height=\"120\" \/><\/a>Nueve candidatos competir\u00e1n en las elecciones de Chile el 17 de noviembre. Si bien la encuestas se\u00f1alan el amplio respaldo que tendr\u00eda la ex presidenta Michelle Bachelet, el electorado juvenil podr\u00eda definir el resultado.<!--more--><\/span><\/p>\n<p class=\"MsoNormal\"><span style=\"font-size: 13px; line-height: 19px;\">En base a la encuesta dada a conocer los \u00faltimos d\u00edas de agosto, y de no mediar un cambio profundo en la opini\u00f3n de los votantes chilenos, la duda fundamental en vista de las pr\u00f3ximas elecciones presidenciales chilenas del 17 de noviembre, no es si Michelle Bachelet resultar\u00e1 ganadora, sino si su triunfo ser\u00e1 en primera o segunda vuelta.<\/span><\/p>\n<p class=\"MsoNormal\"><span>M\u00e1s del 70 por ciento de los encuestados ve en ella a la pr\u00f3xima presidenta de Chile. Un 44 por ciento estar\u00eda dispuesto a votarla, al tiempo que su principal rival, la ex ministra Evelyn Matthei, recoge apenas el 12 por ciento de las intenciones de voto.<\/span><\/p>\n<p class=\"MsoNormal\"><span>La ex presidenta ser\u00e1 la abanderada de Nueva Mayor\u00eda, el acuerdo electoral que la Concertaci\u00f3n \u2013la coalici\u00f3n de centroizquierda liderada principalmente por el Partido Socialista (PS) y la Democracia Cristiana (DC) \u2013 ha sellado con el Partido Comunista; una verdadera novedad, ya que los comunistas ten\u00edan la costumbre de correr por su cuenta. <\/span><\/p>\n<p class=\"MsoNormal\"><span>Bachelet, socialista y m\u00e9dica de profesi\u00f3n, gobern\u00f3 el pa\u00eds entre 2006 y 2010 y dej\u00f3 su gesti\u00f3n con un elevado nivel de aprobaci\u00f3n (m\u00e1s del 80%). Sucesivamente, estuvo a cargo de la Agencia de ONU Mujer, hasta que regres\u00f3 al pa\u00eds y, con un nivel de aprobaci\u00f3n todav\u00eda superior al 70 por ciento, acept\u00f3 volver a competir por la Presidencia. En las internas partidarias de junio Bachelet arras\u00f3, dejando por el camino a otros dos compa\u00f1eros de coalici\u00f3n. Su regreso a la arena electoral gener\u00f3 no pocas preocupaciones entre sus adversarios de centroderecha, una suerte de complejo de inferioridad ante la descollante figura de la ex presidenta.<\/span><\/p>\n<p class=\"MsoNormal\"><span>En efecto, a la Alianza, la coalici\u00f3n de centroderecha actualmente en el gobierno\u00a0 conformada por la Uni\u00f3n Democr\u00e1tica Independiente (UDI) y Renovaci\u00f3n Nacional (RN), no le ha sido f\u00e1cil encontrar a su candidato. Luego de idas y vueltas, los resultados de las elecciones internas suscitaron cierta preocupaci\u00f3n debido a la escasa participaci\u00f3n de los militantes. El precandidato de la UDI, el ex ministro de econom\u00eda Pablo Longueira, result\u00f3 ser el ganador sobre su adversario de RN, Andr\u00e9s Allamand, quien no acept\u00f3 con demasiado savoir faire la derrota.<\/span><\/p>\n<p class=\"MsoNormal\"><span>Apenas unas semanas despu\u00e9s, Longueira anunci\u00f3 repentinamente su retiro de la carrera electoral alegando razones de salud. Volvieron a aparecer las viejas diferencias entre RN y UDI, que fueron zanjadas con la designaci\u00f3n de Evelyn Matthei, hasta ese momento a cargo del Ministerio de Trabajo del gobierno del Sebasti\u00e1n Pi\u00f1era. <\/span><\/p>\n<p class=\"MsoNormal\"><span>Como Bachelet, tambi\u00e9n Matthei es hija de un militar. Se trata de una militante de la UDI que, poco antes transformarse en abanderada de la Alianza, hab\u00eda anunciado su retiro del partido y de la pol\u00edtica, precisamente por el escaso apoyo que le brindaba la estructura partidaria. Fue de \u00faltimo momento su nombramiento pero se trata de la figura que, en t\u00e9rminos relativos, concitaba m\u00e1s consensos en la centroderecha.<span> <\/span><\/span><\/p>\n<p class=\"MsoNormal\"><span>En cuanto al resto de los candidatos a ocupar el Palacio de La Moneda, no parecen tener muchas chances. Entre ellos se encuentra Marco Henriquez Ominami, fundador del Partido Progresista, quien en las presidenciales de 2010 cosech\u00f3 el 20% de las preferencias. Sin embargo, de ese caudal apenas queda la quinta o cuarta parte.<\/span><\/p>\n<p class=\"MsoNormal\"><span>La candidata oficialista apostar\u00e1 posiblemente a hacer eje en los resultados de la gesti\u00f3n de Pi\u00f1era \u2013durante cuyo mandato Chile creci\u00f3 guiado por el \u00edmpetu del comercio con Asia y el alza de los precios de los minerales que exporta\u2013, y en el mercado como elemento equilibrador de la contraposici\u00f3n de intereses, y Bachelet intentar\u00e1 convencer al electorado de que la Concertaci\u00f3n ser\u00e1 capaz de corregir y mejorar la redistribuci\u00f3n del ingreso y la desigualdad.<\/span><\/p>\n<p class=\"MsoNormal\"><span>En efecto, si bien Chile creci\u00f3 en los \u00faltimos a\u00f1os a buen ritmo, en torno al 6%, no se pudo reducir significativamente el alto nivel de desigualdad entre los sectores sociales. El 10% m\u00e1s rico gana 27 veces m\u00e1s que el decil m\u00e1s pobre, seg\u00fan el informe de la OCDE \u201cApuestas para el Crecimiento 2013\u201d. Los datos del Banco Mundial dicen que el PBI per c\u00e1pita supera los 15 mil d\u00f3lares anuales. Eso supone un ingreso de 5 mil d\u00f3lares mensuales para una familia de cuatro personas, lo cual contrasta con el promedio de los salarios y con el hecho de que s\u00f3lo el 0,11% de la poblaci\u00f3n se queda con casi el 30% de los ingresos.<\/span><\/p>\n<p class=\"MsoNormal\"><span>En base al coeficiente Gini (que mide el nivel de desigualdad, siendo 0 el mejor nivel de distribuci\u00f3n y 1 el peor), Chile es el pa\u00eds con m\u00e1s alto nivel de desigualdad entre los 34 miembros la OCDE, con un \u00edndice de 0,55, seg\u00fan datos de esta organizaci\u00f3n y relevamientos oficiales como la Encuesta Casen, que se repite cada tres a\u00f1os. Sin embargo, cuando se relaciona este coeficiente con los datos del Servicio de Impuestos Internos, \u00e9ste asciende a 0,63: el m\u00e1s alto de Am\u00e9rica latina.<\/span><\/p>\n<p class=\"MsoNormal\"><span>Ante esto, el caballo de batalla del oficialismo, es decir, la ecuaci\u00f3n \u201cm\u00e1s trabajo=m\u00e1s igualdad\u201d no responde a la realidad de los hechos. Sin embargo, el problema es c\u00f3mo corregir estas distorsiones. Bachelet ha anunciado, todav\u00eda sin muchos detalles, algunos ejes de su programa: reformar la Constituci\u00f3n para salir del sistema electoral binominal, que ha distorsionado el criterio de representatividad en el Congreso; reformar el sistema tributario, considerado fuertemente regresivo; mejorar el sistema de salud e implementar la gratuidad del sistema educativo. Este \u00faltimo es el mayor reclamo pol\u00edtico de la ciudadan\u00eda en estos a\u00f1os.<\/span><\/p>\n<p class=\"MsoNormal\"><span>Un acuerdo transversal entre parte del oficialismo y la oposici\u00f3n asegura los votos para modificar el sistema electoral, aunque no ser\u00e1 para estas elecciones. En momentos en que las cuentas del Estado empeoran por la baja de los precios internacionales, un eventual gobierno de la Concertaci\u00f3n deber\u00e1 dar muestra de gran creatividad para convencer a los electores de que podr\u00e1 introducir los cambios que pregona su candidata, cambios en los que est\u00e1n interesados los cuatro millones de j\u00f3venes que, hasta ahora, nunca han votado pese a tener derecho a hacerlo. Hay, entre ellos, una fuerte desconfianza hacia el sector pol\u00edtico en general, considerado demasiado tolerante con un modelo econ\u00f3mico centrado en la competencia y en la consideraci\u00f3n de que el cuerpo social no es sino la sumatoria de intereses individuales. <\/span><\/p>\n<p class=\"MsoNormal\"><span>Seducir al electorado juvenil podr\u00eda modificar los actuales equilibrios electorales. Pero ser\u00e1 una tarea tan dif\u00edcil como conciliar crecimiento con igualdad.<\/span><\/p>\n","protected":false},"excerpt":{"rendered":"<p>Nueve candidatos competir\u00e1n en las elecciones de Chile el 17 de noviembre. Si bien la encuestas se\u00f1alan el amplio respaldo que tendr\u00eda la ex presidenta&#8230;<\/p>\n","protected":false},"author":3,"featured_media":0,"comment_status":"open","ping_status":"open","sticky":false,"template":"","format":"standard","meta":{"_acf_changed":false,"_jetpack_newsletter_access":"","_jetpack_dont_email_post_to_subs":false,"_jetpack_newsletter_tier_id":0,"_jetpack_memberships_contains_paywalled_content":false,"_jetpack_memberships_contains_paid_content":false,"footnotes":""},"categories":[3],"tags":[1310,61,148,1311,62],"class_list":["post-8863","post","type-post","status-publish","format-standard","hentry","category-politica-economia","tag-bachelet","tag-chile","tag-elecciones","tag-matthei","tag-pinera"],"acf":[],"jetpack_featured_media_url":"","jetpack_sharing_enabled":true,"jetpack_shortlink":"https:\/\/wp.me\/p6FC4i-2iX","_links":{"self":[{"href":"https:\/\/www.revistacriterio.com.ar\/bloginst_new\/index.php?rest_route=\/wp\/v2\/posts\/8863","targetHints":{"allow":["GET"]}}],"collection":[{"href":"https:\/\/www.revistacriterio.com.ar\/bloginst_new\/index.php?rest_route=\/wp\/v2\/posts"}],"about":[{"href":"https:\/\/www.revistacriterio.com.ar\/bloginst_new\/index.php?rest_route=\/wp\/v2\/types\/post"}],"author":[{"embeddable":true,"href":"https:\/\/www.revistacriterio.com.ar\/bloginst_new\/index.php?rest_route=\/wp\/v2\/users\/3"}],"replies":[{"embeddable":true,"href":"https:\/\/www.revistacriterio.com.ar\/bloginst_new\/index.php?rest_route=%2Fwp%2Fv2%2Fcomments&post=8863"}],"version-history":[{"count":0,"href":"https:\/\/www.revistacriterio.com.ar\/bloginst_new\/index.php?rest_route=\/wp\/v2\/posts\/8863\/revisions"}],"wp:attachment":[{"href":"https:\/\/www.revistacriterio.com.ar\/bloginst_new\/index.php?rest_route=%2Fwp%2Fv2%2Fmedia&parent=8863"}],"wp:term":[{"taxonomy":"category","embeddable":true,"href":"https:\/\/www.revistacriterio.com.ar\/bloginst_new\/index.php?rest_route=%2Fwp%2Fv2%2Fcategories&post=8863"},{"taxonomy":"post_tag","embeddable":true,"href":"https:\/\/www.revistacriterio.com.ar\/bloginst_new\/index.php?rest_route=%2Fwp%2Fv2%2Ftags&post=8863"}],"curies":[{"name":"wp","href":"https:\/\/api.w.org\/{rel}","templated":true}]}}