{"id":9070,"date":"2013-12-12T16:35:36","date_gmt":"2013-12-12T19:35:36","guid":{"rendered":"http:\/\/staging.winguweb.org\/2014\/revistacriterio\/bloginst\/?p=9070"},"modified":"2013-12-12T16:35:36","modified_gmt":"2013-12-12T19:35:36","slug":"en-busca-de-nuevas-respuestas","status":"publish","type":"post","link":"https:\/\/www.revistacriterio.com.ar\/bloginst_new\/?p=9070","title":{"rendered":"En busca de nuevas respuestas"},"content":{"rendered":"<p class=\"MsoNormal\" style=\"margin: 0cm 0cm 0pt;\"><span lang=\"ES\"><span style=\"font-family: Times New Roman; font-size: small;\"><a href=\"http:\/\/staging.winguweb.org\/2014\/revistacriterio\/bloginst\/wp-content\/uploads\/2013\/12\/murtagh.jpg\"><img loading=\"lazy\" decoding=\"async\" class=\"alignleft size-thumbnail wp-image-9072\" title=\"murtagh\" src=\"https:\/\/staging.winguweb.org\/2014\/revistacriterio\/bloginst\/wp-content\/uploads\/2013\/12\/murtagh-120x120.jpg\" alt=\"murtagh\" width=\"120\" height=\"120\" \/><\/a>El documento preparatorio para la III Asamblea General Extraordinaria del S\u00ednodo de los Obispos incluye en su parte final un cuestionario destinado a que las Iglesias particulares, incluyendo las comunidades parroquiales, puedan participar activamente en la elaboraci\u00f3n de un <em style=\"mso-bidi-font-style: normal;\">status questionis<\/em> y de propuestas que ser\u00e1n discutidas en la posterior Asamblea Ordinaria de dicho S\u00ednodo, en el a\u00f1o 2015. <!--more-->En s\u00ed mismo, el cuestionario es un hecho altamente positivo, que abre un espacio de di\u00e1logo intraeclesial, y que permitir\u00e1 delinear un cuadro de situaci\u00f3n m\u00e1s ajustado a la realidad, incluyendo el grado de recepci\u00f3n de las ense\u00f1anzas magisteriales, y las necesidades y demandas de los fieles. Al mismo tiempo, el tenor de las preguntas suscita algunas dudas. Varias de ellas est\u00e1n claramente dirigidas a especialistas, como toda la secci\u00f3n referida al matrimonio \u201cseg\u00fan la ley natural\u201d, o las que piden porcentajes y datos estad\u00edsticos. Por otro lado, hay preguntas que se refieren a temas donde se ha excluido de antemano la posibilidad de cambios. Pocos d\u00edas atr\u00e1s, el prefecto de la Congregaci\u00f3n para la Doctrina de la Fe, G. M\u00fcller, en un art\u00edculo publicado en <em style=\"mso-bidi-font-style: normal;\">L\u2019Osservatore Romano<\/em>, neg\u00f3 terminantemente la posibilidad de reformas en la disciplina que proh\u00edbe a los divorciados y vueltos a casar el acceso a la comuni\u00f3n. \u00bfCon qu\u00e9 fin entonces se pregunta si y cu\u00e1ntos de ellos piden los sacramentos? Finalmente, las preguntas intentan limitar el di\u00e1logo al plano exclusivamente pastoral, excluyendo lo doctrinal, pero las respuestas podr\u00edan desafiar ese l\u00edmite. \u00bfQu\u00e9 sucede, por ejemplo, si se manifiesta un extendido rechazo a la ense\u00f1anza sobre la anticoncepci\u00f3n? \u00bfSe podr\u00e1 aducir que es un problema de los fieles y no de la doctrina? No hay raz\u00f3n suficiente para excluir esta \u00faltima del di\u00e1logo. En la moral cat\u00f3lica no hay ense\u00f1anzas infalibles. Por otro lado, entre \u201ccambiar\u201d y \u201cdejar todo como est\u00e1\u201d, hay numerosas posibilidades como: precisar, refinar, equilibrar, reformular. El documento reconoce las expectativas que esta nueva etapa ha generado. Dios quiera que el S\u00ednodo de los Obispos pueda aportar nuevas respuestas.<\/span><\/span><\/p>\n<p class=\"MsoNormal\" style=\"margin: 0cm 0cm 0pt;\">\u00a0<\/p>\n<p class=\"MsoNormal\" style=\"margin: 0cm 0cm 0pt;\"><span lang=\"ES\"><span style=\"font-family: &quot;Times New Roman&quot;,&quot;serif&quot;; font-size: 12pt; mso-fareast-font-family: 'Times New Roman'; mso-ansi-language: ES; mso-fareast-language: ES; mso-bidi-language: AR-SA;\" lang=\"ES\"><em>El autor es Doctor en Teolog\u00eda Moral, profesor de la UCA<\/em><\/span><\/span><\/p>\n","protected":false},"excerpt":{"rendered":"<p>El documento preparatorio para la III Asamblea General Extraordinaria del S\u00ednodo de los Obispos incluye en su parte final un cuestionario destinado a que las&#8230;<\/p>\n","protected":false},"author":3,"featured_media":0,"comment_status":"open","ping_status":"open","sticky":false,"template":"","format":"standard","meta":{"_acf_changed":false,"_jetpack_newsletter_access":"","_jetpack_dont_email_post_to_subs":false,"_jetpack_newsletter_tier_id":0,"_jetpack_memberships_contains_paywalled_content":false,"_jetpack_memberships_contains_paid_content":false,"footnotes":""},"categories":[8],"tags":[1337,465,1394,951,541,834],"class_list":["post-9070","post","type-post","status-publish","format-standard","hentry","category-iglesia","tag-cuestionario","tag-doctrina","tag-muller","tag-obispos","tag-reformas","tag-sinodo"],"acf":[],"jetpack_featured_media_url":"","jetpack_sharing_enabled":true,"jetpack_shortlink":"https:\/\/wp.me\/p6FC4i-2mi","_links":{"self":[{"href":"https:\/\/www.revistacriterio.com.ar\/bloginst_new\/index.php?rest_route=\/wp\/v2\/posts\/9070","targetHints":{"allow":["GET"]}}],"collection":[{"href":"https:\/\/www.revistacriterio.com.ar\/bloginst_new\/index.php?rest_route=\/wp\/v2\/posts"}],"about":[{"href":"https:\/\/www.revistacriterio.com.ar\/bloginst_new\/index.php?rest_route=\/wp\/v2\/types\/post"}],"author":[{"embeddable":true,"href":"https:\/\/www.revistacriterio.com.ar\/bloginst_new\/index.php?rest_route=\/wp\/v2\/users\/3"}],"replies":[{"embeddable":true,"href":"https:\/\/www.revistacriterio.com.ar\/bloginst_new\/index.php?rest_route=%2Fwp%2Fv2%2Fcomments&post=9070"}],"version-history":[{"count":0,"href":"https:\/\/www.revistacriterio.com.ar\/bloginst_new\/index.php?rest_route=\/wp\/v2\/posts\/9070\/revisions"}],"wp:attachment":[{"href":"https:\/\/www.revistacriterio.com.ar\/bloginst_new\/index.php?rest_route=%2Fwp%2Fv2%2Fmedia&parent=9070"}],"wp:term":[{"taxonomy":"category","embeddable":true,"href":"https:\/\/www.revistacriterio.com.ar\/bloginst_new\/index.php?rest_route=%2Fwp%2Fv2%2Fcategories&post=9070"},{"taxonomy":"post_tag","embeddable":true,"href":"https:\/\/www.revistacriterio.com.ar\/bloginst_new\/index.php?rest_route=%2Fwp%2Fv2%2Ftags&post=9070"}],"curies":[{"name":"wp","href":"https:\/\/api.w.org\/{rel}","templated":true}]}}