{"id":9254,"date":"2014-03-13T16:30:10","date_gmt":"2014-03-13T19:30:10","guid":{"rendered":"http:\/\/www.revistacriterio.com.ar\/bloginst_new\/?p=9254"},"modified":"2014-03-13T16:30:10","modified_gmt":"2014-03-13T19:30:10","slug":"una-vida-consagrada-a-los-humildes","status":"publish","type":"post","link":"https:\/\/www.revistacriterio.com.ar\/bloginst_new\/?p=9254","title":{"rendered":"Una vida consagrada a los humildes"},"content":{"rendered":"<p class=\"MsoNormal\">Desde los a\u00f1os de Jorge Bergoglio en la Universidad de El Salvador hasta los primeros pasos como pont\u00edfice, a partir de la visi\u00f3n de uno de los protagonistas de la pol\u00edtica argentina de los \u00faltimos a\u00f1os.<!--more--><\/p>\n<p class=\"MsoNormal\">A veces s\u00f3lo los logros explican lo dif\u00edcil del camino elegido. Cuesta desde cada uno recuperar el pasado de su relaci\u00f3n con esa persona que hoy deslumbra a la humanidad. Porque ahora es f\u00e1cil entender su dimensi\u00f3n humana, pero \u00bfc\u00f3mo evitar la pregunta que increpa el ayer de los que tuvimos ocasi\u00f3n de conocerlo?<\/p>\n<p class=\"MsoNormal\"><span>Me eduqu\u00e9 en la Universidad del Salvador, eran tiempos de Juan XXIII y de una Iglesia que sal\u00eda al mundo. Los jesuitas acaparaban el prestigio intelectual, la Universidad aparec\u00eda como el lugar obligado para expresar y difundir las ideas que surg\u00edan de la fe. Jean-Yves Calvez \u00a0hab\u00eda escrito un tratado de marxismo como desaf\u00edo para superar las pretensiones del materialismo. En la Universidad de Buenos Aires el humanismo cristiano lograba derrotar al marxismo e imponer su rector. Pero el golpe de Ongan\u00eda tendr\u00eda demasiado compromiso con ciertos sectores cat\u00f3licos, ese golpe que al terminar con la autonom\u00eda universitaria iniciaba el camino hacia la violencia masiva.<\/span><\/p>\n<p class=\"MsoNormal\"><span>Vendr\u00edan los tiempos de los curas del Tercer Mundo, de la Teolog\u00eda de la Liberaci\u00f3n, monse\u00f1or Jer\u00f3nimo Podest\u00e1 dejaba los h\u00e1bitos y lo mismo pasaba con demasiados sacerdotes jesuitas. El sacerdote que me cas\u00f3 en el \u201868 me invit\u00f3 a su casamiento s\u00f3lo tres meses despu\u00e9s. La pol\u00edtica no resolv\u00eda los problemas de la fe en la Iglesia, por el contrario, sol\u00eda terminar con ella.<\/span><\/p>\n<p class=\"MsoNormal\"><span>Yo estudiaba en El Salvador y militaba en Guardia de Hierro. El padre Jorge Bergoglio se relacionaba con nosotros como gu\u00eda espiritual, era un militante de la Iglesia que como pastor acompa\u00f1aba a sus ovejas, nunca fue un militante o un miembro de la organizaci\u00f3n, su lugar de sacerdote siempre fue lo esencial.<\/span><\/p>\n<p class=\"MsoNormal\"><span>Guardia nunca acompa\u00f1\u00f3 la violencia de la guerrilla y mucho menos cuando lleg\u00f3 la democracia. Eran tiempos donde todos los que cuestion\u00e1bamos la violencia enfrent\u00e1bamos el manique\u00edsmo de los contendientes para los cuales hab\u00eda s\u00f3lo dos bandos, y los dos estaban armados. Los violentos intentaban menospreciar el lugar de los que nos expres\u00e1bamos desde la sola palabra. Recuerdo mis debates duros con un jesuita que hab\u00eda elegido el camino de la guerrilla. Fuimos muchos los que cuestionamos la violencia sin dejar de defender la justicia, ni dejar de ayudar siempre a todos aquellos con los que no coincid\u00edamos pero respet\u00e1bamos. <\/span><\/p>\n<p class=\"MsoNormal\"><span>Tom\u00e9 distancia del entonces provincial de la Compa\u00f1\u00eda cuando decidi\u00f3 entregar la Universidad a los laicos; tard\u00e9 en entender que era esa una decisi\u00f3n obligada, el camino necesario para volver a ocuparse de los feligreses, de los necesitados, el camino para volver a la fe. Tard\u00e9 y mucho en entenderlo. Luego volv\u00ed a encontrarme con \u00e9l cuando ya era cardenal. Y a percibir el desarrollo evidente de su espiritualidad: despu\u00e9s de charlar con \u00e9l sent\u00ed haber estado con alguien distinto.<\/span><\/p>\n<p class=\"MsoNormal\"><span>Jorge Bergoglio es un esp\u00edritu llamativo desde hace mucho tiempo y la mayor\u00eda de sus \u00a0interlocutores as\u00ed lo entiende. Se relaciona como nadie con los humildes, eso que para algunos es pura demagogia para otros es simple expresi\u00f3n de santidad.<\/span><\/p>\n<p class=\"MsoNormal\"><span>Me convoc\u00f3 apenas asumi\u00f3 el gobierno N\u00e9stor Kirchner; transit\u00e9 dos veces el ida y vuelta entre su despacho y la Casa Rosada. N\u00e9stor era mi amigo, le costaba entender la importancia que yo le asignaba a su encuentro con el cardenal. Fue ah\u00ed que comenc\u00e9 a sospechar que al Presidente no le interesaba ninguna relaci\u00f3n en la que no tuviera el rol de dominador. Kirchner no soportaba nada que no pudiera someter. El cardenal me interrog\u00f3 finalmente, \u201csu amigo ley\u00f3 a <em><span>Liddell Hart<\/span><\/em>\u201d; yo lo hab\u00eda le\u00eddo y us\u00e9 el humor para trasmitirle que en esas horas del poder lo importante no era la lectura.<\/span><\/p>\n<p class=\"MsoNormal\"><span>Publiqu\u00e9 dos escritos que merecieron que me enviara dos largas cartas manuscritas en las que analiza mis ideas. Leerlas es una s\u00edntesis perfecta entre el talento y la humildad, es capaz de marcarme que las ley\u00f3 m\u00e1s de una vez, hay en la letra una expresi\u00f3n de su personalidad que no requiere de graf\u00f3logos. Me envi\u00f3 otra ya como Santo Padre, donde hasta el remitente est\u00e1 con su propia caligraf\u00eda, como si el tiempo de los santos y los sabios transitara\u00a0 por el infinito.<\/span><\/p>\n<p class=\"MsoNormal\"><span>Asombra el peso de su palabra en los no creyentes, la manera en que impacta con sus gestos, ese lugar que s\u00f3lo ocupan los que tienen sabidur\u00eda. Y qu\u00e9 importante fue que alg\u00fan ser peque\u00f1o dudara de su pasado; esas dudas perversas permitieron transitar la pureza y la grandeza de un camino sin errores, de una vida consagrada al sacrificio y a los humildes, marcando el logro de una coherencia que s\u00f3lo es posible en el camino de la fe. Sin duda ser\u00eda triste revisar las oscuras vidas de sus detractores. <\/span><\/p>\n<p class=\"MsoNormal\"><span>Me cost\u00f3 entender su decisi\u00f3n de abandonar la Universidad: no era una decisi\u00f3n de abandonar el debate de ideas, era tan solo asentar la religi\u00f3n por encima de la pol\u00edtica. En el puro debate intelectual las deserciones marcaban a la Compa\u00f1\u00eda y a buena parte de la Iglesia. Lleg\u00f3 a Papa y se\u00f1al\u00f3 como nunca que las ideolog\u00edas no pod\u00edan ser las excusas que permitieran evitar o negar el testimonio. El valor est\u00e1 en la conducta de los hombres, sin ella poco o nada vale a veces el cinismo de las justificaciones ideol\u00f3gicas. <\/span><\/p>\n<p class=\"MsoNormal\"><span>En un mundo donde parec\u00eda que el consumo nos indicaba el \u00fanico camino hacia la felicidad, la Iglesia, a trav\u00e9s de la fuerza de su nuevo pont\u00edfice, impuso la exigencia de la solidaridad y la verdadera justicia: la religi\u00f3n vino a cubrir las falencias del materialismo en cualquiera de sus versiones. Nos convoca a la fe y a la oraci\u00f3n, no incurre en la superficialidad de conservadores y progresistas, actualiza las verdades eternas en la simpleza de su ejemplo personal. <\/span><\/p>\n<p class=\"MsoNormal\"><span>Las \u00faltimas veces que estuve en su presencia sent\u00ed que la religi\u00f3n puede marcar diferencias en los que eligen su camino. Llamaba al asombro de sus interlocutores. Hoy su ejemplo produce efectos en todo el mundo. Nunca so\u00f1amos como pa\u00eds tener esa inmerecida trascendencia. Y conocerlo es el mejor regalo de la vida. <a name=\"_GoBack\"><\/a><br \/>\n<!--[if !supportLineBreakNewLine]--><br \/>\n<!--[endif]--><\/span><\/p>\n<p class=\"MsoNormal\"><span>El autor es polit\u00f3logo, ex titular del Comfer.<\/span><\/p>\n<p class=\"MsoNormal\"><span> <\/span><\/p>\n","protected":false},"excerpt":{"rendered":"<p>Desde los a\u00f1os de Jorge Bergoglio en la Universidad de El Salvador hasta los primeros pasos como pont\u00edfice, a partir de la visi\u00f3n de uno&#8230;<\/p>\n","protected":false},"author":3,"featured_media":0,"comment_status":"open","ping_status":"open","sticky":false,"template":"","format":"standard","meta":{"_acf_changed":false,"_jetpack_newsletter_access":"","_jetpack_dont_email_post_to_subs":false,"_jetpack_newsletter_tier_id":0,"_jetpack_memberships_contains_paywalled_content":false,"_jetpack_memberships_contains_paid_content":false,"footnotes":""},"categories":[8,6],"tags":[580,80,581,582,583,111],"class_list":["post-9254","post","type-post","status-publish","format-standard","hentry","category-iglesia","category-nota-tapa","tag-barbaro","tag-bergoglio","tag-colegio-de-el-salvador","tag-guardia-de-hierro","tag-iglesia-argentina","tag-kirchner"],"acf":[],"jetpack_featured_media_url":"","jetpack_sharing_enabled":true,"jetpack_shortlink":"https:\/\/wp.me\/p6FC4i-2pg","_links":{"self":[{"href":"https:\/\/www.revistacriterio.com.ar\/bloginst_new\/index.php?rest_route=\/wp\/v2\/posts\/9254","targetHints":{"allow":["GET"]}}],"collection":[{"href":"https:\/\/www.revistacriterio.com.ar\/bloginst_new\/index.php?rest_route=\/wp\/v2\/posts"}],"about":[{"href":"https:\/\/www.revistacriterio.com.ar\/bloginst_new\/index.php?rest_route=\/wp\/v2\/types\/post"}],"author":[{"embeddable":true,"href":"https:\/\/www.revistacriterio.com.ar\/bloginst_new\/index.php?rest_route=\/wp\/v2\/users\/3"}],"replies":[{"embeddable":true,"href":"https:\/\/www.revistacriterio.com.ar\/bloginst_new\/index.php?rest_route=%2Fwp%2Fv2%2Fcomments&post=9254"}],"version-history":[{"count":0,"href":"https:\/\/www.revistacriterio.com.ar\/bloginst_new\/index.php?rest_route=\/wp\/v2\/posts\/9254\/revisions"}],"wp:attachment":[{"href":"https:\/\/www.revistacriterio.com.ar\/bloginst_new\/index.php?rest_route=%2Fwp%2Fv2%2Fmedia&parent=9254"}],"wp:term":[{"taxonomy":"category","embeddable":true,"href":"https:\/\/www.revistacriterio.com.ar\/bloginst_new\/index.php?rest_route=%2Fwp%2Fv2%2Fcategories&post=9254"},{"taxonomy":"post_tag","embeddable":true,"href":"https:\/\/www.revistacriterio.com.ar\/bloginst_new\/index.php?rest_route=%2Fwp%2Fv2%2Ftags&post=9254"}],"curies":[{"name":"wp","href":"https:\/\/api.w.org\/{rel}","templated":true}]}}