{"id":9263,"date":"2014-03-13T16:55:54","date_gmt":"2014-03-13T19:55:54","guid":{"rendered":"http:\/\/www.revistacriterio.com.ar\/bloginst_new\/?p=9263"},"modified":"2014-03-13T16:55:54","modified_gmt":"2014-03-13T19:55:54","slug":"el-primer-documental-sobre-francisco-que-llega-a-la-pantalla-grande","status":"publish","type":"post","link":"https:\/\/www.revistacriterio.com.ar\/bloginst_new\/?p=9263","title":{"rendered":"El primer documental sobre Francisco que llega a la pantalla grande"},"content":{"rendered":"<p class=\"MsoNormal\"><a href=\"https:\/\/www.revistacriterio.com.ar\/bloginst_new\/wp-content\/uploads\/2014\/03\/de-vita-foto-de-miguel-rodriguez-arias.jpg\"><img loading=\"lazy\" decoding=\"async\" class=\"alignright size-thumbnail wp-image-9264\" title=\"de-vita-foto-de-miguel-rodriguez-arias\" src=\"https:\/\/www.revistacriterio.com.ar\/bloginst_new\/wp-content\/uploads\/2014\/03\/de-vita-foto-de-miguel-rodriguez-arias-120x120.jpg\" alt=\"de-vita-foto-de-miguel-rodriguez-arias\" width=\"120\" height=\"120\" \/><\/a>Miguel Rodr\u00edguez Arias concret\u00f3 <em>Francisco de Buenos Aires<\/em>, un trabajo que destaca aspectos fundamentales de la vida del sumo Pont\u00edfice y de su primer a\u00f1o de papado.<!--more--><\/p>\n<p class=\"MsoNormal\"><a href=\"https:\/\/www.revistacriterio.com.ar\/bloginst_new\/wp-content\/uploads\/2014\/03\/14-francisco-de-buenos-aires-auto-papa-1.jpg\"><img loading=\"lazy\" decoding=\"async\" class=\"alignleft size-medium wp-image-9265\" title=\"14-francisco-de-buenos-aires-auto-papa-1\" src=\"https:\/\/www.revistacriterio.com.ar\/bloginst_new\/wp-content\/uploads\/2014\/03\/14-francisco-de-buenos-aires-auto-papa-1-300x155.jpg\" alt=\"14-francisco-de-buenos-aires-auto-papa-1\" width=\"300\" height=\"155\" \/><\/a> Miguel Rodr\u00edguez Arias es un reconocido documentalista argentino aunque siempre haya preferido el perfil bajo. Pero sus trabajos, como el celebrado <em>Las patas de la mentira<\/em>, que inaugur\u00f3 el programa de debate pol\u00edtico en base al an\u00e1lisis del material de archivo; o el profundo documental sobre el juicio a las juntas militares <em>El N\u00fcremberg argentino, <\/em>lo confirman como uno de los fundamentales realizadores locales. Su frondoso archivo, que re\u00fane nada menos que 50 mil horas de programas televisivos, es la fuente segura para la reconstrucci\u00f3n de la memoria televisiva reciente y permite hilvanar con autosuficiencia buena parte de la construcci\u00f3n del relato audiovisual. Rodr\u00edguez Arias, quien se reconoce como agn\u00f3stico pero recuerda la cotidiana presencia de <span>Criterio<\/span> en la casa paterna, en di\u00e1logo con esta revista afirm\u00f3: \u201cSiempre pens\u00e9 que pod\u00eda haber en su elecci\u00f3n como papa la g\u00e9nesis de un documental, y empec\u00e9 a investigar qu\u00e9 ten\u00edamos en el archivo. Encontr\u00e9 varias homil\u00edas, algunos programas que hizo con el rabino Skorka y, cosa muy interesante, las misas que daba en el barrio de Constituci\u00f3n organizadas por la fundaci\u00f3n <em>La Alameda<\/em>. La gran intriga era ver qui\u00e9n era Bergoglio y si exist\u00eda una coherencia entre el discurso y la pr\u00e1ctica\u201d.<\/p>\n<p class=\"MsoNormal\"><strong><em>\u2013\u00bfY qu\u00e9 encontr\u00f3?<\/em><\/strong><\/p>\n<p class=\"MsoNormal\"><strong><em>\u2013<\/em><\/strong>Yo ten\u00eda la informaci\u00f3n que ven\u00eda de los diarios, que no tiene la amplitud que puede dar una investigaci\u00f3n. En esos d\u00edas sali\u00f3 la reedici\u00f3n del libro de conversaciones de Sergio Rubin y Francesca Ambrogetti y all\u00ed encontr\u00e9 muchas claves para seguir, y luego la llamamos a Mar\u00eda Elena Bergoglio para entrevistarla. Me hab\u00edan dicho que cuando fuera a verla iba a encontrarme con una ama de casa muy simple, pero se trata de una persona de gran formaci\u00f3n. Una constante es la austeridad practicada, y lo que m\u00e1s pesaba en su educaci\u00f3n familiar era el ejemplo. Eso es lo que pasa con Bergoglio: tiene credibilidad y poder pol\u00edtico y religioso por su coherencia y est\u00e1 provocando una revoluci\u00f3n de la igualdad.<\/p>\n<p class=\"MsoNormal\"><strong><em>\u2013\u00bfC\u00f3mo se vincula con todo este universo siendo agn\u00f3stico?<\/em><\/strong><\/p>\n<p class=\"MsoNormal\"><strong><em>\u2013<\/em><\/strong>Soy agn\u00f3stico pero no tengo ning\u00fan rechazo hacia la Iglesia; mi hija misiona, acompa\u00f1o a mi mujer a misa y mis padres eran muy cat\u00f3licos. Mi madre era profesora de religi\u00f3n y moral recibida en el Instituto Superior de Cultura Religiosa en la calle Rodr\u00edguez Pe\u00f1a. Tuve una formaci\u00f3n cat\u00f3lica y, m\u00e1s all\u00e1 de mi definici\u00f3n como agn\u00f3stico, siempre me preocup\u00e9 por el destino y por los problemas que aquejaron a la Iglesia.<\/p>\n<p class=\"MsoNormal\"><strong><em>\u2013\u00bfEn que se diferencia <\/em><\/strong><strong>Francisco de Buenos Aires<em> de otros trabajos que ya se hicieron sobre el Papa? \u00bfPudo verlos?<\/em><\/strong><\/p>\n<p class=\"MsoNormal\"><strong><em>\u2013<\/em><\/strong>Vi todo lo que tuve a mi alcance, como los de <em>Discovery, History, Nat Geo<\/em>, uno m\u00e1s de la productora espa\u00f1ola <em>Goya<\/em>, y otro hecho ac\u00e1 que era muy pobre y parec\u00eda un power point. Lo primero que diferencia a <em>Francisco de Buenos Aires<\/em> es el archivo, ya que es muy dif\u00edcil conseguir material sobre \u00e9l. Nosotros somos archivistas y sabemos lo arduo que es encontrar registros. Nosotros tenemos todo lo referente a \u00e9l desde el a\u00f1o 2000, e incluso contamos con im\u00e1genes anteriores que nos cedi\u00f3 Fernando Pugliese de cuando hizo <em>Tierra Santa<\/em> y pidi\u00f3 asesoramiento a Bergoglio. Ya en ese encuentro se manifiesta su profundo inter\u00e9s por el di\u00e1logo interreligioso.<\/p>\n<p class=\"MsoNormal\"><strong>\u2013\u00bfQu\u00e9 encontr\u00f3 en esa sistem\u00e1tica revisi\u00f3n de archivo?<\/strong><\/p>\n<p class=\"MsoNormal\"><strong><em>\u2013<\/em><\/strong>Su deseo, muy marcado, de recuperar los valores del Concilio Vaticano II. Eso aparece en los testimonios y tambi\u00e9n en libros como los de Omar Bello o Elisabetta Piqu\u00e9. Y la amplitud de Bergoglio, como visitar en su lecho de muerte a monse\u00f1or Jer\u00f3nimo Podest\u00e1, y luego hacerse muy amigo de Clelia Luro. Nosotros la entrevistamos tres d\u00edas antes de su muerte y est\u00e1 su testimonio de que se comunicaron todos los domingos durante 13 a\u00f1os. La recuperaci\u00f3n de esos valores tambi\u00e9n se manifestaba en su preocupaci\u00f3n por los pobres, la colegialidad, el di\u00e1logo interreligioso\u2026 conceptos que Pablo VI no pudo recuperar; luego Juan Pablo I fue papa 33 d\u00edas y, a posteriori, Juan Pablo II y Benedicto XVI, que no se ocuparon. Francisco siempre lo tuvo muy claro.<\/p>\n<p class=\"MsoNormal\"><strong>En el momento de ser electo papa existieron denuncias sobre su participaci\u00f3n en la \u00faltima dictadura militar. \u00bfC\u00f3mo aborda ese tema en el documental?<\/strong><\/p>\n<p class=\"MsoNormal\"><strong><em>\u2013<\/em><\/strong>Entrevistamos a Nello Scavo, que escribi\u00f3 <em>La lista de Bergoglio<\/em>, y es un testimonio fundamental en base a una investigaci\u00f3n muy buena. Es curioso porque, a veces, un investigador extranjero con tiempo limitado consigue datos m\u00e1s interesantes. Me pas\u00f3 lo mismo con un investigador enviado por la corona holandesa para averiguar sobre las actividades del padre de M\u00e1xima Zorriagueta, para otro documental que hice llamado <em>Civiles y militares<\/em>. Tengo tambi\u00e9n las declaraciones de Bergoglio en los juicios por lesa humanidad donde, interrogado por Luis Zamora, responde todas las preguntas. Hay tres fragmentos de ese juicio y es un cap\u00edtulo muy importante.<\/p>\n<p class=\"MsoNormal\"><strong><em>\u2013<\/em><\/strong><strong>\u00bfY con relaci\u00f3n a las cr\u00edticas al gobierno kirchnerista?<\/strong><\/p>\n<p class=\"MsoNormal\"><strong><em>\u2013<\/em><\/strong>El documental deja algo bien claro: \u00e9l critic\u00f3 a todos los gobiernos. Tenemos las homil\u00edas ante De la R\u00faa, Duhalde e incluso el \u00faltimo al que fue el matrimonio Kirchner en la Catedral metropolitana. \u00c9l critica una situaci\u00f3n social, un sistema y realidades muy concretas y lo explica cuando se refiere al ansia de lucro sin l\u00edmites.<\/p>\n<p class=\"MsoNormal\"><strong><em>\u2013<\/em><\/strong><strong>\u00bfHay alguna mirada cr\u00edtica a la figura de Francisco?<\/strong><\/p>\n<p class=\"MsoNormal\"><strong><em>\u2013<\/em><\/strong>La mirada critica est\u00e1 m\u00e1s enfocada en el Vaticano que en el Papa, porque \u00e9l viene a transformar la Iglesia. Lo que encontramos fueron muchas de sus autocr\u00edticas, entonces\u2026 \u00bfqu\u00e9 mejor que incluirlo autocritic\u00e1ndose? Porque nadie lo hace, mucho menos un l\u00edder de su envergadura, y entonces tiene mucho m\u00e1s valor que la cr\u00edtica. Entrevistamos al d<span lang=\"ES\">irector del<span> <\/span><em><span>Centro Televisivo Vaticano<\/span><\/em>,<span> monse\u00f1or<\/span> Dario Edoardo<span> <\/span><em><span>Vigan\u00f3<\/span><\/em><\/span>, que fue director de cine,\u00a0 y nos dijo: \u201cLa gente ven\u00eda a Roma a ver a Juan Pablo II, ven\u00eda a Roma a escuchar a Benedicto XVI, y ahora viene a abrazar a Francisco\u201d. No hay muchas cr\u00edticas que puedan hac\u00e9rsele porque, simplemente, Francisco predica con el ejemplo.<\/p>\n<p class=\"MsoNormal\">\n<div>\n<p class=\"MsoNormal\"><strong><em>\u201cNo se puede hablar del c\u00f3nclave\u201d<\/em><\/strong><\/p>\n<p class=\"MsoNormal\">Uno de los entrevistados por Miguel Rodr\u00edguez Arias es <span><span lang=\"ES\"> <\/span><\/span><span lang=\"ES\">el cardenal argentino Jorge Mej\u00eda, bibliotecario y archivista em\u00e9rito de la Santa Sede y director de <span>Criterio<\/span><strong> <\/strong>entre 1957 y 1978. \u201cMej\u00eda ayud\u00f3 mucho a Bergoglio a prepararse para el c\u00f3nclave. Por el estr\u00e9s, unos d\u00edas antes, sufri\u00f3 un infarto y lo internaron. El 14, luego de que fuera elegido papa, Bergoglio lo visit\u00f3 en la cl\u00ednica donde estaba en terapia intensiva. Hablaron muy poco del c\u00f3nclave porque es secreto, pero nos dice Mej\u00eda a c\u00e1mara: \u2018Me dijo una sola cosa, que en un momento no se sab\u00eda c\u00f3mo ven\u00eda la cosa pero de golpe se dio vuelta la tortilla, y yo sab\u00eda qu\u00e9 significaba que se hab\u00eda dado vuelta la tortilla, y sab\u00eda que un lado de la tortilla lo ten\u00eda frente a m\u00ed\u201d. <\/span><\/p>\n<\/div>\n","protected":false},"excerpt":{"rendered":"<p>Miguel Rodr\u00edguez Arias concret\u00f3 Francisco de Buenos Aires, un trabajo que destaca aspectos fundamentales de la vida del sumo Pont\u00edfice y de su primer a\u00f1o&#8230;<\/p>\n","protected":false},"author":3,"featured_media":0,"comment_status":"open","ping_status":"open","sticky":false,"template":"","format":"standard","meta":{"_acf_changed":false,"_jetpack_newsletter_access":"","_jetpack_dont_email_post_to_subs":false,"_jetpack_newsletter_tier_id":0,"_jetpack_memberships_contains_paywalled_content":false,"_jetpack_memberships_contains_paid_content":false,"footnotes":""},"categories":[8,6],"tags":[80,101,538,530,592,593,514],"class_list":["post-9263","post","type-post","status-publish","format-standard","hentry","category-iglesia","category-nota-tapa","tag-bergoglio","tag-dialogo","tag-francisco","tag-kirchnerismo","tag-la-alameda","tag-miguel-rodriguez-arias","tag-skorka"],"acf":[],"jetpack_featured_media_url":"","jetpack_sharing_enabled":true,"jetpack_shortlink":"https:\/\/wp.me\/p6FC4i-2pp","_links":{"self":[{"href":"https:\/\/www.revistacriterio.com.ar\/bloginst_new\/index.php?rest_route=\/wp\/v2\/posts\/9263","targetHints":{"allow":["GET"]}}],"collection":[{"href":"https:\/\/www.revistacriterio.com.ar\/bloginst_new\/index.php?rest_route=\/wp\/v2\/posts"}],"about":[{"href":"https:\/\/www.revistacriterio.com.ar\/bloginst_new\/index.php?rest_route=\/wp\/v2\/types\/post"}],"author":[{"embeddable":true,"href":"https:\/\/www.revistacriterio.com.ar\/bloginst_new\/index.php?rest_route=\/wp\/v2\/users\/3"}],"replies":[{"embeddable":true,"href":"https:\/\/www.revistacriterio.com.ar\/bloginst_new\/index.php?rest_route=%2Fwp%2Fv2%2Fcomments&post=9263"}],"version-history":[{"count":0,"href":"https:\/\/www.revistacriterio.com.ar\/bloginst_new\/index.php?rest_route=\/wp\/v2\/posts\/9263\/revisions"}],"wp:attachment":[{"href":"https:\/\/www.revistacriterio.com.ar\/bloginst_new\/index.php?rest_route=%2Fwp%2Fv2%2Fmedia&parent=9263"}],"wp:term":[{"taxonomy":"category","embeddable":true,"href":"https:\/\/www.revistacriterio.com.ar\/bloginst_new\/index.php?rest_route=%2Fwp%2Fv2%2Fcategories&post=9263"},{"taxonomy":"post_tag","embeddable":true,"href":"https:\/\/www.revistacriterio.com.ar\/bloginst_new\/index.php?rest_route=%2Fwp%2Fv2%2Ftags&post=9263"}],"curies":[{"name":"wp","href":"https:\/\/api.w.org\/{rel}","templated":true}]}}