{"id":9362,"date":"2014-05-12T23:27:37","date_gmt":"2014-05-13T02:27:37","guid":{"rendered":"http:\/\/www.revistacriterio.com.ar\/bloginst_new\/?p=9362"},"modified":"2014-05-12T23:27:37","modified_gmt":"2014-05-13T02:27:37","slug":"el-atrio-es-una-oportunidad","status":"publish","type":"post","link":"https:\/\/www.revistacriterio.com.ar\/bloginst_new\/?p=9362","title":{"rendered":"El Atrio es una oportunidad"},"content":{"rendered":"<p class=\"MsoNormal\"><span lang=\"ES-TRAD\"><a href=\"https:\/\/www.revistacriterio.com.ar\/bloginst_new\/wp-content\/uploads\/2014\/05\/foto-para-reemplazar-pag-35.jpg\"><img loading=\"lazy\" decoding=\"async\" class=\"alignleft size-thumbnail wp-image-9401\" title=\"foto-para-reemplazar-pag-35\" src=\"https:\/\/www.revistacriterio.com.ar\/bloginst_new\/wp-content\/uploads\/2014\/05\/foto-para-reemplazar-pag-35-120x120.jpg\" alt=\"foto-para-reemplazar-pag-35\" width=\"120\" height=\"120\" \/><\/a>El Atrio de los gentiles en la Argentina ofrece la oportunidad de reflexionar sobre un futuro de consensos y fortalecimiento institucional para la sociedad.<!--more--><\/span><\/p>\n<p class=\"MsoNormal\">En marzo de 2013, cuando el economista Stefano Zamagni, de la Universidad de Bologna y consultor del Vaticano, visit\u00f3 Buenos Aires, en una reuni\u00f3n con un grupo de referentes de la sociedad, le pedimos alguna pista sobre el posible sucesor de Benedicto XVI. En ese contexto, su opini\u00f3n se orientaba a dos purpurados de relieve, uno m\u00e1s previsible que otro, pero la figura de Jorge Bergoglio no aparec\u00eda. Fue una sorpresa el resultado. Bergoglio termin\u00f3 no volviendo a Buenos Aires, y se convirti\u00f3 en Francisco.<\/p>\n<p class=\"MsoNormal\"><span lang=\"ES-TRAD\">La riqueza del horizonte social que expone Zamagni y el magnetismo de la figura de Francisco fueron motivo para promover un segundo encuentro con \u00e9l, pero ya en la antigua Universidad de Bologna, la primera de Europa. En ese seminario, realizado en mayo de 2013, surgi\u00f3 una posterior reuni\u00f3n en Roma con el cardenal Gianfranco Ravasi. <\/span><\/p>\n<p class=\"MsoNormal\"><span lang=\"ES-TRAD\">Y tan audaz como fue el viaje a Bologna de una treintena de referentes argentinos, fue la sugerencia de Zamagni y luego la encomienda de Ravasi, para que el Foro Ecum\u00e9nico Social se ocupara de organizar el Atrio de los gentiles en la Argentina.<\/span><\/p>\n<p class=\"MsoNormal\"><span lang=\"ES-TRAD\">La realizaci\u00f3n de este encuentro en \u201cel fin del mundo\u201d podr\u00eda verse como la convergencia de muchos actores con una audacia razonable, una postura abierta a construir algo nuevo, y la adhesi\u00f3n y disposici\u00f3n necesarias para que las cosas sucedan. As\u00ed fue siempre la vida del Foro Ecum\u00e9nico Social, desde su primer presidente, el jesuita Jean-Yves Calvez, hasta el actual, el muy querido Francesco Ballarini. <\/span><\/p>\n<p class=\"MsoNormal\"><span lang=\"ES-TRAD\">Pero\u2026 \u00bfqu\u00e9 es el Atrio de los gentiles?<\/span><\/p>\n<p class=\"MsoNormal\"><span lang=\"ES-TRAD\">Se trata de un encuentro de di\u00e1logo social y cultural, que en este caso se convierte en una oportunidad. Como la vida, como toda vida, es una oportunidad. Y si pensamos en audacia razonable, compromiso, adhesi\u00f3n y conveniencia, podr\u00eda ser una gran oportunidad.<\/span><\/p>\n<p class=\"MsoNormal\"><span lang=\"ES-TRAD\">Con el l\u00edmite que impone todo di\u00e1logo social y cultural, pero considerando un posible alcance de un horizonte superador, la realizaci\u00f3n de este programa despierta inquietud y motivaci\u00f3n para so\u00f1ar con algo singular, amplio y profundo.<\/span><\/p>\n<p class=\"MsoNormal\"><span lang=\"ES-TRAD\">A la hora de pensar en lo m\u00e1s arduo, el \u201cc\u00f3mo\u201d, su instrumentaci\u00f3n, se coincidi\u00f3 en apuntar a la amplitud y a la ayuda de muchos. A un equipo ejecutivo se sumar\u00e1 un consejo consultivo de un n\u00famero importante de referentes sociales, acad\u00e9micos y empresarios. La r\u00e1pida y bien decidida respuesta de adhesi\u00f3n de m\u00e1s de treinta de ellos nos confirma que avanzamos por un buen camino. Hubo quien, al ser invitado, dijo\u00a0 \u201cPero si soy ateo, c\u00f3mo voy a estar ah\u00ed\u201d. La respuesta fue: \u201cEntonces est\u00e1s bien elegido\u2026 \u00a1adentro!\u201d. O tambi\u00e9n: \u201cNo estoy seguro de poder asistir a todas las reuniones, no podr\u00e9 aportar mucho debido al poco tiempo del que dispongo\u201d. La respuesta: \u201cEntonces, dada tus responsabilidades, detr\u00e1s de tu figura hay gran cantidad de gente de mucho valor que puede contribuir y seguir potenciando sus esfuerzos y trabajo\u2026 \u00a1adentro!\u201d. <\/span><\/p>\n<p class=\"MsoNormal\"><span lang=\"ES-TRAD\">Y comenzamos a pensar en la acci\u00f3n. <\/span><\/p>\n<p class=\"MsoNormal\"><span lang=\"ES-TRAD\">Imaginamos sumar diversas actividades previas de este encuentro, que quiz\u00e1s ya formen parte de la vida de nuestro pa\u00eds, pero que pueden reconocerse a s\u00ed mismas como \u201cpreparatorias\u201d de este encuentro de di\u00e1logo social y cultural.<\/span><\/p>\n<p class=\"MsoNormal\"><span lang=\"ES-TRAD\">Adem\u00e1s del apoyo de quienes est\u00e1n llevando adelante la organizaci\u00f3n del Atrio en s\u00ed, el Consejo Consultivo Honorario se esforzar\u00e1 para congregar a diversos expertos e imaginar, como sugiri\u00f3 Rosendo Fraga, \u201cdesde el futuro\u201d la Argentina de hoy. <\/span><\/p>\n<p class=\"MsoNormal\"><span lang=\"ES-TRAD\">Est\u00e1 prevista la redacci\u00f3n de un documento de trabajo que ser\u00eda una actividad preparatoria en s\u00ed misma.<\/span><\/p>\n<p class=\"MsoNormal\"><span lang=\"ES-TRAD\">Si uno repasa las personas que aceptaron integrar el Consejo puede dimensionar el enorme potencial de contenidos que este Atrio podr\u00eda volcar al di\u00e1logo. <\/span><span lang=\"ES\">Hasta el momento integran este Consejo <\/span><span lang=\"ES-TRAD\">Luis Bameule (Agritur San Luis), Gustavo Marangoni (Banco Provincia de Buenos Aires), Carlos Balter (Balter &amp; Asociados), Esteban Bicarelli (BLapp Asuntos P\u00fablicos y Parlamentarios), Guillermo Ambrogi (C\u00e1mara Espa\u00f1ola de Comercio de la Rep\u00fablica Argentina &#8211; CECRA), Mart\u00edn Dedeu (C\u00e1mara de Empresarios Mineros), Adalberto Rodr\u00edguez Giavarini (Consejo Argentino para las Relaciones Internacionales &#8211; CARI), Rosendo Fraga (Centro Estudios para la Nueva Mayor\u00eda), Enzo Pagani (Club Boca Juniors), Eleonora Jaureguiberry (Direcci\u00f3n General de Cultura Municipalidad de San Isidro), Mario Petrucci (Escuela de alto rendimiento en matem\u00e1tica \u00abPierre Fermat\u00bb. Escuela de Ajedrez de Villa Martelli), Daniel Sabsay (Fundaci\u00f3n Ambiente y Recursos Naturales &#8211; FARN), Mar\u00eda Kodama (Fundaci\u00f3n Internacional Jorge Luis Borges), Luis Ovsejevich (Fundaci\u00f3n Konex), Alan Clutterback (Fundaci\u00f3n Red de Acci\u00f3n Pol\u00edtica \u2013 RAP), Graciela Ad\u00e1n (Fundaci\u00f3n Universitaria del Rio de la Plata \u2013 FURP), Horacio Cristiani (Gas Natural Fenosa. CARITAS), Roberto Maiocchi (Grupo Los Tilos), Gast\u00f3n Corral (HSBC), Guillermo Scarabino (Instituto Superior de Arte del Teatro Col\u00f3n), Jos\u00e9 Schuster (KPMG), Pablo Roviralta (Laboratorios Andr\u00f3maco), H\u00e9ctor D\u00b4Amico (La Naci\u00f3n), Gustavo Grobocopatel (Los Grobo Agropecuaria), Daniel Felici (Odebretch), Tom\u00e1s S\u00e1nchez de Bustamante (OSDE), Guillermo Baistrocchi (Pan American Energy),\u00a0<span> <\/span>Daniel Arroyo (Red de Prioridades Argentinas), Jos\u00e9 Mar\u00eda Poirier (Revista Criterio), Jos\u00e9 Luis Rodr\u00edguez Zarco y Eduardo Bonal (Telef\u00f3nica de Argentina), Jorge \u00c1lvarez (Uni\u00f3n de Entidades de Servicios &#8211; UDES), V\u00edctor Fern\u00e1ndez S.J. (Universidad Cat\u00f3lica Argentina \u2013 UCA), Alfonso G\u00f3mez S.J.(Universidad Cat\u00f3lica de C\u00f3rdoba) y quien escribe.<\/span><\/p>\n<p class=\"MsoNormal\"><span lang=\"ES-TRAD\">Con compromiso y b\u00fasqueda de un consenso superador, que nos haga visualizar un horizonte social rico en alianzas y grandeza institucional, intentaremos que este Atrio sea una oportunidad bien aprovechada. <\/span><\/p>\n<p class=\"MsoNormal\"><span lang=\"ES-TRAD\"> <\/span><\/p>\n<p class=\"MsoNormal\"><em><span lang=\"ES-TRAD\">El autor es miembro fundador del Foro Ecum\u00e9nico Social. Presidente del Consejo Consultivo Honorario del Atrio de los gentiles, Argentina 2014. Director de RRII de BBVA Franc\u00e9s.<\/span><\/em><\/p>\n","protected":false},"excerpt":{"rendered":"<p>El Atrio de los gentiles en la Argentina ofrece la oportunidad de reflexionar sobre un futuro de consensos y fortalecimiento institucional para la sociedad.<\/p>\n","protected":false},"author":3,"featured_media":0,"comment_status":"open","ping_status":"open","sticky":false,"template":"","format":"standard","meta":{"_acf_changed":false,"_jetpack_newsletter_access":"","_jetpack_dont_email_post_to_subs":false,"_jetpack_newsletter_tier_id":0,"_jetpack_memberships_contains_paywalled_content":false,"_jetpack_memberships_contains_paid_content":false,"footnotes":""},"categories":[4,5],"tags":[666,667,538,668],"class_list":["post-9362","post","type-post","status-publish","format-standard","hentry","category-cultura","category-sociedad","tag-atrio-de-los-gentiles","tag-foro-ecumenico-social","tag-francisco","tag-zamagni"],"acf":[],"jetpack_featured_media_url":"","jetpack_sharing_enabled":true,"jetpack_shortlink":"https:\/\/wp.me\/p6FC4i-2r0","_links":{"self":[{"href":"https:\/\/www.revistacriterio.com.ar\/bloginst_new\/index.php?rest_route=\/wp\/v2\/posts\/9362","targetHints":{"allow":["GET"]}}],"collection":[{"href":"https:\/\/www.revistacriterio.com.ar\/bloginst_new\/index.php?rest_route=\/wp\/v2\/posts"}],"about":[{"href":"https:\/\/www.revistacriterio.com.ar\/bloginst_new\/index.php?rest_route=\/wp\/v2\/types\/post"}],"author":[{"embeddable":true,"href":"https:\/\/www.revistacriterio.com.ar\/bloginst_new\/index.php?rest_route=\/wp\/v2\/users\/3"}],"replies":[{"embeddable":true,"href":"https:\/\/www.revistacriterio.com.ar\/bloginst_new\/index.php?rest_route=%2Fwp%2Fv2%2Fcomments&post=9362"}],"version-history":[{"count":0,"href":"https:\/\/www.revistacriterio.com.ar\/bloginst_new\/index.php?rest_route=\/wp\/v2\/posts\/9362\/revisions"}],"wp:attachment":[{"href":"https:\/\/www.revistacriterio.com.ar\/bloginst_new\/index.php?rest_route=%2Fwp%2Fv2%2Fmedia&parent=9362"}],"wp:term":[{"taxonomy":"category","embeddable":true,"href":"https:\/\/www.revistacriterio.com.ar\/bloginst_new\/index.php?rest_route=%2Fwp%2Fv2%2Fcategories&post=9362"},{"taxonomy":"post_tag","embeddable":true,"href":"https:\/\/www.revistacriterio.com.ar\/bloginst_new\/index.php?rest_route=%2Fwp%2Fv2%2Ftags&post=9362"}],"curies":[{"name":"wp","href":"https:\/\/api.w.org\/{rel}","templated":true}]}}