{"id":9560,"date":"2014-07-24T19:42:44","date_gmt":"2014-07-24T22:42:44","guid":{"rendered":"http:\/\/www.revistacriterio.com.ar\/bloginst_new\/?p=9560"},"modified":"2014-07-24T19:42:44","modified_gmt":"2014-07-24T22:42:44","slug":"una-paz-posible-necesaria-y-urgente","status":"publish","type":"post","link":"https:\/\/www.revistacriterio.com.ar\/bloginst_new\/?p=9560","title":{"rendered":"Una paz posible, necesaria y urgente"},"content":{"rendered":"<p class=\"MsoNormal\"><span>Una vez m\u00e1s, la vieja Palestina sangra por sus conflictos irresueltos y la desproporci\u00f3n de los poderes en pugna. <\/span>Las resoluciones de las Naciones Unidas que podr\u00edan encauzar una salida negociada, llevan d\u00e9cadas sin ser cumplidas.<!--more--><\/p>\n<p class=\"MsoNormal\"><span><a href=\"https:\/\/www.revistacriterio.com.ar\/bloginst_new\/wp-content\/uploads\/2014\/07\/91047_n.jpg\"><img loading=\"lazy\" decoding=\"async\" class=\"alignright size-medium wp-image-9563\" title=\"91047_n\" src=\"https:\/\/www.revistacriterio.com.ar\/bloginst_new\/wp-content\/uploads\/2014\/07\/91047_n-300x197.jpg\" alt=\"91047_n\" width=\"300\" height=\"197\" \/><\/a>El proceso de paz comenzado en medio de grandes esperanzas en Oslo yace ahogado entre los extremismos de uno y otro contrincante que mantienen secuestrada a la poblaci\u00f3n de dos naciones que a\u00f1oran una paz justa y duradera.<\/span><\/p>\n<p class=\"MsoNormal\"><span>En estos d\u00edas se ensaya un alto el fuego mientras los muertos se acumulan por centenares y los heridas por millares en un lado y por decenas en el otro.<\/span><\/p>\n<p class=\"MsoNormal\"><span>Disparar cohetes contra la poblaci\u00f3n civil es un crimen cometido por organizaciones que muchos Estados califican de terroristas.<\/span><span><br \/>\n<span>Bombardear objetivos militares con efectos indiscriminados en la poblaci\u00f3n civil en ciudades densamente habitadas, se expone a ser considerado un crimen de guerra cometido por fuerzas regulares de un Estado que por ser miembro de las Naciones Unidas se ha comprometido a ser amante de la paz.<\/span><\/span><\/p>\n<p class=\"MsoNormal\"><span>Los demonios est\u00e1n nuevamente celebrando su org\u00eda de sangre.<\/span><\/p>\n<p class=\"MsoNormal\"><span>No es una guerra de buenos contra malos sino un conflicto entre hermanos incomunicados que han olvidado a Abraham, su Padre com\u00fan, se odian y se matan entre s\u00ed.<\/span><\/p>\n<p class=\"MsoNormal\"><span>Mientras todo esto ocurre en Palestina, Siria contin\u00faa su doloroso prolongado suicidio e\u00a0 Irak se deteriora por mano de una de las vertientes fundamentalistas del Islam. El Califato que en su af\u00e1n de dominio pretende erigirse, mata a los musulmanes que no se pliegan a su voluntad y persigue expulsa a los cristianos que han considerado al pa\u00eds su hogar por dos milenios.<\/span><\/p>\n<p class=\"MsoNormal\"><span>La reciente visita del Papa Francisco a la Tierra Santa, sus gestos y mensajes, recuerdan a los responsables por el bien com\u00fan de las poblaciones de todo el Medio Oriente que la paz es posible, necesaria y urgente, particularmente cuanto m\u00e1s dif\u00edcil parece de alcanzar.<\/span><\/p>\n","protected":false},"excerpt":{"rendered":"<p>Una vez m\u00e1s, la vieja Palestina sangra por sus conflictos irresueltos y la desproporci\u00f3n de los poderes en pugna. Las resoluciones de las Naciones Unidas&#8230;<\/p>\n","protected":false},"author":3,"featured_media":0,"comment_status":"open","ping_status":"open","sticky":false,"template":"","format":"standard","meta":{"_acf_changed":false,"_jetpack_newsletter_access":"","_jetpack_dont_email_post_to_subs":false,"_jetpack_newsletter_tier_id":0,"_jetpack_memberships_contains_paywalled_content":false,"_jetpack_memberships_contains_paid_content":false,"footnotes":""},"categories":[7,6],"tags":[780,135,136,781,782,188],"class_list":["post-9560","post","type-post","status-publish","format-standard","hentry","category-editoriales","category-nota-tapa","tag-guerra","tag-israel","tag-judios","tag-palestina","tag-palestinos","tag-paz"],"acf":[],"jetpack_featured_media_url":"","jetpack_sharing_enabled":true,"jetpack_shortlink":"https:\/\/wp.me\/p6FC4i-2uc","_links":{"self":[{"href":"https:\/\/www.revistacriterio.com.ar\/bloginst_new\/index.php?rest_route=\/wp\/v2\/posts\/9560","targetHints":{"allow":["GET"]}}],"collection":[{"href":"https:\/\/www.revistacriterio.com.ar\/bloginst_new\/index.php?rest_route=\/wp\/v2\/posts"}],"about":[{"href":"https:\/\/www.revistacriterio.com.ar\/bloginst_new\/index.php?rest_route=\/wp\/v2\/types\/post"}],"author":[{"embeddable":true,"href":"https:\/\/www.revistacriterio.com.ar\/bloginst_new\/index.php?rest_route=\/wp\/v2\/users\/3"}],"replies":[{"embeddable":true,"href":"https:\/\/www.revistacriterio.com.ar\/bloginst_new\/index.php?rest_route=%2Fwp%2Fv2%2Fcomments&post=9560"}],"version-history":[{"count":0,"href":"https:\/\/www.revistacriterio.com.ar\/bloginst_new\/index.php?rest_route=\/wp\/v2\/posts\/9560\/revisions"}],"wp:attachment":[{"href":"https:\/\/www.revistacriterio.com.ar\/bloginst_new\/index.php?rest_route=%2Fwp%2Fv2%2Fmedia&parent=9560"}],"wp:term":[{"taxonomy":"category","embeddable":true,"href":"https:\/\/www.revistacriterio.com.ar\/bloginst_new\/index.php?rest_route=%2Fwp%2Fv2%2Fcategories&post=9560"},{"taxonomy":"post_tag","embeddable":true,"href":"https:\/\/www.revistacriterio.com.ar\/bloginst_new\/index.php?rest_route=%2Fwp%2Fv2%2Ftags&post=9560"}],"curies":[{"name":"wp","href":"https:\/\/api.w.org\/{rel}","templated":true}]}}