{"id":9702,"date":"2014-09-09T18:02:20","date_gmt":"2014-09-09T21:02:20","guid":{"rendered":"http:\/\/www.revistacriterio.com.ar\/bloginst_new\/?p=9702"},"modified":"2014-09-09T18:02:20","modified_gmt":"2014-09-09T21:02:20","slug":"la-inocencia-suspension-remocion-o-condena-de-boudou","status":"publish","type":"post","link":"https:\/\/www.revistacriterio.com.ar\/bloginst_new\/?p=9702","title":{"rendered":"La inocencia, suspensi\u00f3n, remoci\u00f3n o condena de Boudou"},"content":{"rendered":"<p class=\"MsoNormal\"><span><a href=\"https:\/\/www.revistacriterio.com.ar\/bloginst_new\/wp-content\/uploads\/2014\/09\/71511_boudou.jpg\"><img loading=\"lazy\" decoding=\"async\" class=\"alignright size-thumbnail wp-image-9703\" title=\"71511_boudou\" src=\"https:\/\/www.revistacriterio.com.ar\/bloginst_new\/wp-content\/uploads\/2014\/09\/71511_boudou-120x120.jpg\" alt=\"71511_boudou\" width=\"120\" height=\"120\" \/><\/a>La continuidad de Amado Boudou en la Vicepresidencia de la Naci\u00f3n a pesar de su complicada situaci\u00f3n judicial tiene graves consecuencias pol\u00edticas.<!--more--><\/span><\/p>\n<p class=\"MsoNormal\">La comisi\u00f3n de juicio pol\u00edtico de la C\u00e1mara de Diputados rechaz\u00f3 <em>in limine<\/em> los ocho pedidos de juicio pol\u00edtico al vicepresidente Amado Boudou, luego de ser procesado por el juez Ariel Lijo por \u201ccohecho pasivo\u00bb (coima) y \u201cnegociaciones incompatibles con la funci\u00f3n p\u00fablica\u201d. La raz\u00f3n que dio la diputada <span lang=\"ES\">Juliana Di Tullio es que<\/span><span lang=\"ES\"> \u201chay un proceso judicial en marcha, y ser\u00eda entorpecer e invadir al poder judicial\u201d.<\/span><span lang=\"ES\"> <\/span>Sergio Berni agreg\u00f3: \u201cEstamos convencidos de la inocencia del vicepresidente\u201d.<\/p>\n<p class=\"MsoNormal\"><span>Adela Segarra, presidenta de dicha comisi\u00f3n, dijo que la causa Ciccone \u201cse est\u00e1 tramitando\u201d a\u00fan en la justicia y que todav\u00eda \u201cno hay sentencia\u201d contra el vecino de Puerto Madero. No aclara que en los proyectos, adem\u00e1s de la apropiaci\u00f3n de la Calcogr\u00e1fica, se lo\u00a0 denunciaba por otros delitos, como el de enriquecimiento il\u00edcito. Los oficialistas agregaron que abrir un juicio pol\u00edtico \u201cimplicar\u00eda una presi\u00f3n al Poder Judicial y al magistrado que est\u00e1 efectuando su investigaci\u00f3n\u201d y que, con ello, \u201cse alterar\u00eda la divisi\u00f3n de poderes\u201d. <\/span><\/p>\n<p class=\"MsoNormal\"><span>Lo cierto es que hoy el ciudadano Boudou, que es inocente por no haber sido condenado, est\u00e1 procesado en la justicia penal, como cualquier hijo de vecino; pero como vicepresidente, los K se niegan iniciarle el juicio pol\u00edtico (arts. 53, 59 y 60 Const. Nac.), en el que podr\u00eda ser suspendido y, m\u00e1s tarde, removido de su cargo. Mientras tanto, la opini\u00f3n p\u00fablica ya lo conden\u00f3.<\/span><\/p>\n<p class=\"MsoNormal\"><span>En el juicio pol\u00edtico, el fallo del Senado que puede condenarlo \u201cno tendr\u00e1 m\u00e1s efecto que destituir al acusado (\u2026) Pero la parte condenada quedar\u00e1, no obstante, sujeta a acusaci\u00f3n, juicio y castigo conforme a las leyes ante los tribunales ordinarios\u201d (art. 60 de la Constituci\u00f3n Nacional). Pero aqu\u00ed se invirtieron los t\u00e9rminos: el juicio pol\u00edtico tendr\u00eda que comenzar y terminar antes que el judicial. Por su inmunidad Boudou pudo no asistir a la indagatoria, y, luego de la misma, si el juez tuviera que ordenarle prisi\u00f3n preventiva o el tribunal condenarlo a prisi\u00f3n tendr\u00eda antes que ser desaforado o removido de su cargo por el Senado. <\/span><\/p>\n<p class=\"MsoNormal\"><span>Si a un empleado administrativo se lo descubre al cobrar una coima, adem\u00e1s de la denuncia penal, se le hace un sumario administrativo, se lo suspende en sus funciones y, luego de probado el hecho, se lo deja cesante, sin esperar que un juez lo condene. <\/span><\/p>\n<p class=\"MsoNormal\"><span>Con los altos funcionarios del Gobierno, como es el caso del Vicepresidente, ocurre lo mismo: se les hace juicio pol\u00edtico, se los suspende en sus funciones si los hechos son graves y, luego de darle oportunidad de defenderse y de probado los hechos por los que se lo acusa, se lo remueve del cargo. En este proceso es posible y necesaria la publicidad que Boudou pretend\u00eda para su indagatoria ante el juez Lijo, contrariando el sigilo que impone el C\u00f3digo Procesal Penal. Luego de la remoci\u00f3n ser\u00e1 posible la condena judicial y la pena de prisi\u00f3n.<\/span><\/p>\n<p class=\"MsoNormal\"><span>Como viejo abogado me animo a afirmar que Boudou no est\u00e1 bien defendido pol\u00edticamente porque los primero que se quiere salvar es a la Presidenta que lo design\u00f3 y que teme ser salpicada por los hechos investigados; en segundo lugar, al Gobierno que integra \u2013donde casi nadie lo defiende y \u201clos machos del off\u201d lo acusan solapadamente\u2013; y despu\u00e9s, reci\u00e9n, a su persona, que con este orden de prioridades podr\u00eda terminar peregrinando por los tribunales y c\u00e1rceles durante a\u00f1os, como lo hace su ex correligionaria Mar\u00eda Julia Alsogaray; sin el aplauso de La C\u00e1mpora y sufriendo la comparaci\u00f3n con su predecesor Elpidio Gonz\u00e1lez (1922-28), que vivi\u00f3 y muri\u00f3 sus \u00faltimos a\u00f1os en la pobreza, raz\u00f3n por la que el Congreso le concedi\u00f3 una pensi\u00f3n que no acept\u00f3.<\/span><\/p>\n<p class=\"MsoNormal\"><span>Tampoco lo est\u00e1 en los tribunales ya que no se entiende por qu\u00e9: <\/span><\/p>\n<p class=\"MsoNormal\"><!--[if !supportLists]--><span>\u00b7<span> <\/span><\/span><!--[endif]--><span>pidi\u00f3 adelantar la indagatoria; <\/span><\/p>\n<p class=\"MsoNormal\"><!--[if !supportLists]--><span>\u00b7<span> <\/span><\/span><!--[endif]--><span>no solicit\u00f3, antes de declarar, vista del expediente para conocer las pruebas que lo imputaban;<\/span><\/p>\n<p class=\"MsoNormal\"><!--[if !supportLists]--><span>\u00b7<span> <\/span><\/span><!--[endif]--><span>critic\u00f3 y amenaz\u00f3 al juez con recusarlo; <\/span><\/p>\n<p class=\"MsoNormal\"><!--[if !supportLists]--><span>\u00b7<span> <\/span><\/span><!--[endif]--><span>solicit\u00f3 ser indagado ante las c\u00e1maras de la televisi\u00f3n;<\/span><\/p>\n<p class=\"MsoNormal\"><!--[if !supportLists]--><span>\u00b7<span> <\/span><\/span><!--[endif]--><span>requiri\u00f3, y luego desisti\u00f3, de ampliar su indagatoria; y<\/span><\/p>\n<p class=\"MsoNormal\"><!--[if !supportLists]--><span>\u00b7<span> <\/span><\/span><!--[endif]--><span>no refut\u00f3 ante la opini\u00f3n p\u00fablica las pruebas invocadas en las m\u00e1s de 300 p\u00e1ginas de la resoluci\u00f3n que lo proces\u00f3.<\/span><\/p>\n<p class=\"MsoNormal\"><span>Si el primer Vicepresidente de la Naci\u00f3n procesado hubiera renunciado, como bien hizo Spiro Theodore Agnew, su colega norteamericano acusado de cometer delitos en 1973, o al menos hubiera pedido licencia, podr\u00eda haber evitado el esc\u00e1ndalo que hoy le agrava su situaci\u00f3n, la del Gobierno que integra y del pa\u00eds al que representa, dentro y fuera de sus fronteras. Sin dudas afecta el fin del ciclo de la Presidenta, que no ser\u00e1 reelecta, y que padece el s\u00edndrome del \u201cpato cojo\u201d (<em>lame duck<\/em>, como en Gran Breta\u00f1a se le llamaba a los quebrados y en los Estados Unidos a los presidentes que terminan su mandato sin ser reelectos), en un momento que el Gobierno tiene que tomar decisiones claves que comprometen el destino institucional, social, econ\u00f3mico y financiero de los argentinos.<\/span><\/p>\n<p class=\"MsoNormal\"><span> <\/span><\/p>\n<p class=\"MsoNormal\"><span>El autor es abogado, profesor de Derecho Constitucional de la UNC y UCC. Fue diputado de la Naci\u00f3n.<strong><\/strong><\/span><\/p>\n<p class=\"MsoNormal\"><span> <\/span><\/p>\n","protected":false},"excerpt":{"rendered":"<p>La continuidad de Amado Boudou en la Vicepresidencia de la Naci\u00f3n a pesar de su complicada situaci\u00f3n judicial tiene graves consecuencias pol\u00edticas.<\/p>\n","protected":false},"author":3,"featured_media":0,"comment_status":"open","ping_status":"open","sticky":false,"template":"","format":"standard","meta":{"_acf_changed":false,"_jetpack_newsletter_access":"","_jetpack_dont_email_post_to_subs":false,"_jetpack_newsletter_tier_id":0,"_jetpack_memberships_contains_paywalled_content":false,"_jetpack_memberships_contains_paid_content":false,"footnotes":""},"categories":[3,5],"tags":[787,788,842],"class_list":["post-9702","post","type-post","status-publish","format-standard","hentry","category-politica-economia","category-sociedad","tag-boudou","tag-ciccone","tag-procesamiento"],"acf":[],"jetpack_featured_media_url":"","jetpack_sharing_enabled":true,"jetpack_shortlink":"https:\/\/wp.me\/p6FC4i-2wu","_links":{"self":[{"href":"https:\/\/www.revistacriterio.com.ar\/bloginst_new\/index.php?rest_route=\/wp\/v2\/posts\/9702","targetHints":{"allow":["GET"]}}],"collection":[{"href":"https:\/\/www.revistacriterio.com.ar\/bloginst_new\/index.php?rest_route=\/wp\/v2\/posts"}],"about":[{"href":"https:\/\/www.revistacriterio.com.ar\/bloginst_new\/index.php?rest_route=\/wp\/v2\/types\/post"}],"author":[{"embeddable":true,"href":"https:\/\/www.revistacriterio.com.ar\/bloginst_new\/index.php?rest_route=\/wp\/v2\/users\/3"}],"replies":[{"embeddable":true,"href":"https:\/\/www.revistacriterio.com.ar\/bloginst_new\/index.php?rest_route=%2Fwp%2Fv2%2Fcomments&post=9702"}],"version-history":[{"count":0,"href":"https:\/\/www.revistacriterio.com.ar\/bloginst_new\/index.php?rest_route=\/wp\/v2\/posts\/9702\/revisions"}],"wp:attachment":[{"href":"https:\/\/www.revistacriterio.com.ar\/bloginst_new\/index.php?rest_route=%2Fwp%2Fv2%2Fmedia&parent=9702"}],"wp:term":[{"taxonomy":"category","embeddable":true,"href":"https:\/\/www.revistacriterio.com.ar\/bloginst_new\/index.php?rest_route=%2Fwp%2Fv2%2Fcategories&post=9702"},{"taxonomy":"post_tag","embeddable":true,"href":"https:\/\/www.revistacriterio.com.ar\/bloginst_new\/index.php?rest_route=%2Fwp%2Fv2%2Ftags&post=9702"}],"curies":[{"name":"wp","href":"https:\/\/api.w.org\/{rel}","templated":true}]}}