{"id":9720,"date":"2014-09-09T18:57:48","date_gmt":"2014-09-09T21:57:48","guid":{"rendered":"http:\/\/www.revistacriterio.com.ar\/bloginst_new\/?p=9720"},"modified":"2014-09-09T18:57:48","modified_gmt":"2014-09-09T21:57:48","slug":"impresiones-y-reflexiones","status":"publish","type":"post","link":"https:\/\/www.revistacriterio.com.ar\/bloginst_new\/?p=9720","title":{"rendered":"Impresiones y reflexiones"},"content":{"rendered":"<p class=\"MsoNormal\"><span>Rese\u00f1a de Viajes (De la Amazonia a las Malvinas), <\/span>de Beatriz Sarlo (Seix Barral, Buenos Aires, 2014).<!--more--><\/p>\n<p class=\"MsoNormal\">No sucede habitualmente que Beatriz Sarlo se deje descubrir a trav\u00e9s de sus recuerdos personales; ella acostumbra ocuparse con circunspecci\u00f3n de otros argumentos: la literatura y el arte, la pol\u00edtica, la cr\u00edtica social. Sin embargo, acaba de publicar un libro que se presenta como una serie de diarios de viaje. Y para ello recurre tambi\u00e9n a antiguos apuntes o a la memoria, porque comienza narrando las peripecias que desde chica significaban ir todos los veranos con su familia a De\u00e1n Funes, en el norte de C\u00f3rdoba. Para esta porte\u00f1a, esa era la gran experiencia fuera de Buenos Aires, en contacto con el campo y con una Argentina rica en historia. Despu\u00e9s de las p\u00e1ginas introductorias, la autora narra los viajes como mochilera en los a\u00f1os \u201860: joven universitaria en las alturas del noroeste argentino, la puna y sus iglesias, los campesinos y los trabajadores rurales. Despu\u00e9s, Bolivia; previo al violento escenario del Che Guevara. Sigue por Amazonia y el encuentro con las poblaciones de los j\u00edbares. Y ese recorrido concluye como enviada por el diario <em>La Naci\u00f3n<\/em> a las Islas Malvinas en marzo de 2013.<\/p>\n<p class=\"MsoNormal\"><span>Los viajes comienzan con las lecturas (\u201csomos hijos de los viajes de los otros\u201d, escribe). La casualidad y la sorpresa marcan el ritmo del viajero que pretende evitar las propuestas de las convencionales agencias de turismo. Sin embargo, es a partir de Viena y de la iglesia de San Leopoldo (arquitectura de Otto Wagner y vitrales de Koloman Moser) desde donde parte la narraci\u00f3n. No faltan las eruditas referencias \u2013siempre apasionantes en la indagaci\u00f3n de Sarlo\u2013 a Carl Emil Schorske, Adolf Loos, al fil\u00f3sofo veneciano Massimo Cacciari o al cineasta de la <em>Nouvelle Vague<\/em> Jean-Luc Godard y al alem\u00e1n Rainer W. Fassbinder. Cuando no, el recuerdo de Balzac. O ciertas reminiscencias del sur de Italia: la escenogr\u00e1fica y barroca ciudad siciliana de Noto, tan espa\u00f1ola. Personajes como el notable h\u00fangaro Lajos ocupan un lugar cardinal en la memoria afectiva de cuando era chica: \u201cRechazaba el desd\u00e9n aristocr\u00e1tico por los caballos que sent\u00edan los se\u00f1ores distinguidos que hab\u00eda conocido en el ej\u00e9rcito y antes. Con esta est\u00e9tica, Lajos era mi maestro. Su esfuerzo consist\u00eda en evitar la frivolidad\u201d. <\/span><\/p>\n<p class=\"MsoNormal\"><span>Las reflexiones y la investigaci\u00f3n posterior acompa\u00f1an el relato de los viajes, a veces con largas notas al margen que acreditan la preocupaci\u00f3n investigadora de la autora. Las primeras impresiones est\u00e1n, de alguna manera, signadas por la ideolog\u00eda y el esp\u00edritu de la \u00e9poca: los j\u00f3venes argentinos quer\u00edan ser latinoamericanos y viajaban con cierta dosis de idealismo e ingenuidad, cuando no de alegre y suficiente ignorancia. Lo cierto es que no quer\u00edan ser \u201cturistas\u201d, aunque \u2013a pesar de las dificultades de los viajes a pie\u2013 lo eran igualmente. Se sent\u00edan casi peregrinos ateos. Fumaban mucho y no paraban de caminar. Casi no se reconoce ella en las antiguas fotos: \u201c\u00bfQuien era la chica de jeans, borcegu\u00edes y remera roja debajo del anorak tambi\u00e9n rojo, que mir\u00f3 esas im\u00e1genes en San Juan de Oros?\u201d. <\/span><\/p>\n<p class=\"MsoNormal\"><span>Como siempre, la prosa inteligente de Beatriz Sarlo introduce al lector en una interpretaci\u00f3n de los tiempos pol\u00edticos, Che Guevara incluido. Desde las peque\u00f1as representaciones de santos en las capillas de la Puna hasta los encuentros inescrutables en las selvas de Brasil, desde la maestra rural de la Patagonia hasta el viaje como corresponsal a las Malvinas, siempre Sarlo se demuestra una viajera curiosa y apasionada.<\/span><\/p>\n<p class=\"MsoNormal\"><span> <\/span><\/p>\n<p class=\"MsoNormal\"><span> <\/span><\/p>\n","protected":false},"excerpt":{"rendered":"<p>Rese\u00f1a de Viajes (De la Amazonia a las Malvinas), de Beatriz Sarlo (Seix Barral, Buenos Aires, 2014).<\/p>\n","protected":false},"author":3,"featured_media":0,"comment_status":"open","ping_status":"open","sticky":false,"template":"","format":"standard","meta":{"_acf_changed":false,"_jetpack_newsletter_access":"","_jetpack_dont_email_post_to_subs":false,"_jetpack_newsletter_tier_id":0,"_jetpack_memberships_contains_paywalled_content":false,"_jetpack_memberships_contains_paid_content":false,"footnotes":""},"categories":[4],"tags":[142,153],"class_list":["post-9720","post","type-post","status-publish","format-standard","hentry","category-cultura","tag-sarlo","tag-viajes"],"acf":[],"jetpack_featured_media_url":"","jetpack_sharing_enabled":true,"jetpack_shortlink":"https:\/\/wp.me\/p6FC4i-2wM","_links":{"self":[{"href":"https:\/\/www.revistacriterio.com.ar\/bloginst_new\/index.php?rest_route=\/wp\/v2\/posts\/9720","targetHints":{"allow":["GET"]}}],"collection":[{"href":"https:\/\/www.revistacriterio.com.ar\/bloginst_new\/index.php?rest_route=\/wp\/v2\/posts"}],"about":[{"href":"https:\/\/www.revistacriterio.com.ar\/bloginst_new\/index.php?rest_route=\/wp\/v2\/types\/post"}],"author":[{"embeddable":true,"href":"https:\/\/www.revistacriterio.com.ar\/bloginst_new\/index.php?rest_route=\/wp\/v2\/users\/3"}],"replies":[{"embeddable":true,"href":"https:\/\/www.revistacriterio.com.ar\/bloginst_new\/index.php?rest_route=%2Fwp%2Fv2%2Fcomments&post=9720"}],"version-history":[{"count":0,"href":"https:\/\/www.revistacriterio.com.ar\/bloginst_new\/index.php?rest_route=\/wp\/v2\/posts\/9720\/revisions"}],"wp:attachment":[{"href":"https:\/\/www.revistacriterio.com.ar\/bloginst_new\/index.php?rest_route=%2Fwp%2Fv2%2Fmedia&parent=9720"}],"wp:term":[{"taxonomy":"category","embeddable":true,"href":"https:\/\/www.revistacriterio.com.ar\/bloginst_new\/index.php?rest_route=%2Fwp%2Fv2%2Fcategories&post=9720"},{"taxonomy":"post_tag","embeddable":true,"href":"https:\/\/www.revistacriterio.com.ar\/bloginst_new\/index.php?rest_route=%2Fwp%2Fv2%2Ftags&post=9720"}],"curies":[{"name":"wp","href":"https:\/\/api.w.org\/{rel}","templated":true}]}}