{"id":9796,"date":"2014-10-07T10:54:02","date_gmt":"2014-10-07T13:54:02","guid":{"rendered":"http:\/\/www.revistacriterio.com.ar\/bloginst_new\/?p=9796"},"modified":"2014-10-07T10:54:02","modified_gmt":"2014-10-07T13:54:02","slug":"scola-vuelve-y-fellini-tambien","status":"publish","type":"post","link":"https:\/\/www.revistacriterio.com.ar\/bloginst_new\/?p=9796","title":{"rendered":"Scola vuelve (y Fellini tambi\u00e9n)"},"content":{"rendered":"<p class=\"MsoNormal\"><span lang=\"ES-TRAD\"><a href=\"https:\/\/www.revistacriterio.com.ar\/bloginst_new\/wp-content\/uploads\/2014\/10\/que-extrano-llamarse-federico-1.jpg\"><img loading=\"lazy\" decoding=\"async\" class=\"alignleft size-thumbnail wp-image-9797\" title=\"que-extrano-llamarse-federico-1\" src=\"https:\/\/www.revistacriterio.com.ar\/bloginst_new\/wp-content\/uploads\/2014\/10\/que-extrano-llamarse-federico-1-120x120.jpg\" alt=\"que-extrano-llamarse-federico-1\" width=\"120\" height=\"120\" \/><\/a>En 2011, luego de medio siglo de carrera y con films como <em>Un d\u00eda muy particular, Nos hab\u00edamos amado tanto, Feos, sucios y malos, El baile<\/em> y <em>La familia<\/em>, el realizador Ettore Scola hab\u00eda anunciado su retiro. Ya hab\u00eda pasado m\u00e1s de un lustro desde su emotiva incursi\u00f3n por la capital italiana con <em>Gente de Roma, <\/em>y lo hac\u00eda en la convicci\u00f3n de que \u201choy en d\u00eda es el mercado quien toma las decisiones.<!--more--> Antes hab\u00eda m\u00e1s espacio para la autonom\u00eda y la excepci\u00f3n. Los productores tambi\u00e9n estaban dispuestos a correr riesgos y experimentar\u201d. A esto se sumaba lo penoso que, seg\u00fan el director, era la figura de Silvio Berlusconi para su pa\u00eds. Alejado de los sets de filmaci\u00f3n desde la vital experiencia con los personajes m\u00e1s queribles de la m\u00edtica Roma, el m\u00e1s joven de los realizadores de la \u201cvieja guardia\u201d volv\u00eda a tomar contacto con los medios s\u00f3lo en ocasi\u00f3n de despedir a los \u00faltimos grandes de la \u00e9poca de oro del cine italiano, como Dino Risi en 2008 y Mario Monicelli en 2010. <\/span><\/p>\n<p class=\"MsoNormal\"><span lang=\"ES-TRAD\">Pero Scola, afortunadamente, rompi\u00f3 su palabra y lo hizo para homenajear a su brillante amigo y genio del cine, Federico Fellini. Tuvo su presentaci\u00f3n en la Mostra de Venezia de 2013 en coincidencia con el 20 aniversario de la muerte del director de <em>La Strada<\/em> y <em>La Dolce Vita<\/em>. Sin rodeos, manifest\u00f3: \u201cPese a que no se da por vencido, il cavaliere ha recibido algunos mazazos (<em>condenas por fraude fiscal<\/em>) y eso, junto con los 20 a\u00f1os de la muerte de Federico, me decidi\u00f3 a regresar al trabajo\u201d. La pel\u00edcula, cuyo estreno argentino result\u00f3 un fracaso de boleter\u00edas, no debiera ser omitida por ning\u00fan amante del cine dado que es un memorable tributo a un genio del cine y, fundamentalmente, a la memoria de una \u00e9poca extinta. <\/span><\/p>\n<p class=\"MsoNormal\"><span lang=\"ES-TRAD\">Pero <em>Qu\u00e9 extra\u00f1o llamarse Federico<\/em> no es un documental triste ni, mucho menos, melanc\u00f3lico, sino que evoca aquello que el mundo de las computadoras y la era digital han dejado atr\u00e1s: la mirada al \u00e1lbum de fotos de familia. Ese que el abuelo, el t\u00edo mayor o el padre sacaban de tanto en tanto y lo ense\u00f1aban con cari\u00f1o a los m\u00e1s j\u00f3venes, mezclando la mirada tierna al pasado con ricas y siempre risue\u00f1as an\u00e9cdotas. <\/span><\/p>\n<p class=\"MsoNormal\"><span lang=\"ES-TRAD\">Scola forj\u00f3 a los 16 a\u00f1os una amistad con Fellini cuando ambos trabajaban en una revista de comics. De tal forma se permite difuminar los l\u00edmites de la ficci\u00f3n y el documental recurriendo a la mezcla de recreaciones con material de archivo y el precioso juego con escenograf\u00edas en los no menos m\u00edticos estudios de Cinecitt\u00e1. Fue un v\u00ednculo que permit\u00eda a esa generaci\u00f3n de notables cineastas no competir sino cooperar en diferentes proyectos, un di\u00e1logo que inevitablemente suma a otros nombres de esa gran \u00e9poca del cine italiano como Mastroianni, Sordi, Giulietta Masina, Tognazzi y Gassman, pero no con un enfoque nost\u00e1lgico sino como el v\u00edvido fresco de a\u00f1os transcurridos con vitalidad y alegr\u00eda. \u201cSi lo hubiera hecho triste, Federico se hubiera enojado mucho, porque era una persona muy alegre, muy ir\u00f3nica\u201d, confirm\u00f3 en un reportaje Scola. De all\u00ed que, combinado con planos reales del multitudinario funeral, un Fellini de ficci\u00f3n escape perseguido por dos <em>carabinieri<\/em>. El recuerdo no pod\u00eda ser de otro modo, en definitiva s\u00f3lo en alg\u00fan sentido el querido Fellini ha muerto y, en muchos otros, a\u00fan peregrina por la Roma que reuni\u00f3 a tantos de esos talentos del cine. <\/span><\/p>\n","protected":false},"excerpt":{"rendered":"<p>En 2011, luego de medio siglo de carrera y con films como Un d\u00eda muy particular, Nos hab\u00edamos amado tanto, Feos, sucios y malos, El&#8230;<\/p>\n","protected":false},"author":3,"featured_media":0,"comment_status":"open","ping_status":"open","sticky":false,"template":"","format":"standard","meta":{"_acf_changed":false,"_jetpack_newsletter_access":"","_jetpack_dont_email_post_to_subs":false,"_jetpack_newsletter_tier_id":0,"_jetpack_memberships_contains_paywalled_content":false,"_jetpack_memberships_contains_paid_content":false,"footnotes":""},"categories":[4],"tags":[32,98,895,896],"class_list":["post-9796","post","type-post","status-publish","format-standard","hentry","category-cultura","tag-cine","tag-fellini","tag-que-extrano-llamarse-federico","tag-scola"],"acf":[],"jetpack_featured_media_url":"","jetpack_sharing_enabled":true,"jetpack_shortlink":"https:\/\/wp.me\/p6FC4i-2y0","_links":{"self":[{"href":"https:\/\/www.revistacriterio.com.ar\/bloginst_new\/index.php?rest_route=\/wp\/v2\/posts\/9796","targetHints":{"allow":["GET"]}}],"collection":[{"href":"https:\/\/www.revistacriterio.com.ar\/bloginst_new\/index.php?rest_route=\/wp\/v2\/posts"}],"about":[{"href":"https:\/\/www.revistacriterio.com.ar\/bloginst_new\/index.php?rest_route=\/wp\/v2\/types\/post"}],"author":[{"embeddable":true,"href":"https:\/\/www.revistacriterio.com.ar\/bloginst_new\/index.php?rest_route=\/wp\/v2\/users\/3"}],"replies":[{"embeddable":true,"href":"https:\/\/www.revistacriterio.com.ar\/bloginst_new\/index.php?rest_route=%2Fwp%2Fv2%2Fcomments&post=9796"}],"version-history":[{"count":0,"href":"https:\/\/www.revistacriterio.com.ar\/bloginst_new\/index.php?rest_route=\/wp\/v2\/posts\/9796\/revisions"}],"wp:attachment":[{"href":"https:\/\/www.revistacriterio.com.ar\/bloginst_new\/index.php?rest_route=%2Fwp%2Fv2%2Fmedia&parent=9796"}],"wp:term":[{"taxonomy":"category","embeddable":true,"href":"https:\/\/www.revistacriterio.com.ar\/bloginst_new\/index.php?rest_route=%2Fwp%2Fv2%2Fcategories&post=9796"},{"taxonomy":"post_tag","embeddable":true,"href":"https:\/\/www.revistacriterio.com.ar\/bloginst_new\/index.php?rest_route=%2Fwp%2Fv2%2Ftags&post=9796"}],"curies":[{"name":"wp","href":"https:\/\/api.w.org\/{rel}","templated":true}]}}