{"id":9852,"date":"2014-10-30T17:57:53","date_gmt":"2014-10-30T20:57:53","guid":{"rendered":"http:\/\/www.revistacriterio.com.ar\/bloginst_new\/?p=9852"},"modified":"2014-10-30T17:57:53","modified_gmt":"2014-10-30T20:57:53","slug":"capacitacion-sobre-nuevas-formas-de-esclavitud","status":"publish","type":"post","link":"https:\/\/www.revistacriterio.com.ar\/bloginst_new\/?p=9852","title":{"rendered":"Capacitaci\u00f3n sobre nuevas formas de esclavitud"},"content":{"rendered":"<p class=\"MsoNormal\"><span><strong><a href=\"https:\/\/www.revistacriterio.com.ar\/bloginst_new\/wp-content\/uploads\/2014\/10\/marta.jpg\"><img loading=\"lazy\" decoding=\"async\" class=\"alignleft size-thumbnail wp-image-9851\" title=\"marta\" src=\"https:\/\/www.revistacriterio.com.ar\/bloginst_new\/wp-content\/uploads\/2014\/10\/marta-120x120.jpg\" alt=\"marta\" width=\"120\" height=\"120\" \/><\/a>Jornadas de sensibilizaci\u00f3n y fortalecimiento institucional frente al tr\u00e1fico, trata, violencia de g\u00e9nero, abuso y explotaci\u00f3n sexual de ni\u00f1os, ni\u00f1as y adolescentes.<!--more--><\/strong><\/span><\/p>\n<p class=\"MsoNormal\"><span>El viernes 31 de octubre y el s\u00e1bado 1\u00ba de noviembre, en la parroquia Inmaculado Coraz\u00f3n de Mar\u00eda, habr\u00e1 una jornada de capacitaci\u00f3n para instituciones interesadas en prevenir y abordar problemas como el tr\u00e1fico, la violencia hacia las mujeres y el abuso y la explotaci\u00f3n sexual de menores. La jornada ser\u00e1 coordinada por la hermana Martha Pelloni y el equipo Infancia Robada. <\/span><\/p>\n<p class=\"MsoNormal\">Coordinaci\u00f3n: Hna. Martha Pelloni y Equipo \u201cInfancia Robada\u201d<\/p>\n<p class=\"MsoNormal\"><span>Fecha: Viernes 31 de octubre de 16 a 21 y s\u00e1bado 1 de noviembre de 9 a 19. <\/span><\/p>\n<p class=\"MsoNormal\"><span>Lugar: Parroquia Coraz\u00f3n de Mar\u00eda. Misioneros Claretianos. Constituci\u00f3n 1077, CABA. Tel. 4116-8611<\/span><\/p>\n<p class=\"MsoNormal\"><span>Informes e inscripci\u00f3n: <a href=\"mailto:infanciarobadabsas@gmail.com\">infanciarobadabsas@gmail.com<\/a><\/span><\/p>\n<p class=\"MsoNormal\"><span>Actividad gratuita con entrega de certificados de asistencia<\/span><\/p>\n<p class=\"MsoNormal\"><span> <\/span><\/p>\n<p class=\"MsoNormal\"><span>CRONOGRAMA<\/span><\/p>\n<p class=\"Default\"><span> <\/span><\/p>\n<p class=\"Default\"><strong><span>Primer d\u00eda Viernes 31 de Octubre de 2014: <\/span><\/strong><\/p>\n<p class=\"Default\"><span>16 hs: Acreditaci\u00f3n de participantes. <\/span><\/p>\n<p class=\"Default\"><span>16.30 hs: Apertura: Bienvenida a cargo de las Autoridades Locales. <\/span><\/p>\n<p class=\"Default\"><span>16.45 hs: Presentaci\u00f3n de la \u201cRed de Infancia Robada a cargo de la Hna. Martha Pelloni. <\/span><\/p>\n<p class=\"Default\"><span>Objetivos. <\/span><\/p>\n<p class=\"Default\"><span>17 hs: Presentaci\u00f3n de los distintos grupos participantes. <\/span><\/p>\n<p class=\"Default\"><span>17.20 hs: Video sobre Trata, Tr\u00e1fico y Explotaci\u00f3n sexual. Comentarios y preguntas. <\/span><\/p>\n<p class=\"Default\"><span>18 hs: Exposici\u00f3n sobre Trata y Droga .Hna. Martha Pelloni. Video. <\/span><\/p>\n<p class=\"Default\"><span>18.30 hs: Videos sobre Trata, Tr\u00e1fico y Explotaci\u00f3n Sexual. Turismo sexual y pornograf\u00eda. <\/span><\/p>\n<p class=\"Default\"><span>19 hs: Pausa. <\/span><\/p>\n<p class=\"Default\"><span>19.15 hs: Charla a cargo de Sonia S\u00e1nchez: Mujeres en situaci\u00f3n de prostituci\u00f3n. <\/span><\/p>\n<p class=\"Default\"><span>19.45Abolicionismo. Reglamentarismo. Prohibicionismo. Ley Actual de Trata. <\/span><\/p>\n<p class=\"Default\"><span>20.15 hs: Preguntas. Situaciones y Experiencias del lugar. Metodolog\u00eda para proceder en caso de Desapariciones, Secuestros, Enga\u00f1os\u2026Experiencias. <\/span><\/p>\n<p class=\"Default\"><span>Finalizaci\u00f3n del primer d\u00eda. <\/span><\/p>\n<p class=\"Default\"><span> <\/span><\/p>\n<p class=\"Default\"><strong><span>Segundo d\u00eda S\u00e1bado 1 de Noviembre de 2014: <\/span><\/strong><\/p>\n<p class=\"Default\"><span>9.30 hs. Exposici\u00f3n did\u00e1ctica para la visibilizaci\u00f3n y prevenci\u00f3n de la violencia de G\u00e9nero. <\/span><\/p>\n<p class=\"Default\"><span>Trabajadora Social: Graciela Flores. <\/span><\/p>\n<p class=\"Default\"><span>10.30 hs: Pausa caf\u00e9. <\/span><\/p>\n<p class=\"Default\"><span>11 hs. Violencia Familiar. Protecci\u00f3n, prevenci\u00f3n y asistencia a NNYA victimas de Violencia. Video. Nueva Ley de Violencia. Graciela Flores. <\/span><\/p>\n<p class=\"Default\"><span>13 hs. Receso. Almuerzo a la canasta. (TRAER PARA COMPARTIR) <\/span><\/p>\n<p class=\"Default\"><span>14.30 hs Abuso Sexual Infantil. <\/span><\/p>\n<p class=\"Default\"><span>16 hs.hs Video: Derechos del Ni\u00f1o. <\/span><\/p>\n<p class=\"Default\"><span>17 hs. Pausa caf\u00e9. <\/span><\/p>\n<p class=\"Default\"><span>17.15 hs : Pedofilia Campo de Mud\u00e1n. Hna. Martha Pelloni. <\/span><\/p>\n<p class=\"Default\"><span>18.15 hs. Fundamentaci\u00f3n y pautas sobre necesidad de la construcci\u00f3n de un Foro Social de Infancia Robada .Posible Equipo Interdisciplinario de asistencia y contenci\u00f3n a las v\u00edctimas del problema social. Integraci\u00f3n en la Red de Infancia Robada. Formas de funcionamiento. Lectu-ra del Acta de Acuerdo, su compromiso y firmas de los asistentes. <\/span><\/p>\n<p class=\"MsoNormal\"><span>Cierre y entrega de certificados.<\/span><\/p>\n","protected":false},"excerpt":{"rendered":"<p>Jornadas de sensibilizaci\u00f3n y fortalecimiento institucional frente al tr\u00e1fico, trata, violencia de g\u00e9nero, abuso y explotaci\u00f3n sexual de ni\u00f1os, ni\u00f1as y adolescentes.<\/p>\n","protected":false},"author":3,"featured_media":0,"comment_status":"open","ping_status":"open","sticky":false,"template":"","format":"standard","meta":{"_acf_changed":false,"_jetpack_newsletter_access":"","_jetpack_dont_email_post_to_subs":false,"_jetpack_newsletter_tier_id":0,"_jetpack_memberships_contains_paywalled_content":false,"_jetpack_memberships_contains_paid_content":false,"footnotes":""},"categories":[6,5],"tags":[906,907,908,284],"class_list":["post-9852","post","type-post","status-publish","format-standard","hentry","category-nota-tapa","category-sociedad","tag-esclavitud","tag-explotacion","tag-trafico","tag-violencia"],"acf":[],"jetpack_featured_media_url":"","jetpack_sharing_enabled":true,"jetpack_shortlink":"https:\/\/wp.me\/p6FC4i-2yU","_links":{"self":[{"href":"https:\/\/www.revistacriterio.com.ar\/bloginst_new\/index.php?rest_route=\/wp\/v2\/posts\/9852","targetHints":{"allow":["GET"]}}],"collection":[{"href":"https:\/\/www.revistacriterio.com.ar\/bloginst_new\/index.php?rest_route=\/wp\/v2\/posts"}],"about":[{"href":"https:\/\/www.revistacriterio.com.ar\/bloginst_new\/index.php?rest_route=\/wp\/v2\/types\/post"}],"author":[{"embeddable":true,"href":"https:\/\/www.revistacriterio.com.ar\/bloginst_new\/index.php?rest_route=\/wp\/v2\/users\/3"}],"replies":[{"embeddable":true,"href":"https:\/\/www.revistacriterio.com.ar\/bloginst_new\/index.php?rest_route=%2Fwp%2Fv2%2Fcomments&post=9852"}],"version-history":[{"count":0,"href":"https:\/\/www.revistacriterio.com.ar\/bloginst_new\/index.php?rest_route=\/wp\/v2\/posts\/9852\/revisions"}],"wp:attachment":[{"href":"https:\/\/www.revistacriterio.com.ar\/bloginst_new\/index.php?rest_route=%2Fwp%2Fv2%2Fmedia&parent=9852"}],"wp:term":[{"taxonomy":"category","embeddable":true,"href":"https:\/\/www.revistacriterio.com.ar\/bloginst_new\/index.php?rest_route=%2Fwp%2Fv2%2Fcategories&post=9852"},{"taxonomy":"post_tag","embeddable":true,"href":"https:\/\/www.revistacriterio.com.ar\/bloginst_new\/index.php?rest_route=%2Fwp%2Fv2%2Ftags&post=9852"}],"curies":[{"name":"wp","href":"https:\/\/api.w.org\/{rel}","templated":true}]}}