{"id":9896,"date":"2014-11-10T08:00:22","date_gmt":"2014-11-10T11:00:22","guid":{"rendered":"http:\/\/www.revistacriterio.com.ar\/bloginst_new\/?p=9896"},"modified":"2014-11-10T08:00:22","modified_gmt":"2014-11-10T11:00:22","slug":"el-precio-de-la-reunificacion-alemana","status":"publish","type":"post","link":"https:\/\/www.revistacriterio.com.ar\/bloginst_new\/?p=9896","title":{"rendered":"El precio de la reunificaci\u00f3n alemana"},"content":{"rendered":"<p class=\"MsoNormal\"><span><a href=\"https:\/\/www.revistacriterio.com.ar\/bloginst_new\/wp-content\/uploads\/2014\/11\/041114_caidadelmurodeberlindebajodesarrollo.jpg\"><img loading=\"lazy\" decoding=\"async\" class=\"alignleft size-thumbnail wp-image-9897\" title=\"041114_caidadelmurodeberlindebajodesarrollo\" src=\"https:\/\/www.revistacriterio.com.ar\/bloginst_new\/wp-content\/uploads\/2014\/11\/041114_caidadelmurodeberlindebajodesarrollo-120x120.jpg\" alt=\"041114_caidadelmurodeberlindebajodesarrollo\" width=\"120\" height=\"120\" \/><\/a>Testimonio de un embajador argentino a prop\u00f3sito del 25 aniversario de la ca\u00edda del Muro de Berl\u00edn.<!--more--><\/span><\/p>\n<p class=\"MsoNormal\"><a href=\"https:\/\/www.revistacriterio.com.ar\/bloginst_new\/wp-content\/uploads\/2014\/11\/berlin1.jpg\"><img loading=\"lazy\" decoding=\"async\" class=\"alignleft size-medium wp-image-9899\" title=\"WALL CULTURE SHOCK\" src=\"https:\/\/www.revistacriterio.com.ar\/bloginst_new\/wp-content\/uploads\/2014\/11\/berlin1-300x201.jpg\" alt=\"WALL CULTURE SHOCK\" width=\"300\" height=\"201\" \/><\/a> En diciembre de 1986, cuando arrib\u00e9 a Hamburgo para ejercer mi primer puesto en el exterior como C\u00f3nsul Adjunto en esa ciudad, nunca imagin\u00e9 que casi tres a\u00f1os despu\u00e9s, en noviembre de 1989, ser\u00eda testigo de la ca\u00edda del Muro que divid\u00eda en dos la antigua capital de Alemania.<\/p>\n<p class=\"MsoNormal\"><span>El Muro hab\u00eda sido planificado secretamente y levantado durante la noche del 12 de agosto de 1961. Seg\u00fan las autoridades de la Rep\u00fablica Democr\u00e1tica Alemana (RDA), era un \u201cmuro de protecci\u00f3n antifascista\u201d. Sin embargo, dos datos significativos dan cuenta de las paradojas del totalitarismo. El primero en cruzar el Muro sin inconvenientes, en 1961, fue un guardia fronterizo de la RDA, es decir, un oficial del sistema que lo hab\u00eda levantado. El segundo dato es que, aunque la barrera fue ideada para proteger a Alemania Oriental del fascismo,\u00a0 la m\u00e1s notoria entre sus primeras v\u00edctimas de un intento fallido de cruzarlo fue un obrero de la construcci\u00f3n, Peter Fechter, de 18 a\u00f1os. Cuando Fechter intent\u00f3 escalarlo el 17 de agosto de 1962, cerca del Checkpoint Charlie, los guardias dispararon. Cay\u00f3 en el corredor de la muerte del lado Este y qued\u00f3 a la vista de la gente situada en el lado occidental, entre la que se inclu\u00edan periodistas. A pesar de sus gritos, Fechter no recibi\u00f3 ayuda m\u00e9dica de ning\u00fan lado y se desangr\u00f3 hasta morir una hora m\u00e1s tarde. <\/span><\/p>\n<p class=\"MsoNormal\"><span>Antes de levantarse el Muro, desde 1949, uno de cada seis alemanes del Este daba cambio de domicilio a territorio bajo control norteamericano. Seg\u00fan cifras oficiales del sitio de Internet alem\u00e1n <em>Chronik der Mauer<\/em> (Cr\u00f3nica del Muro), al menos 137 personas murieron al intentar cruzar el Muro entre 1961 y 1989, siempre en sentido Este-Oeste, adem\u00e1s de otras 251 personas que murieron al cruzar por la frontera oficial. Esas cifras se desprenden del primer estudio detallado sobre las v\u00edctimas en el Muro realizado durante cuatro a\u00f1os por la Fundaci\u00f3n Muro de Berl\u00edn y el Centro de Investigaci\u00f3n Hist\u00f3rica de Potsdam. Seg\u00fan c\u00e1lculos estimativos, m\u00e1s de 800 personas murieron intentando cruzar la frontera hacia Berl\u00edn Occidental aunque m\u00e1s de 100 mil personas lo intentaron. Muy pocas tuvieron \u00e9xito y no se mencionan a quienes intentaban escapar por el mar B\u00e1ltico.<\/span><\/p>\n<p class=\"MsoNormal\"><span>De los 1.400 kil\u00f3metros de frontera entre las dos Alemanias, el Muro ten\u00eda una longitud de 155 km, de los cuales 12 eran de concreto reforzado, con casi cuatro metros de altura. No s\u00f3lo se erig\u00eda el Muro, sino que hab\u00eda 180 metros de alambradas detr\u00e1s de \u00e9l y una valla electrificada. Se instalaron 14 pasos fronterizos para mercanc\u00edas y ciertas personas, 11.500 soldados y 259 perros para vigilar la frontera, junto con 302 torretas de control.<\/span><\/p>\n<p class=\"MsoNormal\"><span>Como licenciado en Ciencias Pol\u00edticas adhiero al realismo pol\u00edtico y a la primac\u00eda de la comprobaci\u00f3n emp\u00edrica por sobre la construcci\u00f3n ideol\u00f3gica, sin desmerecer, en absoluto, la fuerza movilizadora de las ideas. Por ello he procurado no quedarme nunca con la propaganda de uno u otro lado, sino que he intentado comprobar personalmente, <em>in situ<\/em>, aquello de lo que se habla o escribe. D\u00edas despu\u00e9s de mi llegada a Hamburgo decid\u00ed hacer una excursi\u00f3n a Berl\u00edn. Para conocer la parte oriental me sub\u00ed a un \u00f3mnibus de turismo del lado occidental. La evidente y sobrecogedora diferencia entre ambas partes de la ciudad, comenzando por el aspecto edilicio de la que hab\u00eda sido la imponente capital de toda Alemania de 1871 a 1945, no se borrar\u00e1 nunca de mi memoria.<\/span><\/p>\n<p class=\"MsoNormal\"><span>A\u00f1os despu\u00e9s, en 1993, regres\u00e9 a Alemania en mi segundo puesto en el exterior y estuve en Bonn, donde se encontraba nuestra embajada hasta 1999. En la primera excursi\u00f3n oficial como invitado de las autoridades alemanas conoc\u00ed, con otros colegas extranjeros, parte de los Estados Federados de Turingia y Sajonia-Anhalt, que pertenecieron a la RDA hasta 1990. La visita a lugares hist\u00f3ricos como Weimar, con su monumento a Goethe y Schiller, o la Desau de Walter Gropius, creador del Bauhaus, se complet\u00f3 con la recorrida del campo de concentraci\u00f3n nazi de Buchenwald y de f\u00e1bricas que estaban siendo \u201coccidentalizadas\u201d. El atraso tecnol\u00f3gico de la RDA era abrumador. <\/span><\/p>\n<p class=\"MsoNormal\"><span>M\u00e1s all\u00e1 de los recuerdos personales, este mes nos conduce ineludiblemente a recordar el proceso pol\u00edtico que llev\u00f3 a Alemania desde noviembre de 1989, cuando los alemanes cruzaron el Muro, al 3 de octubre de 1990, cuando se declar\u00f3 oficialmente la reunificaci\u00f3n del pa\u00eds. El precio econ\u00f3mico y social que pag\u00f3 Alemania fue enorme. Desde Hamburgo viv\u00ed todo el proceso, que incluye interesantes aspectos de pol\u00edtica exterior, ya que la reunificaci\u00f3n conllevaba necesariamente el acuerdo de la entonces Uni\u00f3n Sovi\u00e9tica, que con Mihail Gorbachov dio el puntapi\u00e9 inicial, m\u00e1s el visto bueno de los Estados Unidos de Ronald Reagan, la Francia de Fran\u00e7ois Mitterrand y el Reino Unido de Margaret Thatcher, la m\u00e1s renuente de todos. No obstante, aunque intentara resumir el relato de esos once meses, ello es incompatible con el espacio de un art\u00edculo. <\/span><\/p>\n<p class=\"MsoNormal\"><span>Cuando un periodista del semanario en lengua alemana <em>Argentinisches Tageblatt<\/em>, editado el 3 de octubre <\/span><span>\u00faltimo <\/span><span>con motivo del 24 Aniversario de la Reunificaci\u00f3n Alemana, le pregunt\u00f3 en una entrevista al embajador alem\u00e1n en la Argentina, Bernhard Graf von Waldersee,\u00a0 por el elevado precio que hab\u00eda pagado Alemania, \u00e9ste respondi\u00f3 que no le gusta mucho ese t\u00e9rmino y que prefer\u00eda hablar de los costos de la separaci\u00f3n de su pa\u00eds, por los que alg\u00fan d\u00eda se iba a presentar la factura. Al haber recorrido \u201cambas partes\u201d de Alemania durante los nueve a\u00f1os que viv\u00ed entre Hamburgo y Bonn creo comprender lo que quiso decir el embajador von Waldersee. <\/span><\/p>\n<p class=\"MsoNormal\"><span>Hay dos datos de la paradoja hist\u00f3rico-pol\u00edtica relacionados con este tema que quiz\u00e1s no muchos conocen y con los que elijo terminar este modesto aporte. La actual Canciller Federal de Alemania, Angela Merkel, elegida en septiembre de 2013 para cumplir su tercer mandato, vivi\u00f3 la mayor parte de su vida en la RDA. Si bien<em> Frau<\/em> Merkel hab\u00eda nacido en Hamburgo en 1954, a poco de nacer su familia se mud\u00f3 a Templin, a 80 km al norte de Berl\u00edn\u00a0 porque<span> su padre, pastor luterano, fue trasladado all\u00ed. Es decir que Merkel vivi\u00f3 la mayor parte de su vida en la RDA. A<span>dem\u00e1s de <\/span>la primera mujer en ocupar la Canciller\u00eda Federal, es la primera persona de la ex RDA en acceder al m\u00e1ximo cargo pol\u00edtico de Alemania.<\/span><\/span><\/p>\n<p class=\"MsoNormal\"><span>Un caso similar es el del Presidente Federal desde 2012, el pastor luterano Joachim Gauck, nacido en Rostock en 1940. <\/span><span>Gauck, connotado opositor, fue comisionado en los \u00faltimos d\u00edas de la RDA para gestionar los Archivos de la Stasi,<\/span><span> como se conoc\u00eda al Ministerio de la Seguridad del Estado, principal organismo de la represi\u00f3n. Fue confirmado en la Alemania reunificada al frente de estos archivos <span>concernientes a personas y gan\u00f3 reconocimiento como \u201ccazador de miembros de la <em>Stasi<\/em>\u201d, al exponer los cr\u00edmenes cometidos por los antiguos servicios secretos.<\/span><\/span><\/p>\n","protected":false},"excerpt":{"rendered":"<p>Testimonio de un embajador argentino a prop\u00f3sito del 25 aniversario de la ca\u00edda del Muro de Berl\u00edn.<\/p>\n","protected":false},"author":3,"featured_media":0,"comment_status":"open","ping_status":"open","sticky":false,"template":"","format":"standard","meta":{"_acf_changed":false,"_jetpack_newsletter_access":"","_jetpack_dont_email_post_to_subs":false,"_jetpack_newsletter_tier_id":0,"_jetpack_memberships_contains_paywalled_content":false,"_jetpack_memberships_contains_paid_content":false,"footnotes":""},"categories":[5],"tags":[929,930],"class_list":["post-9896","post","type-post","status-publish","format-standard","hentry","category-sociedad","tag-alemania","tag-muro-de-berlin"],"acf":[],"jetpack_featured_media_url":"","jetpack_sharing_enabled":true,"jetpack_shortlink":"https:\/\/wp.me\/p6FC4i-2zC","_links":{"self":[{"href":"https:\/\/www.revistacriterio.com.ar\/bloginst_new\/index.php?rest_route=\/wp\/v2\/posts\/9896","targetHints":{"allow":["GET"]}}],"collection":[{"href":"https:\/\/www.revistacriterio.com.ar\/bloginst_new\/index.php?rest_route=\/wp\/v2\/posts"}],"about":[{"href":"https:\/\/www.revistacriterio.com.ar\/bloginst_new\/index.php?rest_route=\/wp\/v2\/types\/post"}],"author":[{"embeddable":true,"href":"https:\/\/www.revistacriterio.com.ar\/bloginst_new\/index.php?rest_route=\/wp\/v2\/users\/3"}],"replies":[{"embeddable":true,"href":"https:\/\/www.revistacriterio.com.ar\/bloginst_new\/index.php?rest_route=%2Fwp%2Fv2%2Fcomments&post=9896"}],"version-history":[{"count":0,"href":"https:\/\/www.revistacriterio.com.ar\/bloginst_new\/index.php?rest_route=\/wp\/v2\/posts\/9896\/revisions"}],"wp:attachment":[{"href":"https:\/\/www.revistacriterio.com.ar\/bloginst_new\/index.php?rest_route=%2Fwp%2Fv2%2Fmedia&parent=9896"}],"wp:term":[{"taxonomy":"category","embeddable":true,"href":"https:\/\/www.revistacriterio.com.ar\/bloginst_new\/index.php?rest_route=%2Fwp%2Fv2%2Fcategories&post=9896"},{"taxonomy":"post_tag","embeddable":true,"href":"https:\/\/www.revistacriterio.com.ar\/bloginst_new\/index.php?rest_route=%2Fwp%2Fv2%2Ftags&post=9896"}],"curies":[{"name":"wp","href":"https:\/\/api.w.org\/{rel}","templated":true}]}}